{"id":14345,"date":"2025-06-29T08:03:27","date_gmt":"2025-06-29T08:03:27","guid":{"rendered":"https:\/\/www.automakers.cz\/?p=14345"},"modified":"2025-06-29T20:38:55","modified_gmt":"2025-06-29T20:38:55","slug":"cupra-otevira-city-garage-v-mancheteru","status":"publish","type":"post","link":"https:\/\/www.automakers.cz\/?p=14345","title":{"rendered":"CUPRA otev\u00edr\u00e1 City Garage v Manchesteru"},"content":{"rendered":"<p><strong>CUPRA pokra\u010duje v urychlov\u00e1n\u00ed globalizace sv\u00e9 s\u00edt\u011b otev\u0159en\u00edm 12. showroomu CUPRA City Garage, kter\u00fd se nach\u00e1z\u00ed v Manchesteru. Prostory na n\u00e1m\u011bst\u00ed St Ann\u2019s Square, v chr\u00e1n\u011bn\u00e9 pam\u00e1tkov\u00e9 z\u00f3n\u011b,<\/strong><strong>\u00a0jsou prvn\u00edm showroomem City Garage ve Velk\u00e9 Brit\u00e1nii.<\/strong><br \/>\n<!--more--><\/p>\n<p><strong>\u201eCUPRA i nad\u00e1le pokra\u010duje v\u00a0siln\u00e9m r\u016fstu ve Velk\u00e9 Brit\u00e1nie, kter\u00e1 je na\u0161\u00edm t\u0159et\u00edm nejv\u011bt\u0161\u00edm glob\u00e1ln\u00edm trhem,\u201c<\/strong>\u00a0\u0159ekl Sven Schuwirth, \u010dlen p\u0159edstavenstva odpov\u011bdn\u00fd za prodej, marketing a poprodejn\u00ed slu\u017eby zna\u010dky CUPRA.<\/p>\n<p><strong>\u201eOtev\u0159en\u00ed showroomu CUPRA City Garage v Manchesteru je v\u00fdznamn\u00fdm miln\u00edkem v na\u0161\u00ed globaliza\u010dn\u00ed strategii. Je to m\u00edsto, kde m\u016f\u017ee n\u00e1\u0161 Kmen ve Velk\u00e9 Brit\u00e1nii navazovat vztahy, u\u017e\u00edvat si z\u00e1\u017eitky se zna\u010dkou a b\u00fdt sou\u010d\u00e1st\u00ed na\u0161\u00ed cesty. Tato ud\u00e1lost signalizuje za\u010d\u00e1tek nov\u00e9 vzru\u0161uj\u00edc\u00ed kapitoly pro zna\u010dku CUPRA na jednom z na\u0161ich strategicky nejv\u00fdznamn\u011bj\u0161\u00edch trh\u016f.\u201c<\/strong><\/p>\n<p>Manchester City Garage kombinuje estetick\u00e9 pojet\u00ed s m\u00edstn\u00edm vlivem. Na dvou podla\u017e\u00edch tak vznikly prostory, v nich\u017e se snoub\u00ed sportovn\u00ed v\u00fdkony s designem a \u017eivotn\u00edm stylem. Nov\u00e9 m\u00edsto pro setk\u00e1v\u00e1n\u00ed v tomto velkom\u011bst\u011b prezentuje modely CUPRA a n\u00e1v\u0161t\u011bvn\u00edk\u016fm nab\u00edz\u00ed p\u0159\u00edle\u017eitosti k n\u00e1v\u0161t\u011bv\u00e1m akc\u00ed, aktivit\u00e1m pro t\u011blesnou i du\u0161evn\u00ed pohodu nebo exkluzivn\u00edm setk\u00e1n\u00edm v r\u00e1mci programu \u201eCounter Culture\u201c.<\/p>\n<p>V souladu s identitou a silnou kulturou velkom\u011bsta hraje v nov\u00e9m showroomu \u00fast\u0159edn\u00ed roli Chris Princic. Reprezentant um\u011bleck\u00e9ho sm\u011bru mural art p\u0159isp\u011bl um\u011bleck\u00fdm d\u00edlem, v n\u011bm\u017e se zrcadl\u00ed jeho expresivn\u00ed um\u011bleck\u00fd p\u0159\u00edstup. Jeho d\u00edla mohou obdivovat tak\u00e9 n\u00e1v\u0161t\u011bvn\u00edci showroom\u016f CUPRA City Garage v Sydney, Madridu a V\u00eddni.<\/p>\n<p><strong>\u201eManchester proslul\u00fd svou kreativitou a rebelsk\u00fdm duchem zrcadl\u00ed DNA zna\u010dky CUPRA, kter\u00e1 je dynamick\u00e1 a odv\u00e1\u017en\u00e1 a posouv\u00e1 hranice,\u201c <\/strong>\u0159ekl Marcus Gossen, gener\u00e1ln\u00ed \u0159editel import\u00e9ra zna\u010dky CUPRA do Velk\u00e9 Brit\u00e1nie.\u00a0<strong>\u201eV tomto showroomu CUPRA City Garage chceme nab\u00edzet to nejlep\u0161\u00ed z\u00a0Manchesteru \u2013 jeho gastronomii, hudbu, um\u011bn\u00ed a kulturu. Nen\u00ed pochyb o tom, \u017ee se stane nov\u00fdm hotspotem, kde mohou lid\u00e9 objevovat na\u0161i zna\u010dku a \u00fa\u010dastnit se jedine\u010dn\u00fdch akc\u00ed.\u201c<\/strong><\/p>\n<p><img loading=\"lazy\" decoding=\"async\" class=\"alignnone wp-image-14347\" src=\"http:\/\/www.automakers.cz\/wp-content\/uploads\/2025\/06\/CUPRA-opens-first-UK-City-Garage-in-Manchester-2-small-900x600.jpg\" alt=\"\" width=\"1034\" height=\"689\" srcset=\"https:\/\/www.automakers.cz\/wp-content\/uploads\/2025\/06\/CUPRA-opens-first-UK-City-Garage-in-Manchester-2-small-900x600.jpg 900w, https:\/\/www.automakers.cz\/wp-content\/uploads\/2025\/06\/CUPRA-opens-first-UK-City-Garage-in-Manchester-2-small-1024x683.jpg 1024w, https:\/\/www.automakers.cz\/wp-content\/uploads\/2025\/06\/CUPRA-opens-first-UK-City-Garage-in-Manchester-2-small-768x512.jpg 768w, https:\/\/www.automakers.cz\/wp-content\/uploads\/2025\/06\/CUPRA-opens-first-UK-City-Garage-in-Manchester-2-small-1536x1024.jpg 1536w, https:\/\/www.automakers.cz\/wp-content\/uploads\/2025\/06\/CUPRA-opens-first-UK-City-Garage-in-Manchester-2-small-2048x1365.jpg 2048w\" sizes=\"auto, (max-width: 1034px) 100vw, 1034px\" \/><\/p>\n<p>Slavnostn\u00edho \u010dtvrte\u010dn\u00edho otev\u0159en\u00ed se z\u00fa\u010dastnili Sven Schuwirth, Marcus Gossen, C\u00e9cilia Taiebov\u00e1, glob\u00e1ln\u00ed vedouc\u00ed odd\u011blen\u00ed komunikace zna\u010dky CUPRA, a Andy Windsor, gener\u00e1ln\u00ed \u0159editel spole\u010dnosti Want Studios. Tito host\u00e9 byli pozv\u00e1ni tak\u00e9 k panelov\u00e9 diskuzi, kter\u00e1 se zab\u00fdvala t\u00e9matem propojen\u00ed mezi Manchesterem, zna\u010dkou CUPRA a designem. Panelovou diskuzi prov\u00e1zela rozhlasov\u00e1 moder\u00e1torka Victoria Jane.<\/p>\n<p>Showroom v samotn\u00e9m srdci m\u011bsta zve hosty, aby se vz\u00e1jemn\u011b setk\u00e1vali po pr\u00e1ci u drinku a na kulturn\u00edch akc\u00edch. Toto m\u00edsto zachycuje a oslavuje kulturu Manchesteru pohybuj\u00edc\u00ed se mimo ofici\u00e1ln\u00ed r\u00e1mec od akc\u00ed p\u0159ipravovan\u00fdch kur\u00e1tory p\u0159es \u017eiv\u00e9 koncerty a\u017e po um\u011bleck\u00e9 v\u00fdstavy, kter\u00e9 p\u0159itahuj\u00ed pozornost k d\u00edl\u016fm nov\u00e9 generace m\u00edstn\u00edch talentovan\u00fdch um\u011blc\u016f.<\/p>\n<p><strong>CUPRA ve Velk\u00e9 Brit\u00e1nii<\/strong><\/p>\n<p>Velk\u00e1 Brit\u00e1nie sehr\u00e1la kl\u00ed\u010dovou roli pro zachov\u00e1n\u00ed v\u00fdvoje prodeje voz\u016f CUPRA v prvn\u00edm \u010dtvrtlet\u00ed roku 2025. Od ledna do b\u0159ezna dos\u00e1hla CUPRA v\u00edce ne\u017e 10 000 registrac\u00ed, co\u017e je n\u00e1r\u016fst o 44 % v porovn\u00e1n\u00ed se stejn\u00fdm obdob\u00edm p\u0159edchoz\u00edho roku. To p\u0159isp\u011blo k rekordn\u00edmu po\u010dtu 78 000 voz\u016f dodan\u00fdch na cel\u00e9m sv\u011bt\u011b v prvn\u00edch t\u0159ech m\u011bs\u00edc\u00edch leto\u0161n\u00edho roku, co\u017e je dosud nejlep\u0161\u00ed v\u00fdsledek zna\u010dky CUPRA v prvn\u00edm \u010dtvrtlet\u00ed.<\/p>\n<p>Manchester nyn\u00ed roz\u0161i\u0159uje glob\u00e1ln\u00ed p\u0159\u00edtomnost zna\u010dky CUPRA, kter\u00e1 je zastoupena showroomy City Garage ve velkom\u011bstech, jak\u00fdmi jsou Mexiko, Mil\u00e1n, Sydney a Istanbul.<\/p>\n<p>Tato City Garage v Manchesteru byla slavnostn\u011b otev\u0159ena n\u011bkolik t\u00fddn\u016f p\u0159ed bl\u00ed\u017e\u00edc\u00edm se z\u00e1vodem Formule E v Lond\u00fdn\u011b, v n\u011bm\u017e bude Formule E t\u00fdmu CUPRA Kiro usilovat o vav\u0159\u00edny v r\u00e1mci zam\u011b\u0159en\u00ed zna\u010dky na zcela elektrick\u00fd motoristick\u00fd sport.<\/p>\n<p><img loading=\"lazy\" decoding=\"async\" class=\"alignnone wp-image-14348\" src=\"http:\/\/www.automakers.cz\/wp-content\/uploads\/2025\/06\/CUPRA-opens-first-UK-City-Garage-in-Manchester-3-snall-900x600.jpg\" alt=\"\" width=\"983\" height=\"655\" srcset=\"https:\/\/www.automakers.cz\/wp-content\/uploads\/2025\/06\/CUPRA-opens-first-UK-City-Garage-in-Manchester-3-snall-900x600.jpg 900w, https:\/\/www.automakers.cz\/wp-content\/uploads\/2025\/06\/CUPRA-opens-first-UK-City-Garage-in-Manchester-3-snall-1024x683.jpg 1024w, https:\/\/www.automakers.cz\/wp-content\/uploads\/2025\/06\/CUPRA-opens-first-UK-City-Garage-in-Manchester-3-snall-768x512.jpg 768w\" sizes=\"auto, (max-width: 983px) 100vw, 983px\" \/><\/p>\n","protected":false},"excerpt":{"rendered":"<p>CUPRA pokra\u010duje v urychlov\u00e1n\u00ed globalizace sv\u00e9 s\u00edt\u011b otev\u0159en\u00edm 12. showroomu CUPRA City Garage, kter\u00fd se&#8230;<\/p>\n","protected":false},"author":2,"featured_media":14346,"comment_status":"closed","ping_status":"closed","sticky":false,"template":"","format":"standard","meta":{"footnotes":""},"categories":[17,31],"tags":[],"class_list":["post-14345","post","type-post","status-publish","format-standard","has-post-thumbnail","hentry","category-dealeri","category-news"],"_links":{"self":[{"href":"https:\/\/www.automakers.cz\/index.php?rest_route=\/wp\/v2\/posts\/14345","targetHints":{"allow":["GET"]}}],"collection":[{"href":"https:\/\/www.automakers.cz\/index.php?rest_route=\/wp\/v2\/posts"}],"about":[{"href":"https:\/\/www.automakers.cz\/index.php?rest_route=\/wp\/v2\/types\/post"}],"author":[{"embeddable":true,"href":"https:\/\/www.automakers.cz\/index.php?rest_route=\/wp\/v2\/users\/2"}],"replies":[{"embeddable":true,"href":"https:\/\/www.automakers.cz\/index.php?rest_route=%2Fwp%2Fv2%2Fcomments&post=14345"}],"version-history":[{"count":5,"href":"https:\/\/www.automakers.cz\/index.php?rest_route=\/wp\/v2\/posts\/14345\/revisions"}],"predecessor-version":[{"id":14364,"href":"https:\/\/www.automakers.cz\/index.php?rest_route=\/wp\/v2\/posts\/14345\/revisions\/14364"}],"wp:featuredmedia":[{"embeddable":true,"href":"https:\/\/www.automakers.cz\/index.php?rest_route=\/wp\/v2\/media\/14346"}],"wp:attachment":[{"href":"https:\/\/www.automakers.cz\/index.php?rest_route=%2Fwp%2Fv2%2Fmedia&parent=14345"}],"wp:term":[{"taxonomy":"category","embeddable":true,"href":"https:\/\/www.automakers.cz\/index.php?rest_route=%2Fwp%2Fv2%2Fcategories&post=14345"},{"taxonomy":"post_tag","embeddable":true,"href":"https:\/\/www.automakers.cz\/index.php?rest_route=%2Fwp%2Fv2%2Ftags&post=14345"}],"curies":[{"name":"wp","href":"https:\/\/api.w.org\/{rel}","templated":true}]}}