{"id":14373,"date":"2025-06-30T12:30:11","date_gmt":"2025-06-30T12:30:11","guid":{"rendered":"https:\/\/www.automakers.cz\/?p=14373"},"modified":"2025-06-30T12:33:37","modified_gmt":"2025-06-30T12:33:37","slug":"skoda-zahajila-prodej-kushaqu-ve-vietnamu","status":"publish","type":"post","link":"https:\/\/www.automakers.cz\/?p=14373","title":{"rendered":"\u0160koda zah\u00e1jila prodej Kushaqu ve Vietnamu"},"content":{"rendered":"<p><strong>Ve Vietnamu byl zah\u00e1jen prodej modelu \u0160koda Kushaq vyr\u00e1b\u011bn\u00e9ho v m\u00edstn\u00edm z\u00e1vodu. \u0160koda chce t\u011b\u017eit ze synergie s Indi\u00ed, odkud dov\u00e1\u017e\u00ed kompletn\u011b rozlo\u017een\u00e9 sady (CKD) pro fin\u00e1ln\u00ed mont\u00e1\u017e.<\/strong> <!--more--><\/p>\n<p>Vedle modelu Kushaq zahrnuje nab\u00eddka zna\u010dky \u0160koda ve Vietnamu tak\u00e9 SUV Karoq a Kodiaq, dov\u00e1\u017een\u00e1 z Evropy. B\u011bhem p\u0159\u00ed\u0161t\u00edch m\u011bs\u00edc\u016f se lok\u00e1ln\u00ed v\u00fdroba a prodej roz\u0161\u00ed\u0159\u00ed o sedan Slavia, kter\u00fd tak\u00e9 vznikne ze sestav CKD z Indie.<\/p>\n<p>Zku\u0161ebn\u00ed vozy Kushaq najely p\u0159ed zah\u00e1jen\u00edm v\u00fdroby v\u00edce ne\u017e 330 000 kilometr\u016f na r\u016fzn\u00fdch vietnamsk\u00fdch silnic\u00edch a pro\u0161ly rozs\u00e1hl\u00fdm klimatick\u00fdm testov\u00e1n\u00edm, v\u010detn\u011b zkou\u0161ek p\u0159i teplot\u00e1ch od -10 \u00b0C do +42 \u00b0C s vysokou vlhkost\u00ed vzduchu.<\/p>\n<p>Od vstupu zna\u010dky \u0160koda do Vietnamu v z\u00e1\u0159\u00ed 2023 zde bylo otev\u0159eno 15 prodejn\u00edch m\u00edst, v\u010detn\u011b nov\u00e9ho typu showroomu v Hanoji, nazvan\u00e9ho Experience Centre. Dal\u0161\u00ed roz\u0161\u00ed\u0159en\u00ed dealersk\u00e9 s\u00edt\u011b je napl\u00e1nov\u00e1no na tento rok.<\/p>\n<p><img loading=\"lazy\" decoding=\"async\" class=\"alignnone size-medium wp-image-14377\" src=\"http:\/\/www.automakers.cz\/wp-content\/uploads\/2025\/06\/Skoda-Kushaq-sales-launch-in-Vietnam-1_02c1ae6b-900x552.jpg\" alt=\"\" width=\"900\" height=\"552\" \/><\/p>\n","protected":false},"excerpt":{"rendered":"<p>Ve Vietnamu byl zah\u00e1jen prodej modelu \u0160koda Kushaq vyr\u00e1b\u011bn\u00e9ho v m\u00edstn\u00edm z\u00e1vodu. \u0160koda chce t\u011b\u017eit&#8230;<\/p>\n","protected":false},"author":1,"featured_media":14375,"comment_status":"closed","ping_status":"closed","sticky":false,"template":"","format":"standard","meta":{"footnotes":""},"categories":[44,18],"tags":[],"class_list":["post-14373","post","type-post","status-publish","format-standard","has-post-thumbnail","hentry","category-export","category-vyroba"],"_links":{"self":[{"href":"https:\/\/www.automakers.cz\/index.php?rest_route=\/wp\/v2\/posts\/14373","targetHints":{"allow":["GET"]}}],"collection":[{"href":"https:\/\/www.automakers.cz\/index.php?rest_route=\/wp\/v2\/posts"}],"about":[{"href":"https:\/\/www.automakers.cz\/index.php?rest_route=\/wp\/v2\/types\/post"}],"author":[{"embeddable":true,"href":"https:\/\/www.automakers.cz\/index.php?rest_route=\/wp\/v2\/users\/1"}],"replies":[{"embeddable":true,"href":"https:\/\/www.automakers.cz\/index.php?rest_route=%2Fwp%2Fv2%2Fcomments&post=14373"}],"version-history":[{"count":3,"href":"https:\/\/www.automakers.cz\/index.php?rest_route=\/wp\/v2\/posts\/14373\/revisions"}],"predecessor-version":[{"id":14378,"href":"https:\/\/www.automakers.cz\/index.php?rest_route=\/wp\/v2\/posts\/14373\/revisions\/14378"}],"wp:featuredmedia":[{"embeddable":true,"href":"https:\/\/www.automakers.cz\/index.php?rest_route=\/wp\/v2\/media\/14375"}],"wp:attachment":[{"href":"https:\/\/www.automakers.cz\/index.php?rest_route=%2Fwp%2Fv2%2Fmedia&parent=14373"}],"wp:term":[{"taxonomy":"category","embeddable":true,"href":"https:\/\/www.automakers.cz\/index.php?rest_route=%2Fwp%2Fv2%2Fcategories&post=14373"},{"taxonomy":"post_tag","embeddable":true,"href":"https:\/\/www.automakers.cz\/index.php?rest_route=%2Fwp%2Fv2%2Ftags&post=14373"}],"curies":[{"name":"wp","href":"https:\/\/api.w.org\/{rel}","templated":true}]}}