{"id":14383,"date":"2025-07-01T06:35:23","date_gmt":"2025-07-01T06:35:23","guid":{"rendered":"https:\/\/www.automakers.cz\/?p=14383"},"modified":"2025-07-01T06:35:23","modified_gmt":"2025-07-01T06:35:23","slug":"christoph-grun-konci-v-porsche-cr","status":"publish","type":"post","link":"https:\/\/www.automakers.cz\/?p=14383","title":{"rendered":"Christoph Gr\u00fcn kon\u010d\u00ed v Porsche \u010cR"},"content":{"rendered":"<p><strong><b>V Porsche \u010cesk\u00e1 republika skon\u010d\u00ed 1. srpna 2025 <\/b><\/strong><strong><b>dosavadn\u00ed jednatel Christoph Gr\u00fcn, kter\u00fd se p\u0159esouv\u00e1 do \u0160v\u00e9dska, kde p\u0159evezme veden\u00ed tamn\u00ed pobo\u010dky Porsche Holding. Nahrad\u00ed ho mana\u017eer p\u0159ich\u00e1zej\u00edc\u00ed z Bratislavy.<\/b><\/strong><!--more--><\/p>\n<p><strong><b>Nov\u00fdm jednatelem spole\u010dnosti stane <\/b><\/strong><strong><b>Julian Rumswinkel. P<\/b><\/strong>ovede nejv\u011bt\u0161\u00edho import\u00e9ra nov\u00fdch vozidel v \u010cesku spole\u010dn\u011b s dosavadn\u00edm jednatelem Janem Hurtem. Rodil\u00fd N\u011bmec p\u0159ich\u00e1z\u00ed do Prahy z Bratislavy, kde p\u016fsobil jako jednatel Porsche Slovakia.<\/p>\n<p>\u201ePo t\u00e9m\u011b\u0159 desetilet\u00e9m p\u016fsoben\u00ed v <strong>Porsche Holding Salzburg<\/strong>, naposledy jako gener\u00e1ln\u00ed \u0159editel Porsche Slovakia, p\u0159in\u00e1\u0161\u00edm komplexn\u00ed znalosti o \u010dinnosti, \u0159\u00edzen\u00ed a strategick\u00fdch priorit\u00e1ch na\u0161\u00ed skupiny,\u201c \u0159\u00edk\u00e1 Julian Rumswinkel.<\/p>\n<p>\u201eV nov\u00e9 funkci v Porsche \u010cesk\u00e1 republika se zam\u011b\u0159\u00edm na pos\u00edlen\u00ed na\u0161\u00ed pozice na trhu, zlep\u0161en\u00ed z\u00e1kaznick\u00e9 zku\u0161enosti a p\u0159\u00edpravu organizace na budoucnost. Z\u00e1rove\u0148 chci podporovat kulturu zam\u011b\u0159enou na v\u00fdkonnost a lidi, kter\u00e1 na\u0161emu t\u00fdmu umo\u017en\u00ed r\u016fst a inovovat. P\u0159i sv\u00e9m n\u00e1stupu bych r\u00e1d vyj\u00e1d\u0159il up\u0159\u00edmn\u00e9 uzn\u00e1n\u00ed za pevn\u00e9 z\u00e1klady, kter\u00e9 Christoph v uplynul\u00fdch letech vytvo\u0159il, a pop\u0159\u00e1l mu mnoho \u00fasp\u011bch\u016f v jeho nov\u00e9 funkci.\u201c<\/p>\n<p>Ve sv\u00e9 p\u0159edchoz\u00ed kari\u00e9\u0159e Julian Rumswinkel p\u016fsobil mimo jin\u00e9 jako z\u00e1stupce v\u00fdkonn\u00e9ho \u0159editele pro audit Porsche Holding Salzburg, kde vedl glob\u00e1ln\u00ed auditn\u00ed funkce v Evrop\u011b a Ji\u017en\u00ed Americe a dohl\u00ed\u017eel na kl\u00ed\u010dov\u00e9 oblasti v r\u00e1mci holdingu PHS.<\/p>\n<p>Christoph Gr\u00fcn odch\u00e1z\u00ed po t\u00e9m\u011b\u0159 \u010dty\u0159ech letech p\u016fsoben\u00ed v Praze na stejnou pozici do \u0160v\u00e9dska. \u201eProfesionalita, ob\u011btavost a vst\u0159\u00edcnost t\u00fdmu Porsche \u010cesk\u00e1 republika je v\u00fdjime\u010dn\u00e1 a v r\u00e1mci Porsche Holding Salzburg m\u011b\u0159\u00edtkem. Jsem r\u00e1d, \u017ee jsem mohl podpo\u0159it \u00fasp\u011bch spole\u010dnosti s d\u016frazem na to podstatn\u00e9 v podnik\u00e1n\u00ed \u2013 zvy\u0161ov\u00e1n\u00ed efektivity a v\u00fdkonnosti,\u201c hodnot\u00ed sv\u00e9 p\u016fsoben\u00ed Christoph Gr\u00fcn a dod\u00e1v\u00e1: \u201eV Julianovi jsme na\u0161li n\u00e1stupce, kter\u00fd m\u00e1 velk\u00fd drajv v t\u00e9to cest\u011b pokra\u010dovat, a j\u00e1 mu p\u0159eji hodn\u011b \u00fasp\u011bch\u016f. Osobn\u011b mus\u00edm zd\u016fraznit, \u017ee Praha byla pro mou rodinu fantastick\u00fdm domovem. Dv\u011b z na\u0161ich d\u011bt\u00ed se narodily b\u011bhem m\u00e9ho p\u016fsoben\u00ed v \u010cR a samotn\u00e1 kr\u00e1sa m\u011bsta nem\u00e1 obdoby.\u201c<\/p>\n<p><strong>Zdroj: Porsche \u010cR<\/strong><\/p>\n<figure id=\"attachment_14384\" aria-describedby=\"caption-attachment-14384\" style=\"width: 558px\" class=\"wp-caption alignnone\"><img loading=\"lazy\" decoding=\"async\" class=\"size-full wp-image-14384\" src=\"http:\/\/www.automakers.cz\/wp-content\/uploads\/2025\/07\/Julian-Rumswinkel-low.jpg\" alt=\"\" width=\"558\" height=\"838\" \/><figcaption id=\"caption-attachment-14384\" class=\"wp-caption-text\"><strong>Julian Rumswinkel<\/strong><\/figcaption><\/figure>\n","protected":false},"excerpt":{"rendered":"<p>V Porsche \u010cesk\u00e1 republika skon\u010d\u00ed 1. srpna 2025 dosavadn\u00ed jednatel Christoph Gr\u00fcn, kter\u00fd se p\u0159esouv\u00e1&#8230;<\/p>\n","protected":false},"author":1,"featured_media":1542,"comment_status":"closed","ping_status":"closed","sticky":false,"template":"","format":"standard","meta":{"footnotes":""},"categories":[11,6,5],"tags":[],"class_list":["post-14383","post","type-post","status-publish","format-standard","has-post-thumbnail","hentry","category-importeri","category-management","category-personalie"],"_links":{"self":[{"href":"https:\/\/www.automakers.cz\/index.php?rest_route=\/wp\/v2\/posts\/14383","targetHints":{"allow":["GET"]}}],"collection":[{"href":"https:\/\/www.automakers.cz\/index.php?rest_route=\/wp\/v2\/posts"}],"about":[{"href":"https:\/\/www.automakers.cz\/index.php?rest_route=\/wp\/v2\/types\/post"}],"author":[{"embeddable":true,"href":"https:\/\/www.automakers.cz\/index.php?rest_route=\/wp\/v2\/users\/1"}],"replies":[{"embeddable":true,"href":"https:\/\/www.automakers.cz\/index.php?rest_route=%2Fwp%2Fv2%2Fcomments&post=14383"}],"version-history":[{"count":2,"href":"https:\/\/www.automakers.cz\/index.php?rest_route=\/wp\/v2\/posts\/14383\/revisions"}],"predecessor-version":[{"id":14386,"href":"https:\/\/www.automakers.cz\/index.php?rest_route=\/wp\/v2\/posts\/14383\/revisions\/14386"}],"wp:featuredmedia":[{"embeddable":true,"href":"https:\/\/www.automakers.cz\/index.php?rest_route=\/wp\/v2\/media\/1542"}],"wp:attachment":[{"href":"https:\/\/www.automakers.cz\/index.php?rest_route=%2Fwp%2Fv2%2Fmedia&parent=14383"}],"wp:term":[{"taxonomy":"category","embeddable":true,"href":"https:\/\/www.automakers.cz\/index.php?rest_route=%2Fwp%2Fv2%2Fcategories&post=14383"},{"taxonomy":"post_tag","embeddable":true,"href":"https:\/\/www.automakers.cz\/index.php?rest_route=%2Fwp%2Fv2%2Ftags&post=14383"}],"curies":[{"name":"wp","href":"https:\/\/api.w.org\/{rel}","templated":true}]}}