{"id":14388,"date":"2025-07-01T07:45:05","date_gmt":"2025-07-01T07:45:05","guid":{"rendered":"https:\/\/www.automakers.cz\/?p=14388"},"modified":"2025-07-01T07:46:20","modified_gmt":"2025-07-01T07:46:20","slug":"autosap-vyhlasil-viteze-souteze-podnik-roku","status":"publish","type":"post","link":"https:\/\/www.automakers.cz\/?p=14388","title":{"rendered":"AutoSAP vyhl\u00e1sil v\u00edt\u011bze ankety Podnik roku v autopr\u016fmyslu"},"content":{"rendered":"<p><strong>Sdru\u017een\u00ed autopr\u016fmyslu vyhl\u00e1silo v\u00edt\u011bze 27. ro\u010dn\u00edku sout\u011b\u017ee Podnik roku v automobilov\u00e9m pr\u016fmyslu. Ocen\u011bn\u00ed letos z\u00edskalo \u0161est firem, kter\u00e9 v roce 2024 dos\u00e1hly v\u00fdjime\u010dn\u00fdch ekonomick\u00fdch v\u00fdsledk\u016f.<\/strong><!--more--><\/p>\n<p>Slavnostn\u00ed p\u0159ed\u00e1n\u00ed origin\u00e1ln\u00edch sklen\u011bn\u00fdch plastik kon\u011b \u2013 symbolu s\u00edly, energie a pohybu vp\u0159ed \u2013 prob\u011bhlo b\u011bhem ve\u010dera Automotive Leaders Forum 2025 v Praze. Ocen\u011bn\u00fdmi podniky v dan\u00fdch kategori\u00edch a abecedn\u00edm po\u0159ad\u00ed jsou:<\/p>\n<p>\ud83c\udfc6 Kategorie do 250 zam\u011bstnanc\u016f (v abecedn\u00edm po\u0159ad\u00ed):<br \/>\n\u25aa 3M \u010cesko<br \/>\n\u25aa D PLAST<br \/>\n\u25aa TIBERINA Automotive B\u011bl\u00e1<\/p>\n<p>\ud83c\udfc6 Kategorie nad 250 zam\u011bstnanc\u016f (v abecedn\u00edm po\u0159ad\u00ed):<br \/>\n\u25aa Hyundai Motor Manufacturing Czech<br \/>\n\u25aa Magna Exteriors Bohemia<\/p>\n<p>\u25aa \u0160koda Auto<\/p>\n<p>Do sout\u011b\u017ee se letos zapojilo 75 firem. Hodnocen\u00ed prob\u00edhalo na z\u00e1klad\u011b t\u0159\u00ed ekonomick\u00fdch ukazatel\u016f: hospod\u00e1\u0159sk\u00fd v\u00fdsledek p\u0159ed zdan\u011bn\u00edm, p\u0159idan\u00e1 hodnota na pracovn\u00edka a slo\u017een\u00e9 krit\u00e9rium tr\u017eeb.<\/p>\n<p><strong>Zdroj: AutoSAP, Linkedin<\/strong><\/p>\n","protected":false},"excerpt":{"rendered":"<p>Sdru\u017een\u00ed autopr\u016fmyslu vyhl\u00e1silo v\u00edt\u011bze 27. ro\u010dn\u00edku sout\u011b\u017ee Podnik roku v automobilov\u00e9m pr\u016fmyslu. Ocen\u011bn\u00ed letos z\u00edskalo&#8230;<\/p>\n","protected":false},"author":1,"featured_media":14390,"comment_status":"closed","ping_status":"closed","sticky":false,"template":"","format":"standard","meta":{"footnotes":""},"categories":[32,23,26],"tags":[],"class_list":["post-14388","post","type-post","status-publish","format-standard","has-post-thumbnail","hentry","category-ankety","category-dodavatele","category-eventy"],"_links":{"self":[{"href":"https:\/\/www.automakers.cz\/index.php?rest_route=\/wp\/v2\/posts\/14388","targetHints":{"allow":["GET"]}}],"collection":[{"href":"https:\/\/www.automakers.cz\/index.php?rest_route=\/wp\/v2\/posts"}],"about":[{"href":"https:\/\/www.automakers.cz\/index.php?rest_route=\/wp\/v2\/types\/post"}],"author":[{"embeddable":true,"href":"https:\/\/www.automakers.cz\/index.php?rest_route=\/wp\/v2\/users\/1"}],"replies":[{"embeddable":true,"href":"https:\/\/www.automakers.cz\/index.php?rest_route=%2Fwp%2Fv2%2Fcomments&post=14388"}],"version-history":[{"count":5,"href":"https:\/\/www.automakers.cz\/index.php?rest_route=\/wp\/v2\/posts\/14388\/revisions"}],"predecessor-version":[{"id":14395,"href":"https:\/\/www.automakers.cz\/index.php?rest_route=\/wp\/v2\/posts\/14388\/revisions\/14395"}],"wp:featuredmedia":[{"embeddable":true,"href":"https:\/\/www.automakers.cz\/index.php?rest_route=\/wp\/v2\/media\/14390"}],"wp:attachment":[{"href":"https:\/\/www.automakers.cz\/index.php?rest_route=%2Fwp%2Fv2%2Fmedia&parent=14388"}],"wp:term":[{"taxonomy":"category","embeddable":true,"href":"https:\/\/www.automakers.cz\/index.php?rest_route=%2Fwp%2Fv2%2Fcategories&post=14388"},{"taxonomy":"post_tag","embeddable":true,"href":"https:\/\/www.automakers.cz\/index.php?rest_route=%2Fwp%2Fv2%2Ftags&post=14388"}],"curies":[{"name":"wp","href":"https:\/\/api.w.org\/{rel}","templated":true}]}}