{"id":14396,"date":"2025-07-01T08:30:06","date_gmt":"2025-07-01T08:30:06","guid":{"rendered":"https:\/\/www.automakers.cz\/?p=14396"},"modified":"2025-07-03T11:56:45","modified_gmt":"2025-07-03T11:56:45","slug":"cinska-chery-vstoupi-do-ceska-v-zari-importerem-bude-astana","status":"publish","type":"post","link":"https:\/\/www.automakers.cz\/?p=14396","title":{"rendered":"\u010c\u00ednsk\u00e1 Chery vstoup\u00ed do \u010ceska v z\u00e1\u0159\u00ed, import\u00e9rem je Astana Motors"},"content":{"rendered":"<p><strong>\u010c\u00ednsk\u00e1 automobilka Chery uspo\u0159\u00e1dala 30. \u010dervna v polsk\u00e9 Var\u0161av\u011b zahajovac\u00ed event na evropsk\u00e9m trhu. Pro akci zvolila ob\u0159\u00ed televizn\u00ed studio Polsatu na okraji Var\u0161avy a sezvala tam n\u011bkolik stovek novin\u00e1\u0159\u016f.\u00a0\u010casopis Automakers se na tiskov\u00e9 konferenci ptal na pl\u00e1ny automobilky pro \u010desk\u00fd trh<\/strong>.<!--more--><b><\/b><\/p>\n<p>Chery p\u016fsob\u00ed ve v\u00edce ne\u017e 110 zem\u00edch a regionech a jeho vozidly jezd\u00ed p\u0159es 15\u00a0milion\u016f u\u017eivatel\u016f, z toho 4,5 milionu mimo \u010c\u00ednu.<\/p>\n<p>V r\u00e1mci pokra\u010duj\u00edc\u00ed mezin\u00e1rodn\u00ed expanze chce Chery je\u0161t\u011b letos uv\u00e9st na n\u011bkolika evropsk\u00fdch trz\u00edch s\u00e9riov\u00e9 modely rodiny <strong><b>TIGGO<\/b><\/strong> a vy\u0161le tak podle sv\u00fdch mana\u017eer\u016f jasn\u00fd sign\u00e1l o technologick\u00e9 s\u00edle koncernu \u201e<strong><b>Technology-driven Chery<\/b><\/strong>\u201c, p\u0159ipraven\u00e9ho plnit evropsk\u00e9 normy a\u00a0konkurovat tradi\u010dn\u00edm automobilk\u00e1m.<\/p>\n<p><strong>Pro pln\u011bn\u00ed evropsk\u00fdch norem chce Chery vyu\u017e\u00edt spolupr\u00e1ce s celou \u0159adou m\u00edstn\u00edch dodavatel\u016f.<\/strong><\/p>\n<p><img loading=\"lazy\" decoding=\"async\" class=\"alignnone size-medium wp-image-14414\" src=\"http:\/\/www.automakers.cz\/wp-content\/uploads\/2025\/07\/Chery-spoluprace-Evropa-orez-900x451.jpg\" alt=\"\" width=\"900\" height=\"451\" srcset=\"https:\/\/www.automakers.cz\/wp-content\/uploads\/2025\/07\/Chery-spoluprace-Evropa-orez-900x451.jpg 900w, https:\/\/www.automakers.cz\/wp-content\/uploads\/2025\/07\/Chery-spoluprace-Evropa-orez-1024x513.jpg 1024w, https:\/\/www.automakers.cz\/wp-content\/uploads\/2025\/07\/Chery-spoluprace-Evropa-orez-768x385.jpg 768w, https:\/\/www.automakers.cz\/wp-content\/uploads\/2025\/07\/Chery-spoluprace-Evropa-orez-1536x770.jpg 1536w, https:\/\/www.automakers.cz\/wp-content\/uploads\/2025\/07\/Chery-spoluprace-Evropa-orez.jpg 1877w\" sizes=\"auto, (max-width: 900px) 100vw, 900px\" \/><strong>Ne\u00fasp\u011b\u0161n\u00e9 vyjedn\u00e1v\u00e1n\u00ed s Autobinckem<\/strong><\/p>\n<p>V \u010cesk\u00e9 republice, krom\u011b ji\u017e zaveden\u00e9ho prodeje zna\u010dek Omoda a Jaecoo p\u0159es Grand Automotive, vyjedn\u00e1vala doned\u00e1vna Chery o importu voz\u016f se skupinou Autobinck.<\/p>\n<p>Jej\u00ed z\u00e1stupci byli n\u011bkolikr\u00e1t v Praze, \u0161\u00e9fov\u00e9 Autobincku zase let\u011bli do \u010c\u00edny. Nakonec do\u0161lo k podeps\u00e1n\u00ed vz\u00e1jemn\u00e9ho \u201eLetter of Intent\u201c o z\u0159\u00edzen\u00ed dal\u0161\u00edho importu \u010d\u00ednsk\u00fdch vozidel v Praze na Chodovci.<\/p>\n<p>K napln\u011bn\u00ed dohody ale nedo\u0161lo. \u201e\u010c\u00ed\u0148an\u00e9 ve fin\u00e1le po\u017eadovali z na\u0161eho pohledu nere\u00e1ln\u00e9 v\u011bci. Siln\u00fd byl zejm\u00e9na tlak na term\u00edny objedn\u00e1n\u00ed prvn\u00edch aut,\u201c \u0159ekl na\u0161emu \u010dasopisu <strong>Radom\u00edr N\u011bme\u010dek<\/strong> z boardu Autobincku.<\/p>\n<p>\u201eK prodeji nov\u00e9 zna\u010dky je t\u0159eba vybudovat prodejn\u00ed a servisn\u00ed z\u00e1zem\u00ed, to trv\u00e1 n\u011bkolik m\u011bs\u00edc\u016f. Ale \u010c\u00ed\u0148an\u00e9 podm\u00ednili spolupr\u00e1ci okam\u017eit\u00fdm odb\u011brem t\u0159ech stovek voz\u016f. Pro n\u00e1s to bylo neakceptovateln\u00e9,\u201c up\u0159esnil.<\/p>\n<p><img loading=\"lazy\" decoding=\"async\" class=\"alignnone size-medium wp-image-14408\" src=\"http:\/\/www.automakers.cz\/wp-content\/uploads\/2025\/07\/Chery-Tiggo-7-orez-900x507.jpg\" alt=\"\" width=\"900\" height=\"507\" srcset=\"https:\/\/www.automakers.cz\/wp-content\/uploads\/2025\/07\/Chery-Tiggo-7-orez-900x507.jpg 900w, https:\/\/www.automakers.cz\/wp-content\/uploads\/2025\/07\/Chery-Tiggo-7-orez-1024x577.jpg 1024w, https:\/\/www.automakers.cz\/wp-content\/uploads\/2025\/07\/Chery-Tiggo-7-orez-768x433.jpg 768w, https:\/\/www.automakers.cz\/wp-content\/uploads\/2025\/07\/Chery-Tiggo-7-orez-1536x866.jpg 1536w, https:\/\/www.automakers.cz\/wp-content\/uploads\/2025\/07\/Chery-Tiggo-7-orez-1280x720.jpg 1280w, https:\/\/www.automakers.cz\/wp-content\/uploads\/2025\/07\/Chery-Tiggo-7-orez.jpg 1889w\" sizes=\"auto, (max-width: 900px) 100vw, 900px\" \/><strong>Import\u00e9rem do \u010cR bude kaza\u0161sk\u00e1 Astana\u00a0<\/strong><\/p>\n<p>Po Autobincku se pozornost Chery obr\u00e1tila do Kazachst\u00e1nu, kde p\u016fsob\u00ed automobilov\u00e1 skupina <strong>Astana. <\/strong>Krom\u011b domovsk\u00e9ho Kazachst\u00e1nu m\u00e1 na starosti tak\u00e9 Uzbekist\u00e1n a nyn\u00ed j\u00ed \u010dek\u00e1 v\u00fdzva v podob\u011b \u010desk\u00e9ho trhu.<\/p>\n<p><strong><b>&#8222;Chery ofici\u00e1ln\u011b vstoup\u00ed na \u010desk\u00fd trh tiskovou konferenc\u00ed\u00a0 v z\u00e1\u0159\u00ed. Stane se tak na z\u00e1klad\u011b partnersk\u00e9 smlouvy se spole\u010dnost\u00ed Astana Motors. Distribu\u010dn\u00ed dohoda byla podeps\u00e1na 20. \u010dervna,&#8220; \u0159ekl n\u00e1m na var\u0161avsk\u00e9 tiskovce viceprezident automobilky Charlie \u010cang.\u00a0<\/b><\/strong><\/p>\n<p><img loading=\"lazy\" decoding=\"async\" class=\"alignnone size-medium wp-image-14399\" src=\"http:\/\/www.automakers.cz\/wp-content\/uploads\/2025\/07\/Chery-Zhang-tiskovka-Varsava-900x506.jpeg\" alt=\"\" width=\"900\" height=\"506\" srcset=\"https:\/\/www.automakers.cz\/wp-content\/uploads\/2025\/07\/Chery-Zhang-tiskovka-Varsava-900x506.jpeg 900w, https:\/\/www.automakers.cz\/wp-content\/uploads\/2025\/07\/Chery-Zhang-tiskovka-Varsava-1024x576.jpeg 1024w, https:\/\/www.automakers.cz\/wp-content\/uploads\/2025\/07\/Chery-Zhang-tiskovka-Varsava-768x432.jpeg 768w, https:\/\/www.automakers.cz\/wp-content\/uploads\/2025\/07\/Chery-Zhang-tiskovka-Varsava-1536x864.jpeg 1536w, https:\/\/www.automakers.cz\/wp-content\/uploads\/2025\/07\/Chery-Zhang-tiskovka-Varsava-1280x720.jpeg 1280w, https:\/\/www.automakers.cz\/wp-content\/uploads\/2025\/07\/Chery-Zhang-tiskovka-Varsava.jpeg 2048w\" sizes=\"auto, (max-width: 900px) 100vw, 900px\" \/><strong>Prodej ji\u017e na podzim, dva modely<\/strong><\/p>\n<p>Prodej pak m\u00e1 za\u010d\u00edt ji\u017e letos na podzim. Prvn\u00edmi modely dostupn\u00fdmi k n\u00e1kupu budou <strong><b>Chery Tiggo 7<\/b><\/strong>\u00a0a <strong><b>Chery Tiggo 8<\/b><\/strong>\u00a0ve verz\u00edch plug-in hybrid (PHEV) i v klasick\u00e9 benzinov\u00e9 motorizaci.<\/p>\n<p><img loading=\"lazy\" decoding=\"async\" class=\"alignnone size-medium wp-image-14406\" src=\"http:\/\/www.automakers.cz\/wp-content\/uploads\/2025\/07\/Chery-Tiggo-8-orez-900x666.jpg\" alt=\"\" width=\"900\" height=\"666\" srcset=\"https:\/\/www.automakers.cz\/wp-content\/uploads\/2025\/07\/Chery-Tiggo-8-orez-900x666.jpg 900w, https:\/\/www.automakers.cz\/wp-content\/uploads\/2025\/07\/Chery-Tiggo-8-orez-1024x758.jpg 1024w, https:\/\/www.automakers.cz\/wp-content\/uploads\/2025\/07\/Chery-Tiggo-8-orez-768x569.jpg 768w, https:\/\/www.automakers.cz\/wp-content\/uploads\/2025\/07\/Chery-Tiggo-8-orez-1536x1137.jpg 1536w, https:\/\/www.automakers.cz\/wp-content\/uploads\/2025\/07\/Chery-Tiggo-8-orez.jpg 1556w\" sizes=\"auto, (max-width: 900px) 100vw, 900px\" \/>\u201eVstup na \u010desk\u00fd trh je pro na\u0161i spole\u010dnost v\u00fdznamn\u00fdm miln\u00edkem. Vn\u00edm\u00e1me stabiln\u00ed popt\u00e1vku po ekologick\u00fdch a cenov\u011b dostupn\u00fdch vozech a chceme \u010desk\u00fdm z\u00e1kazn\u00edk\u016fm nab\u00eddnout modern\u00ed hybridn\u00ed crossovery, kter\u00e9 spojuj\u00ed \u0161pi\u010dkov\u00e9 technologie, hospod\u00e1rn\u00fd provoz a vysok\u00fd komfort. Na\u0161\u00edm c\u00edlem je pos\u00edlit pozici zna\u010dky Chery prost\u0159ednictv\u00edm \u0159e\u0161en\u00ed, je\u017e odpov\u00eddaj\u00ed aktu\u00e1ln\u00edm pot\u0159eb\u00e1m trhu i\u00a0o\u010dek\u00e1v\u00e1n\u00edm z\u00e1kazn\u00edk\u016f. Jsme si jisti, \u017ee Astana Motors bude spolehliv\u00fdm partnerem p\u0159i napl\u0148ov\u00e1n\u00ed t\u011bchto c\u00edl\u016f v \u010cesk\u00e9 republice,\u201c uvedl <strong><b>Alex \u010cang<\/b><\/strong>, \u0159editel spole\u010dnosti Chery pro \u010ceskou republiku.<\/p>\n<p>Spole\u010dnost <strong><b>Astana Motors<\/b><\/strong> byla podle vyj\u00e1d\u0159en\u00ed Chery zvolena ofici\u00e1ln\u00edm distributorem d\u00edky sv\u00e9 vynikaj\u00edc\u00ed pov\u011bsti a dolo\u017een\u00fdm \u00fasp\u011bch\u016fm p\u0159i uv\u00e1d\u011bn\u00ed nov\u00fdch zna\u010dek na trh. Firmy spolupracuj\u00ed od roku 2021 a pod veden\u00edm Astana Motors se Chery stala nejprod\u00e1van\u011bj\u0161\u00ed \u010d\u00ednskou zna\u010dkou v Kazachst\u00e1nu. \u00dasp\u011bch podpo\u0159ila rozs\u00e1hl\u00e1 s\u00ed\u0165 26 ofici\u00e1ln\u00edch dealerstv\u00ed ve 17 m\u011bstech, nab\u00edzej\u00edc\u00ed sedm modelov\u00fdch \u0159ad.<\/p>\n<p><img loading=\"lazy\" decoding=\"async\" class=\"alignnone size-medium wp-image-14404\" src=\"http:\/\/www.automakers.cz\/wp-content\/uploads\/2025\/07\/Cherry-TK-Varsala-Polsat-orez-900x407.jpg\" alt=\"\" width=\"900\" height=\"407\" srcset=\"https:\/\/www.automakers.cz\/wp-content\/uploads\/2025\/07\/Cherry-TK-Varsala-Polsat-orez-900x407.jpg 900w, https:\/\/www.automakers.cz\/wp-content\/uploads\/2025\/07\/Cherry-TK-Varsala-Polsat-orez-1024x463.jpg 1024w, https:\/\/www.automakers.cz\/wp-content\/uploads\/2025\/07\/Cherry-TK-Varsala-Polsat-orez-768x347.jpg 768w, https:\/\/www.automakers.cz\/wp-content\/uploads\/2025\/07\/Cherry-TK-Varsala-Polsat-orez-1536x695.jpg 1536w, https:\/\/www.automakers.cz\/wp-content\/uploads\/2025\/07\/Cherry-TK-Varsala-Polsat-orez.jpg 1975w\" sizes=\"auto, (max-width: 900px) 100vw, 900px\" \/>\u201eReprezentovat zna\u010dku Chery v srdci Evropy je pro Astana Motors velkou ct\u00ed. Potvrzuje to, \u017ee n\u00e1\u0161 podnikatelsk\u00fd p\u0159\u00edstup spl\u0148uje mezin\u00e1rodn\u00ed standardy. Chery dokazuje, \u017ee inovace a dostupnost mohou j\u00edt ruku v ruce. Sd\u00edl\u00edme tyto hodnoty a\u00a0t\u011b\u0161\u00edme se na jejich prosazov\u00e1n\u00ed na nov\u00fdch trz\u00edch. V Kazachst\u00e1nu jsme \u00fasp\u011b\u0161n\u011b vybudovali zna\u010dku Chery \u2013 od vytv\u00e1\u0159en\u00ed dealersk\u00e9 s\u00edt\u011b a\u017e po spu\u0161t\u011bn\u00ed lok\u00e1ln\u00ed v\u00fdroby. N\u00e1\u0161 t\u00fdm v\u00ed, jak zna\u010dku rozv\u00edjet v nov\u00e9m prost\u0159ed\u00ed, a t\u011b\u0161\u00edme se, \u017ee tyto zku\u0161enosti p\u0159eneseme i do \u010cesk\u00e9 republiky,\u201c uvedl <strong><b>Beknur Nesipbayev<\/b><\/strong>, gener\u00e1ln\u00ed \u0159editel Astana Motors.<\/p>\n<p><strong>Erich Handl, Studio Polsat, Var\u0161ava<\/strong><\/p>\n<p><img loading=\"lazy\" decoding=\"async\" class=\"alignnone size-medium wp-image-14401\" src=\"http:\/\/www.automakers.cz\/wp-content\/uploads\/2025\/07\/Chery-Tiggo-Erich-orez-900x771.jpg\" alt=\"\" width=\"900\" height=\"771\" srcset=\"https:\/\/www.automakers.cz\/wp-content\/uploads\/2025\/07\/Chery-Tiggo-Erich-orez-900x771.jpg 900w, https:\/\/www.automakers.cz\/wp-content\/uploads\/2025\/07\/Chery-Tiggo-Erich-orez-1024x877.jpg 1024w, https:\/\/www.automakers.cz\/wp-content\/uploads\/2025\/07\/Chery-Tiggo-Erich-orez-768x658.jpg 768w, https:\/\/www.automakers.cz\/wp-content\/uploads\/2025\/07\/Chery-Tiggo-Erich-orez.jpg 1152w\" sizes=\"auto, (max-width: 900px) 100vw, 900px\" \/><\/p>\n","protected":false},"excerpt":{"rendered":"<p>\u010c\u00ednsk\u00e1 automobilka Chery uspo\u0159\u00e1dala 30. \u010dervna v polsk\u00e9 Var\u0161av\u011b zahajovac\u00ed event na evropsk\u00e9m trhu. Pro&#8230;<\/p>\n","protected":false},"author":1,"featured_media":14387,"comment_status":"closed","ping_status":"closed","sticky":false,"template":"","format":"standard","meta":{"footnotes":""},"categories":[11,31,73,20],"tags":[101],"class_list":["post-14396","post","type-post","status-publish","format-standard","has-post-thumbnail","hentry","category-importeri","category-news","category-opening","category-tiskovky","tag-tiskove-konference"],"_links":{"self":[{"href":"https:\/\/www.automakers.cz\/index.php?rest_route=\/wp\/v2\/posts\/14396","targetHints":{"allow":["GET"]}}],"collection":[{"href":"https:\/\/www.automakers.cz\/index.php?rest_route=\/wp\/v2\/posts"}],"about":[{"href":"https:\/\/www.automakers.cz\/index.php?rest_route=\/wp\/v2\/types\/post"}],"author":[{"embeddable":true,"href":"https:\/\/www.automakers.cz\/index.php?rest_route=\/wp\/v2\/users\/1"}],"replies":[{"embeddable":true,"href":"https:\/\/www.automakers.cz\/index.php?rest_route=%2Fwp%2Fv2%2Fcomments&post=14396"}],"version-history":[{"count":11,"href":"https:\/\/www.automakers.cz\/index.php?rest_route=\/wp\/v2\/posts\/14396\/revisions"}],"predecessor-version":[{"id":14459,"href":"https:\/\/www.automakers.cz\/index.php?rest_route=\/wp\/v2\/posts\/14396\/revisions\/14459"}],"wp:featuredmedia":[{"embeddable":true,"href":"https:\/\/www.automakers.cz\/index.php?rest_route=\/wp\/v2\/media\/14387"}],"wp:attachment":[{"href":"https:\/\/www.automakers.cz\/index.php?rest_route=%2Fwp%2Fv2%2Fmedia&parent=14396"}],"wp:term":[{"taxonomy":"category","embeddable":true,"href":"https:\/\/www.automakers.cz\/index.php?rest_route=%2Fwp%2Fv2%2Fcategories&post=14396"},{"taxonomy":"post_tag","embeddable":true,"href":"https:\/\/www.automakers.cz\/index.php?rest_route=%2Fwp%2Fv2%2Ftags&post=14396"}],"curies":[{"name":"wp","href":"https:\/\/api.w.org\/{rel}","templated":true}]}}