{"id":144,"date":"2023-11-08T09:17:24","date_gmt":"2023-11-08T09:17:24","guid":{"rendered":"https:\/\/www.automakers.cz\/?p=144"},"modified":"2023-11-08T11:21:22","modified_gmt":"2023-11-08T11:21:22","slug":"e-salon-se-chysta-na-novinarske-dopoledne","status":"publish","type":"post","link":"https:\/\/www.automakers.cz\/?p=144","title":{"rendered":"e-Salon se chyst\u00e1 na novin\u00e1\u0159sk\u00e9 r\u00e1no"},"content":{"rendered":"<div><strong>Veletrh osobn\u00edch a u\u017eitkov\u00fdch automobil\u016f na alternativn\u00ed pohon e-Salon v pra\u017esk\u00fdch Let\u0148anech je p\u0159ipraven na prvn\u00ed hosty, \u010dtvrte\u010dn\u00ed dopoledne bude pat\u0159it zejm\u00e9na tiskov\u00fdm konferenc\u00edm.<br \/>\n<\/strong><\/div>\n<p><!--more--><\/p>\n<p>Porsche \u010cR chyst\u00e1 u\u017e na st\u0159edu tradi\u010dn\u00ed v\u00fdstavn\u00ed Night Session, \u010dtvrtek novin\u00e1\u0159i odstartuj\u00ed sn\u00eddan\u00ed se \u0160kodou Auto, na des\u00e1tou je ohl\u00e1\u0161ena samotn\u00e1 tiskovka zna\u010dky. Dal\u0161\u00ed konference avizovaly v pr\u016fb\u011bhu dopoledne zna\u010dky Opel, Renault a MG.<\/p>\n<figure id=\"attachment_104\" aria-describedby=\"caption-attachment-104\" style=\"width: 300px\" class=\"wp-caption alignnone\"><img loading=\"lazy\" decoding=\"async\" class=\"size-medium wp-image-104\" src=\"http:\/\/www.automakers.cz\/wp-content\/uploads\/2023\/11\/MG-stanek-eSalon-300x200.jpg\" alt=\"\" width=\"300\" height=\"200\" srcset=\"https:\/\/www.automakers.cz\/wp-content\/uploads\/2023\/11\/MG-stanek-eSalon-300x200.jpg 300w, https:\/\/www.automakers.cz\/wp-content\/uploads\/2023\/11\/MG-stanek-eSalon-1024x682.jpg 1024w, https:\/\/www.automakers.cz\/wp-content\/uploads\/2023\/11\/MG-stanek-eSalon-768x512.jpg 768w, https:\/\/www.automakers.cz\/wp-content\/uploads\/2023\/11\/MG-stanek-eSalon.jpg 1280w\" sizes=\"auto, (max-width: 300px) 100vw, 300px\" \/><figcaption id=\"caption-attachment-104\" class=\"wp-caption-text\">Expozice MG bude z\u0159ejm\u011b historicky nejv\u011bt\u0161\u00ed p\u0159ehl\u00eddkou \u010d\u00ednsk\u00fdch aut v \u010cR<\/figcaption><\/figure>\n<p>Z\u00e1stupce tisku l\u00e1kaj\u00ed na sv\u00e9 st\u00e1nky v n\u00e1kladn\u00ed sekci tak\u00e9 Daimler Truck a Scania.<\/p>\n<p>Hostesky na st\u00e1nku \u010cEZ tr\u00e9nuj\u00ed odhalen\u00ed modelu THE 4.<\/p>\n<p><img loading=\"lazy\" decoding=\"async\" class=\"alignnone size-medium wp-image-155\" src=\"http:\/\/www.automakers.cz\/wp-content\/uploads\/2023\/11\/BMW-THE-4-300x200.jpg\" alt=\"\" width=\"300\" height=\"200\" srcset=\"https:\/\/www.automakers.cz\/wp-content\/uploads\/2023\/11\/BMW-THE-4-300x200.jpg 300w, https:\/\/www.automakers.cz\/wp-content\/uploads\/2023\/11\/BMW-THE-4-1024x682.jpg 1024w, https:\/\/www.automakers.cz\/wp-content\/uploads\/2023\/11\/BMW-THE-4-768x512.jpg 768w, https:\/\/www.automakers.cz\/wp-content\/uploads\/2023\/11\/BMW-THE-4.jpg 1280w\" sizes=\"auto, (max-width: 300px) 100vw, 300px\" \/><\/p>\n<p><strong>Co bude na e-Salonu k vid\u011bn\u00ed krom\u011b elektromobil\u016f:<\/strong><\/p>\n<ul>\n<li>\n<div>Sekce elektrokol, elektromotorek a ostatn\u00edch voz\u00edtek na alternativn\u00ed pohon<\/div>\n<\/li>\n<li>\n<div>Nab\u00edjec\u00ed infrastruktura, autonomn\u00ed mobilita, smart cities a dopl\u0148ky a slu\u017eby souvisej\u00edc\u00ed s e-mobilitou<\/div>\n<\/li>\n<li>\n<div>Premi\u00e9ry, novinky, nejnov\u011bj\u0161\u00ed trendy<\/div>\n<\/li>\n<li>\n<div>Doprovodn\u00fd program pro odbornou i \u0161irokou ve\u0159ejnost &#8211; p\u0159edn\u00e1\u0161ky, zku\u0161ebn\u00ed j\u00edzdy, workshopy<\/div>\n<\/li>\n<\/ul>\n<p><strong>Zdroj: e-Salon, archiv<\/strong><\/p>\n<ul>\n<li><img loading=\"lazy\" decoding=\"async\" class=\"alignnone size-medium wp-image-147\" src=\"http:\/\/www.automakers.cz\/wp-content\/uploads\/2023\/11\/Nabijecka-Salon-300x200.jpg\" alt=\"\" width=\"300\" height=\"200\" srcset=\"https:\/\/www.automakers.cz\/wp-content\/uploads\/2023\/11\/Nabijecka-Salon-300x200.jpg 300w, https:\/\/www.automakers.cz\/wp-content\/uploads\/2023\/11\/Nabijecka-Salon-1024x682.jpg 1024w, https:\/\/www.automakers.cz\/wp-content\/uploads\/2023\/11\/Nabijecka-Salon-768x512.jpg 768w, https:\/\/www.automakers.cz\/wp-content\/uploads\/2023\/11\/Nabijecka-Salon.jpg 1280w\" sizes=\"auto, (max-width: 300px) 100vw, 300px\" \/><\/li>\n<\/ul>\n","protected":false},"excerpt":{"rendered":"<p>Veletrh osobn\u00edch a u\u017eitkov\u00fdch automobil\u016f na alternativn\u00ed pohon e-Salon v pra\u017esk\u00fdch Let\u0148anech je p\u0159ipraven na&#8230;<\/p>\n","protected":false},"author":1,"featured_media":148,"comment_status":"open","ping_status":"open","sticky":false,"template":"","format":"standard","meta":{"footnotes":""},"categories":[9,20,8],"tags":[],"class_list":["post-144","post","type-post","status-publish","format-standard","has-post-thumbnail","hentry","category-elektromobily","category-tiskovky","category-vystavy"],"_links":{"self":[{"href":"https:\/\/www.automakers.cz\/index.php?rest_route=\/wp\/v2\/posts\/144","targetHints":{"allow":["GET"]}}],"collection":[{"href":"https:\/\/www.automakers.cz\/index.php?rest_route=\/wp\/v2\/posts"}],"about":[{"href":"https:\/\/www.automakers.cz\/index.php?rest_route=\/wp\/v2\/types\/post"}],"author":[{"embeddable":true,"href":"https:\/\/www.automakers.cz\/index.php?rest_route=\/wp\/v2\/users\/1"}],"replies":[{"embeddable":true,"href":"https:\/\/www.automakers.cz\/index.php?rest_route=%2Fwp%2Fv2%2Fcomments&post=144"}],"version-history":[{"count":12,"href":"https:\/\/www.automakers.cz\/index.php?rest_route=\/wp\/v2\/posts\/144\/revisions"}],"predecessor-version":[{"id":162,"href":"https:\/\/www.automakers.cz\/index.php?rest_route=\/wp\/v2\/posts\/144\/revisions\/162"}],"wp:featuredmedia":[{"embeddable":true,"href":"https:\/\/www.automakers.cz\/index.php?rest_route=\/wp\/v2\/media\/148"}],"wp:attachment":[{"href":"https:\/\/www.automakers.cz\/index.php?rest_route=%2Fwp%2Fv2%2Fmedia&parent=144"}],"wp:term":[{"taxonomy":"category","embeddable":true,"href":"https:\/\/www.automakers.cz\/index.php?rest_route=%2Fwp%2Fv2%2Fcategories&post=144"},{"taxonomy":"post_tag","embeddable":true,"href":"https:\/\/www.automakers.cz\/index.php?rest_route=%2Fwp%2Fv2%2Ftags&post=144"}],"curies":[{"name":"wp","href":"https:\/\/api.w.org\/{rel}","templated":true}]}}