{"id":14422,"date":"2025-07-02T08:55:18","date_gmt":"2025-07-02T08:55:18","guid":{"rendered":"https:\/\/www.automakers.cz\/?p=14422"},"modified":"2025-07-02T08:55:18","modified_gmt":"2025-07-02T08:55:18","slug":"rusko-uvalilo-sankce-na-daimler-truck-ag","status":"publish","type":"post","link":"https:\/\/www.automakers.cz\/?p=14422","title":{"rendered":"Rusko uvalilo sankce na Daimler Truck AG"},"content":{"rendered":"<p><strong><span class=\"highlight-E0id1 highlight-E0M\">Rusko<\/span> uvalilo sankce na nejv\u011bt\u0161\u00edho n\u011bmeck\u00e9ho <span class=\"highlight-E5id0 highlight-E5M\">v\u00fdrobce<\/span> n\u00e1kladn\u00edch vozidel <span class=\"highlight-E1id0 highlight-E4id0 highlight-E1M highlight-E4M\">Daimler<\/span> <span class=\"highlight-E4id0 highlight-E1id0 highlight-E4M highlight-E1M\">Truck<\/span> <span class=\"highlight-E1id0 highlight-E4id0 highlight-E1M highlight-E4M\">AG<\/span>. Vlastn\u00ed zna\u010dky <span class=\"highlight-E1id2 highlight-E1M\">Mercedes-Benz<\/span>, Fuso a Setra.<\/strong><!--more--><\/p>\n<p>V \u00fanoru 2022, na pozad\u00ed zah\u00e1jen\u00ed speci\u00e1ln\u00ed operace na <span class=\"highlight-E0id0 highlight-E0M\">Ukrajin\u011b<\/span>, <span class=\"highlight-E1id0 highlight-E4id0 highlight-E1M highlight-E4M\">Daimler<\/span> <span class=\"highlight-E4id0 highlight-E1id0 highlight-E4M highlight-E1M\">Truck<\/span> ozn\u00e1mil pozastaven\u00ed spolupr\u00e1ce s rusk\u00fdm <span class=\"highlight-E5id0 highlight-E5M\">v\u00fdrobcem<\/span> <span class=\"highlight-E1id1 highlight-E4id0 highlight-E1M highlight-E4M\">KamAZ<\/span>.<\/p>\n<p>Vl\u00e1dn\u00edm org\u00e1n\u016fm je nyn\u00ed zak\u00e1z\u00e1no uzav\u00edrat obchody se spole\u010dnost\u00ed <span class=\"highlight-E4id0 highlight-E1id0 highlight-E4M highlight-E1M\">Daimler<\/span> <span class=\"highlight-E1id0 highlight-E4id0 highlight-E1M highlight-E4M\">Truck<\/span> a jej\u00edmi dce\u0159in\u00fdmi spole\u010dnostmi a spole\u010dnosti je zak\u00e1z\u00e1no vyv\u00e9zt stroje a v\u00fdrobky z <span class=\"highlight-E0id1 highlight-E0M\">Ruska<\/span>.<\/p>\n<p><strong>Zdroj: pravda.cz<\/strong><\/p>\n<p><img loading=\"lazy\" decoding=\"async\" class=\"alignnone size-medium wp-image-1336\" src=\"http:\/\/www.automakers.cz\/wp-content\/uploads\/2024\/01\/Mercedes-Truck-kamiony-900x506.jpg\" alt=\"\" width=\"900\" height=\"506\" \/><\/p>\n<p>&nbsp;<\/p>\n","protected":false},"excerpt":{"rendered":"<p>Rusko uvalilo sankce na nejv\u011bt\u0161\u00edho n\u011bmeck\u00e9ho v\u00fdrobce n\u00e1kladn\u00edch vozidel Daimler Truck AG. Vlastn\u00ed zna\u010dky Mercedes-Benz,&#8230;<\/p>\n","protected":false},"author":1,"featured_media":13928,"comment_status":"closed","ping_status":"closed","sticky":false,"template":"","format":"standard","meta":{"footnotes":""},"categories":[31],"tags":[],"class_list":["post-14422","post","type-post","status-publish","format-standard","has-post-thumbnail","hentry","category-news"],"_links":{"self":[{"href":"https:\/\/www.automakers.cz\/index.php?rest_route=\/wp\/v2\/posts\/14422","targetHints":{"allow":["GET"]}}],"collection":[{"href":"https:\/\/www.automakers.cz\/index.php?rest_route=\/wp\/v2\/posts"}],"about":[{"href":"https:\/\/www.automakers.cz\/index.php?rest_route=\/wp\/v2\/types\/post"}],"author":[{"embeddable":true,"href":"https:\/\/www.automakers.cz\/index.php?rest_route=\/wp\/v2\/users\/1"}],"replies":[{"embeddable":true,"href":"https:\/\/www.automakers.cz\/index.php?rest_route=%2Fwp%2Fv2%2Fcomments&post=14422"}],"version-history":[{"count":1,"href":"https:\/\/www.automakers.cz\/index.php?rest_route=\/wp\/v2\/posts\/14422\/revisions"}],"predecessor-version":[{"id":14423,"href":"https:\/\/www.automakers.cz\/index.php?rest_route=\/wp\/v2\/posts\/14422\/revisions\/14423"}],"wp:featuredmedia":[{"embeddable":true,"href":"https:\/\/www.automakers.cz\/index.php?rest_route=\/wp\/v2\/media\/13928"}],"wp:attachment":[{"href":"https:\/\/www.automakers.cz\/index.php?rest_route=%2Fwp%2Fv2%2Fmedia&parent=14422"}],"wp:term":[{"taxonomy":"category","embeddable":true,"href":"https:\/\/www.automakers.cz\/index.php?rest_route=%2Fwp%2Fv2%2Fcategories&post=14422"},{"taxonomy":"post_tag","embeddable":true,"href":"https:\/\/www.automakers.cz\/index.php?rest_route=%2Fwp%2Fv2%2Ftags&post=14422"}],"curies":[{"name":"wp","href":"https:\/\/api.w.org\/{rel}","templated":true}]}}