{"id":14446,"date":"2025-07-03T11:31:38","date_gmt":"2025-07-03T11:31:38","guid":{"rendered":"https:\/\/www.automakers.cz\/?p=14446"},"modified":"2025-07-06T20:48:55","modified_gmt":"2025-07-06T20:48:55","slug":"astana-motors-hleda-ceske-dealery-pro-chery","status":"publish","type":"post","link":"https:\/\/www.automakers.cz\/?p=14446","title":{"rendered":"Astana Motors hled\u00e1 \u010desk\u00e9 dealery pro Chery (Video)"},"content":{"rendered":"<p><strong>Nov\u00fd import\u00e9r \u010d\u00ednsk\u00e9 zna\u010dky Chery, spole\u010dnost Astana Motors,\u00a0 je v \u010desku v jedn\u00e1n\u00ed s n\u011bkolika dealery. \u010casopisu AUTOmakers to \u0159ekl <b>viceprezident automobilky Charlie \u010cang.\u00a0<\/b><\/strong><!--more--><\/p>\n<p>Chery uspo\u0159\u00e1dala 30. \u010dervna v polsk\u00e9 Var\u0161av\u011b zahajovac\u00ed event na evropsk\u00e9m trhu. Pro akci zvolila ob\u0159\u00ed televizn\u00ed studio Polsatu na okraji Var\u0161avy a sezvala tam n\u011bkolik stovek novin\u00e1\u0159\u016f. \u010casopis Automakers se na tiskov\u00e9 konferenci ptal na pl\u00e1ny automobilky pro \u010desk\u00fd trh.<span id=\"more-14396\"><\/span><\/p>\n<p><iframe loading=\"lazy\"  id=\"_ytid_31955\"  width=\"640\" height=\"360\"  data-origwidth=\"640\" data-origheight=\"360\" src=\"https:\/\/www.youtube.com\/embed\/zY0BLnGhBCY?enablejsapi=1&#038;autoplay=0&#038;cc_load_policy=0&#038;cc_lang_pref=&#038;iv_load_policy=1&#038;loop=0&#038;modestbranding=0&#038;rel=1&#038;fs=1&#038;playsinline=0&#038;autohide=2&#038;theme=dark&#038;color=red&#038;controls=1&#038;\" class=\"__youtube_prefs__  epyt-is-override  no-lazyload\" title=\"YouTube player\"  allow=\"accelerometer; autoplay; clipboard-write; encrypted-media; gyroscope; picture-in-picture\" allowfullscreen data-no-lazy=\"1\" data-skipgform_ajax_framebjll=\"\"><\/iframe><\/p>\n<p><strong><b>\u201eChery ofici\u00e1ln\u011b vstoup\u00ed na \u010desk\u00fd trh tiskovou konferenc\u00ed\u00a0 v z\u00e1\u0159\u00ed. Stane se tak na z\u00e1klad\u011b partnersk\u00e9 smlouvy se spole\u010dnost\u00ed Astana Motors. Distribu\u010dn\u00ed dohoda byla podeps\u00e1na 20. \u010dervna,\u201c \u0159ekl n\u00e1m na var\u0161avsk\u00e9 tiskovce Charlie \u010cang s t\u00edm, \u017ee import\u00e9r je v sou\u010dasnoti v jedn\u00e1n\u00ed s n\u011bkolika \u010desk\u00fdm dealery o mo\u017en\u00e9m prodeji a sevisu vozidel.<\/b><\/strong><\/p>\n<p>Konkr\u00e9tn\u00ed spole\u010dnosti \u010cang nejmenoval, ale z dostupn\u00fdch informac\u00ed je patrn\u00e9, \u017ee nab\u00eddku ke spolupr\u00e1ci dost\u00e1v\u00e1 nyn\u00ed \u0159ada \u010desk\u00fdch prodejc\u016f. Obdr\u017eel ji mimo jin\u00e9 i Autobinck, se kter\u00fdm byla doned\u00e1vna Chery v jedn\u00e1n\u00ed o importn\u00edm zastoupen\u00ed pro \u010cesko.<\/p>\n<p><img loading=\"lazy\" decoding=\"async\" class=\"alignnone size-medium wp-image-14399\" src=\"http:\/\/www.automakers.cz\/wp-content\/uploads\/2025\/07\/Chery-Zhang-tiskovka-Varsava-900x506.jpeg\" alt=\"\" width=\"900\" height=\"506\" srcset=\"https:\/\/www.automakers.cz\/wp-content\/uploads\/2025\/07\/Chery-Zhang-tiskovka-Varsava-900x506.jpeg 900w, https:\/\/www.automakers.cz\/wp-content\/uploads\/2025\/07\/Chery-Zhang-tiskovka-Varsava-1024x576.jpeg 1024w, https:\/\/www.automakers.cz\/wp-content\/uploads\/2025\/07\/Chery-Zhang-tiskovka-Varsava-768x432.jpeg 768w, https:\/\/www.automakers.cz\/wp-content\/uploads\/2025\/07\/Chery-Zhang-tiskovka-Varsava-1536x864.jpeg 1536w, https:\/\/www.automakers.cz\/wp-content\/uploads\/2025\/07\/Chery-Zhang-tiskovka-Varsava-1280x720.jpeg 1280w, https:\/\/www.automakers.cz\/wp-content\/uploads\/2025\/07\/Chery-Zhang-tiskovka-Varsava.jpeg 2048w\" sizes=\"auto, (max-width: 900px) 100vw, 900px\" \/><strong>Astana chce spustit prodeje na podzim<\/strong><\/p>\n<p>Chery p\u016fsob\u00ed ve v\u00edce ne\u017e 110 zem\u00edch a regionech a jeho vozidly jezd\u00ed p\u0159es 15\u00a0milion\u016f u\u017eivatel\u016f, z toho 4,5 milionu mimo \u010c\u00ednu.<\/p>\n<p>V r\u00e1mci pokra\u010duj\u00edc\u00ed mezin\u00e1rodn\u00ed expanze chce Chery je\u0161t\u011b letos uv\u00e9st na n\u011bkolika evropsk\u00fdch trz\u00edch s\u00e9riov\u00e9 modely rodiny <strong><b>TIGGO<\/b><\/strong> a vy\u0161le tak podle sv\u00fdch mana\u017eer\u016f jasn\u00fd sign\u00e1l o technologick\u00e9 s\u00edle koncernu \u201e<strong><b>Technology-driven Chery<\/b><\/strong>\u201c, p\u0159ipraven\u00e9ho plnit evropsk\u00e9 normy a\u00a0konkurovat tradi\u010dn\u00edm automobilk\u00e1m.<\/p>\n<p><strong>Pro pln\u011bn\u00ed evropsk\u00fdch norem chce Chery vyu\u017e\u00edt spolupr\u00e1ce s celou \u0159adou m\u00edstn\u00edch dodavatel\u016f.<\/strong><\/p>\n<p><img loading=\"lazy\" decoding=\"async\" class=\"alignnone size-medium wp-image-14414\" src=\"http:\/\/www.automakers.cz\/wp-content\/uploads\/2025\/07\/Chery-spoluprace-Evropa-orez-900x451.jpg\" sizes=\"auto, (max-width: 900px) 100vw, 900px\" srcset=\"https:\/\/www.automakers.cz\/wp-content\/uploads\/2025\/07\/Chery-spoluprace-Evropa-orez-900x451.jpg 900w, https:\/\/www.automakers.cz\/wp-content\/uploads\/2025\/07\/Chery-spoluprace-Evropa-orez-1024x513.jpg 1024w, https:\/\/www.automakers.cz\/wp-content\/uploads\/2025\/07\/Chery-spoluprace-Evropa-orez-768x385.jpg 768w, https:\/\/www.automakers.cz\/wp-content\/uploads\/2025\/07\/Chery-spoluprace-Evropa-orez-1536x770.jpg 1536w, https:\/\/www.automakers.cz\/wp-content\/uploads\/2025\/07\/Chery-spoluprace-Evropa-orez.jpg 1877w\" alt=\"\" width=\"900\" height=\"451\" \/><\/p>\n<p>\u201eVstup na \u010desk\u00fd trh je pro na\u0161i spole\u010dnost v\u00fdznamn\u00fdm miln\u00edkem. Vn\u00edm\u00e1me stabiln\u00ed popt\u00e1vku po ekologick\u00fdch a cenov\u011b dostupn\u00fdch vozech a chceme \u010desk\u00fdm z\u00e1kazn\u00edk\u016fm nab\u00eddnout modern\u00ed hybridn\u00ed crossovery, kter\u00e9 spojuj\u00ed \u0161pi\u010dkov\u00e9 technologie, hospod\u00e1rn\u00fd provoz a vysok\u00fd komfort. Na\u0161\u00edm c\u00edlem je pos\u00edlit pozici zna\u010dky Chery prost\u0159ednictv\u00edm \u0159e\u0161en\u00ed, je\u017e odpov\u00eddaj\u00ed aktu\u00e1ln\u00edm pot\u0159eb\u00e1m trhu i\u00a0o\u010dek\u00e1v\u00e1n\u00edm z\u00e1kazn\u00edk\u016f. Jsme si jisti, \u017ee Astana Motors bude spolehliv\u00fdm partnerem p\u0159i napl\u0148ov\u00e1n\u00ed t\u011bchto c\u00edl\u016f v \u010cesk\u00e9 republice,\u201c uvedl <strong><b>Alex \u010cang<\/b><\/strong>, \u0159editel spole\u010dnosti Chery pro \u010ceskou republiku.<\/p>\n<p>Spole\u010dnost <strong><b>Astana Motors<\/b><\/strong> byla podle vyj\u00e1d\u0159en\u00ed Chery zvolena ofici\u00e1ln\u00edm distributorem d\u00edky sv\u00e9 vynikaj\u00edc\u00ed pov\u011bsti a dolo\u017een\u00fdm \u00fasp\u011bch\u016fm p\u0159i uv\u00e1d\u011bn\u00ed nov\u00fdch zna\u010dek na trh. Firmy spolupracuj\u00ed od roku 2021 a pod veden\u00edm Astana Motors se Chery stala nejprod\u00e1van\u011bj\u0161\u00ed \u010d\u00ednskou zna\u010dkou v Kazachst\u00e1nu. \u00dasp\u011bch podpo\u0159ila rozs\u00e1hl\u00e1 s\u00ed\u0165 26 ofici\u00e1ln\u00edch dealerstv\u00ed ve 17 m\u011bstech, nab\u00edzej\u00edc\u00ed sedm modelov\u00fdch \u0159ad.<\/p>\n<p><img loading=\"lazy\" decoding=\"async\" class=\"alignnone size-medium wp-image-14387\" src=\"http:\/\/www.automakers.cz\/wp-content\/uploads\/2025\/07\/Chery-Varsava-podium-900x506.jpg\" alt=\"\" width=\"900\" height=\"506\" srcset=\"https:\/\/www.automakers.cz\/wp-content\/uploads\/2025\/07\/Chery-Varsava-podium-900x506.jpg 900w, https:\/\/www.automakers.cz\/wp-content\/uploads\/2025\/07\/Chery-Varsava-podium-1024x576.jpg 1024w, https:\/\/www.automakers.cz\/wp-content\/uploads\/2025\/07\/Chery-Varsava-podium-768x432.jpg 768w, https:\/\/www.automakers.cz\/wp-content\/uploads\/2025\/07\/Chery-Varsava-podium-1536x864.jpg 1536w, https:\/\/www.automakers.cz\/wp-content\/uploads\/2025\/07\/Chery-Varsava-podium-1280x720.jpg 1280w, https:\/\/www.automakers.cz\/wp-content\/uploads\/2025\/07\/Chery-Varsava-podium.jpg 2048w\" sizes=\"auto, (max-width: 900px) 100vw, 900px\" \/>\u201eReprezentovat zna\u010dku Chery v srdci Evropy je pro Astana Motors velkou ct\u00ed. Potvrzuje to, \u017ee n\u00e1\u0161 podnikatelsk\u00fd p\u0159\u00edstup spl\u0148uje mezin\u00e1rodn\u00ed standardy. Chery dokazuje, \u017ee inovace a dostupnost mohou j\u00edt ruku v ruce. Sd\u00edl\u00edme tyto hodnoty a\u00a0t\u011b\u0161\u00edme se na jejich prosazov\u00e1n\u00ed na nov\u00fdch trz\u00edch. V Kazachst\u00e1nu jsme \u00fasp\u011b\u0161n\u011b vybudovali zna\u010dku Chery \u2013 od vytv\u00e1\u0159en\u00ed dealersk\u00e9 s\u00edt\u011b a\u017e po spu\u0161t\u011bn\u00ed lok\u00e1ln\u00ed v\u00fdroby. N\u00e1\u0161 t\u00fdm v\u00ed, jak zna\u010dku rozv\u00edjet v nov\u00e9m prost\u0159ed\u00ed, a t\u011b\u0161\u00edme se, \u017ee tyto zku\u0161enosti p\u0159eneseme i do \u010cesk\u00e9 republiky,\u201c uvedl <strong><b>Beknur Nesipbayev<\/b><\/strong>, gener\u00e1ln\u00ed \u0159editel Astana Motors.<\/p>\n<p><strong>Erich Handl, Studio Polsat, Var\u0161ava<\/strong><\/p>\n<p><img loading=\"lazy\" decoding=\"async\" class=\"alignnone size-medium wp-image-14449\" src=\"http:\/\/www.automakers.cz\/wp-content\/uploads\/2025\/07\/Chery-Astana-Varsava-rozhovor-675x900.jpg\" alt=\"\" width=\"675\" height=\"900\" srcset=\"https:\/\/www.automakers.cz\/wp-content\/uploads\/2025\/07\/Chery-Astana-Varsava-rozhovor-675x900.jpg 675w, https:\/\/www.automakers.cz\/wp-content\/uploads\/2025\/07\/Chery-Astana-Varsava-rozhovor-768x1024.jpg 768w, https:\/\/www.automakers.cz\/wp-content\/uploads\/2025\/07\/Chery-Astana-Varsava-rozhovor-1152x1536.jpg 1152w, https:\/\/www.automakers.cz\/wp-content\/uploads\/2025\/07\/Chery-Astana-Varsava-rozhovor-1024x1365.jpg 1024w, https:\/\/www.automakers.cz\/wp-content\/uploads\/2025\/07\/Chery-Astana-Varsava-rozhovor.jpg 1536w\" sizes=\"auto, (max-width: 675px) 100vw, 675px\" \/><\/p>\n<p>&nbsp;<\/p>\n","protected":false},"excerpt":{"rendered":"<p>Nov\u00fd import\u00e9r \u010d\u00ednsk\u00e9 zna\u010dky Chery, spole\u010dnost Astana Motors,\u00a0 je v \u010desku v jedn\u00e1n\u00ed s n\u011bkolika&#8230;<\/p>\n","protected":false},"author":1,"featured_media":14450,"comment_status":"closed","ping_status":"closed","sticky":false,"template":"","format":"standard","meta":{"footnotes":""},"categories":[59,17,11,20,66],"tags":[],"class_list":["post-14446","post","type-post","status-publish","format-standard","has-post-thumbnail","hentry","category-automakers-tv","category-dealeri","category-importeri","category-tiskovky","category-video"],"_links":{"self":[{"href":"https:\/\/www.automakers.cz\/index.php?rest_route=\/wp\/v2\/posts\/14446","targetHints":{"allow":["GET"]}}],"collection":[{"href":"https:\/\/www.automakers.cz\/index.php?rest_route=\/wp\/v2\/posts"}],"about":[{"href":"https:\/\/www.automakers.cz\/index.php?rest_route=\/wp\/v2\/types\/post"}],"author":[{"embeddable":true,"href":"https:\/\/www.automakers.cz\/index.php?rest_route=\/wp\/v2\/users\/1"}],"replies":[{"embeddable":true,"href":"https:\/\/www.automakers.cz\/index.php?rest_route=%2Fwp%2Fv2%2Fcomments&post=14446"}],"version-history":[{"count":4,"href":"https:\/\/www.automakers.cz\/index.php?rest_route=\/wp\/v2\/posts\/14446\/revisions"}],"predecessor-version":[{"id":14494,"href":"https:\/\/www.automakers.cz\/index.php?rest_route=\/wp\/v2\/posts\/14446\/revisions\/14494"}],"wp:featuredmedia":[{"embeddable":true,"href":"https:\/\/www.automakers.cz\/index.php?rest_route=\/wp\/v2\/media\/14450"}],"wp:attachment":[{"href":"https:\/\/www.automakers.cz\/index.php?rest_route=%2Fwp%2Fv2%2Fmedia&parent=14446"}],"wp:term":[{"taxonomy":"category","embeddable":true,"href":"https:\/\/www.automakers.cz\/index.php?rest_route=%2Fwp%2Fv2%2Fcategories&post=14446"},{"taxonomy":"post_tag","embeddable":true,"href":"https:\/\/www.automakers.cz\/index.php?rest_route=%2Fwp%2Fv2%2Ftags&post=14446"}],"curies":[{"name":"wp","href":"https:\/\/api.w.org\/{rel}","templated":true}]}}