{"id":14465,"date":"2025-07-04T07:31:05","date_gmt":"2025-07-04T07:31:05","guid":{"rendered":"https:\/\/www.automakers.cz\/?p=14465"},"modified":"2025-07-04T07:31:05","modified_gmt":"2025-07-04T07:31:05","slug":"cesky-trh-s-elektromobily-1-6-2025-skoda-v-cele-s-35-tesla-ztraci","status":"publish","type":"post","link":"https:\/\/www.automakers.cz\/?p=14465","title":{"rendered":"\u010cesk\u00fd trh s elektromobily (1-6\/2025): \u0160koda v \u010dele s 35 %, Tesla ztr\u00e1c\u00ed"},"content":{"rendered":"<p class=\"MuiTypography-root MuiTypography-body1 css-1okd8zz\"><strong>K 30. \u010dervnu 2025 jezdilo po \u010desk\u00fdch silnic\u00edch ji\u017e p\u0159es 46,5 tis\u00edc osobn\u00edch bateriov\u00fdch elektromobil\u016f. Jen za prvn\u00edho p\u016flroku p\u0159ibylo 6 910 nov\u011b registrovan\u00fdch vozidel, co\u017e p\u0159edstavuje meziro\u010dn\u00ed n\u00e1r\u016fst o 66 %. Bateriov\u00e9 elektromobily si tak aktu\u00e1ln\u011b dr\u017e\u00ed 5,6% pod\u00edl na trhu s nov\u00fdmi osobn\u00edmi vozidly. <\/strong><!--more--><\/p>\n<p class=\"MuiTypography-root MuiTypography-body1 css-1okd8zz\">\u017deb\u0159\u00ed\u010dku nej\u017e\u00e1dan\u011bj\u0161\u00edch model\u016f v\u00e9vod\u00ed <strong>\u0160koda Elroq<\/strong> s 1 470 registracemi, n\u00e1sledovan\u00e1 modelem <strong>\u0160koda Enyaq<\/strong> (956 registrac\u00ed).<\/p>\n<p class=\"MuiTypography-root MuiTypography-body1 css-1okd8zz\">T\u0159et\u00ed m\u00edsto pat\u0159\u00ed <strong>Tesle Model Y<\/strong>, kter\u00fd si letos po\u0159\u00eddilo 794 z\u00e1kazn\u00edk\u016f. Rostouc\u00ed z\u00e1jem se neomezuje jen na nov\u00e1 auta \u2013 b\u011bhem sledovan\u00e9ho obdob\u00ed bylo do \u010ceska dovezeno tak\u00e9 3 880 ojet\u00fdch elektromobil\u016f, kter\u00e9 nyn\u00ed tvo\u0159\u00ed 5,4 % v\u0161ech dovezen\u00fdch ojetin. Vypl\u00fdv\u00e1 to z aktu\u00e1ln\u00edch dat zve\u0159ejn\u011bn\u00fdch na port\u00e1lu\u00a0<a href=\"https:\/\/www.cistadoprava.cz\/\">cistadoprava.cz<\/a>, kter\u00e1 \u010derpaj\u00ed ze zdrojov\u00fdch dat\u00a0<a href=\"https:\/\/www.cistadoprava.cz\/registrace-bateriovych-elektrickych-vozidel-v-cr\/\">Ministerstva dopravy<\/a>\u00a0a\u00a0<a href=\"https:\/\/www.cistadoprava.cz\/registrace-novych-osobnich-vozidel-v-cr\/\">Svazu dovozc\u016f automobil\u016f<\/a>\u00a0.<\/p>\n<figure id=\"attachment_10360\" aria-describedby=\"caption-attachment-10360\" style=\"width: 900px\" class=\"wp-caption alignnone\"><img loading=\"lazy\" decoding=\"async\" class=\"size-medium wp-image-10360\" src=\"http:\/\/www.automakers.cz\/wp-content\/uploads\/2025\/01\/Skoda-Elroq-Czech-900x600.jpg\" alt=\"\" width=\"900\" height=\"600\" \/><figcaption id=\"caption-attachment-10360\" class=\"wp-caption-text\">\u0160koda Elroq za\u010d\u00edn\u00e1 v tuzemsku por\u00e1\u017eet Teslu, Foto: \u0160koda Auto<\/figcaption><\/figure>\n<p class=\"MuiTypography-root MuiTypography-body1 css-1okd8zz\">V pr\u016fb\u011bhu ledna a\u017e \u010dervna bylo na tuzemsk\u00e9m trhu registrov\u00e1no 122 639 nov\u00fdch osobn\u00edch vozidel (meziro\u010dn\u011b o 2,9 % v\u00edce), z nich 6 910 bylo bateriov\u00fdch elektrick\u00fdch (meziro\u010dn\u011b o 66 % v\u00edce). Bateriov\u00e9 elektromobily byly s pod\u00edlem 5,6 % t\u0159et\u00ed nejobl\u00edben\u011bj\u0161\u00ed z\u00e1kaznickou volbou, nejv\u00edce registrac\u00ed si s 66,9% pod\u00edlem p\u0159ipsaly benz\u00ednov\u00e9 motorizace (meziro\u010dn\u011b +4,2 %), p\u0159ed naftov\u00fdmi s 20,8% pod\u00edlem (meziro\u010dn\u011b -17,3 %), plug-in hybridn\u00ed motorizace dos\u00e1hly pod\u00edlu 4,0 % (meziro\u010dn\u011b +68,9 %), vozidla na zkapaln\u011bn\u00fd ropn\u00fd plyn LPG pak 2,6 % (meziro\u010dn\u011b +40,3 %), registrov\u00e1no bylo 21 vozidel s vod\u00edkov\u00fdm palivov\u00fdm \u010dl\u00e1nkem.<\/p>\n<p class=\"MuiTypography-root MuiTypography-body1 css-1okd8zz\">Nejv\u00fdrazn\u011bj\u0161\u00ed meziro\u010dn\u00ed n\u00e1r\u016fst registrac\u00ed v segmentu bateriov\u00fdch elektromobil\u016f zaznamenala zna\u010dka \u0160koda, kter\u00e1 sv\u00e9 registrace zv\u00fd\u0161ila o 459 %. Tento vysok\u00fd r\u016fst j\u00ed umo\u017enil z\u00edskat tr\u017en\u00ed pod\u00edl 35,1 % a pozici l\u00eddra trhu v dan\u00e9m segmentu. Naopak Tesla, kter\u00e1 byla v lo\u0148sk\u00e9m roce na prvn\u00edm m\u00edst\u011b, vyk\u00e1zala meziro\u010dn\u00ed pokles o 36 %, co\u017e se prom\u00edtlo do sn\u00ed\u017een\u00ed jej\u00edho tr\u017en\u00edho pod\u00edlu z 41,1 % na 15,9 %. V\u00fdrazn\u00fd r\u016fst naopak zaznamenal Volkswagen, kter\u00fd se s n\u00e1r\u016fstem o 172 % dostal na aktu\u00e1ln\u00ed pod\u00edl 7,3 %. Mezi dal\u0161\u00ed zna\u010dky z prvn\u00ed des\u00edtky, kter\u00e9 zaznamenaly meziro\u010dn\u00ed pokles registrac\u00ed, pat\u0159\u00ed Volvo s \u00fabytkem o 37 %.<\/p>\n<p class=\"MuiTypography-root MuiTypography-body1 css-1okd8zz\"><em>\u201eZ hlediska jednotliv\u00fdch model\u016f byla nejregistrovan\u011bj\u0161\u00ed \u0160koda Elroq s 1 470 evidovan\u00fdmi vozidly, na druh\u00e9m m\u00edst\u011b se um\u00edstila \u0160koda Enyaq s 956 registracemi a t\u0159et\u00ed p\u0159\u00ed\u010dku obsadila Tesla Model Y s 794 nov\u00fdmi evidencemi,\u201c<\/em>\u00a0uv\u00e1d\u00ed Jind\u0159ich Fri\u010d, \u0159editel Centra dopravn\u00edho v\u00fdzkumu. Dod\u00e1v\u00e1, \u017ee mezi deseti nejprod\u00e1van\u011bj\u0161\u00edmi bateriov\u00fdmi elektromobily do\u0161lo k poklesu registrac\u00ed u model\u016f Tesla Model Y (-8 %), Tesla Model 3 (-66 %) a Hyundai Kona (-19 %). Zaj\u00edmavost\u00ed je i v\u00fdvoj v oblasti vod\u00edkov\u00fdch vozidel \u2013 v \u010dervnu bylo registrov\u00e1no 20 vozidel Toyota Mirai, co\u017e znamen\u00e1, \u017ee b\u011bhem prvn\u00edho p\u016flroku dos\u00e1hl jejich celkov\u00fd po\u010det nov\u00fdch registrac\u00ed 21 kus\u016f.<\/p>\n<p class=\"MuiTypography-root MuiTypography-body1 css-1okd8zz\">Registrace ostatn\u00edch kategori\u00ed nov\u00fdch bateriov\u00fdch elektromobil\u016f v obdob\u00ed leden-\u010derven 2025:<\/p>\n<ul>\n<li><strong>lehk\u00e1 u\u017eitkov\u00e1 vozidla<\/strong>; (628 voz., meziro\u010dn\u011b +415 voz., tr\u017en\u00ed pod\u00edl 6,5 %)\n<ul>\n<li>Maxus 177 voz., Mercedes-Benz 101 voz., Toyota 81 voz., \u2026<\/li>\n<\/ul>\n<\/li>\n<li><strong>n\u00e1kladn\u00ed automobily<\/strong>; (57 voz., meziro\u010dn\u011b +49 voz., tr\u017en\u00ed pod\u00edl 1,3 %)\n<ul>\n<li>Mercedes-Benz 33 voz., Fuso 6 voz., Toyota 4 voz., \u2026<\/li>\n<\/ul>\n<\/li>\n<li><strong>elektrobusy<\/strong>; (12 voz., meziro\u010dn\u011b 0 voz., tr\u017en\u00ed pod\u00edl 2,8 %)\n<ul>\n<li>MAN 7 voz., Iveco Bus 3 voz., Solaris 2 voz<\/li>\n<\/ul>\n<\/li>\n<\/ul>\n<figure id=\"attachment_10482\" aria-describedby=\"caption-attachment-10482\" style=\"width: 900px\" class=\"wp-caption alignnone\"><img loading=\"lazy\" decoding=\"async\" class=\"size-medium wp-image-10482\" src=\"http:\/\/www.automakers.cz\/wp-content\/uploads\/2025\/01\/Autobus-Bozankaya-900x506.jpeg\" alt=\"\" width=\"900\" height=\"506\" srcset=\"https:\/\/www.automakers.cz\/wp-content\/uploads\/2025\/01\/Autobus-Bozankaya-900x506.jpeg 900w, https:\/\/www.automakers.cz\/wp-content\/uploads\/2025\/01\/Autobus-Bozankaya-1024x576.jpeg 1024w, https:\/\/www.automakers.cz\/wp-content\/uploads\/2025\/01\/Autobus-Bozankaya-768x432.jpeg 768w, https:\/\/www.automakers.cz\/wp-content\/uploads\/2025\/01\/Autobus-Bozankaya-1536x864.jpeg 1536w, https:\/\/www.automakers.cz\/wp-content\/uploads\/2025\/01\/Autobus-Bozankaya-1280x720.jpeg 1280w, https:\/\/www.automakers.cz\/wp-content\/uploads\/2025\/01\/Autobus-Bozankaya.jpeg 1920w\" sizes=\"auto, (max-width: 900px) 100vw, 900px\" \/><figcaption id=\"caption-attachment-10482\" class=\"wp-caption-text\">Ilustra\u010dn\u00ed FOTO: Bozankaya<\/figcaption><\/figure>\n<p class=\"MuiTypography-root MuiTypography-body1 css-1okd8zz\">Centrum dopravn\u00edho v\u00fdzkumu ve spolupr\u00e1ci s Ministerstvem dopravy realizuje\u00a0<a href=\"https:\/\/www.cistadoprava.cz\/tiskove-zpravy\/jak-se-zije-s-elektromobilem-v-cesku-zapojte-se-naseho-pruzkumu\/\">on-line pr\u016fzkum zam\u011b\u0159en\u00fd na praktick\u00e9 zku\u0161enosti u\u017eivatel\u016f bateriov\u00fdch elektromobil\u016f v \u010cesk\u00e9 republice<\/a>. C\u00edlem je z\u00edskat informace o ka\u017edodenn\u00edm pou\u017e\u00edv\u00e1n\u00ed elektromobil\u016f, v\u010detn\u011b zvyklost\u00ed p\u0159i dob\u00edjen\u00ed, vyu\u017e\u00edv\u00e1n\u00ed ve\u0159ejn\u00e9 a neve\u0159ejn\u00e9 infrastruktury. Pr\u016fzkum je anonymn\u00ed, bude prob\u00edhat do 20. \u010dervence 2025 a jeho v\u00fdsledky pomohou p\u0159i pl\u00e1nov\u00e1n\u00ed dal\u0161\u00edho rozvoje elektromobility a dob\u00edjec\u00ed infrastruktury v \u010cesku. Z\u00e1v\u011bry pr\u016fzkumu budou zve\u0159ejn\u011bny na webu \u010cist\u00e1 doprava.<\/p>\n<p class=\"MuiTypography-root MuiTypography-body1 css-1okd8zz\"><strong>Provoz webov\u00fdch str\u00e1nek\u00a0<a href=\"https:\/\/www.cistadoprava.cz\/\">cistadoprava.cz<\/a>\u00a0je realizov\u00e1n za finan\u010dn\u00ed podpory Ministerstva dopravy v r\u00e1mci programu dlouhodob\u00e9ho koncep\u010dn\u00edho rozvoje v\u00fdzkumn\u00fdch organizac\u00ed a Pra\u017esk\u00e9 energetiky, a. s.<\/strong><\/p>\n<p class=\"MuiTypography-root MuiTypography-body1 css-1okd8zz\">Zdroj vstupn\u00edch dat: Ministerstvo dopravy, Svaz dovozc\u016f automobil\u016f<br \/>\nTexty a obr\u00e1zky: Centrum dopravn\u00edho v\u00fdzkumu,\u00a0<a href=\"https:\/\/www.cistadoprava.cz\/\">cistadoprava.cz<\/a><\/p>\n<p class=\"MuiTypography-root MuiTypography-body1 css-1okd8zz\"><strong>Autor: <\/strong>Ing. Luk\u00e1\u0161 Kadula, MBA, Centrum dopravn\u00edho v\u00fdzkumu<\/p>\n","protected":false},"excerpt":{"rendered":"<p>K 30. \u010dervnu 2025 jezdilo po \u010desk\u00fdch silnic\u00edch ji\u017e p\u0159es 46,5 tis\u00edc osobn\u00edch bateriov\u00fdch elektromobil\u016f&#8230;.<\/p>\n","protected":false},"author":1,"featured_media":4025,"comment_status":"closed","ping_status":"closed","sticky":false,"template":"","format":"standard","meta":{"footnotes":""},"categories":[9,48,10],"tags":[],"class_list":["post-14465","post","type-post","status-publish","format-standard","has-post-thumbnail","hentry","category-elektromobily","category-registrace","category-statistika"],"_links":{"self":[{"href":"https:\/\/www.automakers.cz\/index.php?rest_route=\/wp\/v2\/posts\/14465","targetHints":{"allow":["GET"]}}],"collection":[{"href":"https:\/\/www.automakers.cz\/index.php?rest_route=\/wp\/v2\/posts"}],"about":[{"href":"https:\/\/www.automakers.cz\/index.php?rest_route=\/wp\/v2\/types\/post"}],"author":[{"embeddable":true,"href":"https:\/\/www.automakers.cz\/index.php?rest_route=\/wp\/v2\/users\/1"}],"replies":[{"embeddable":true,"href":"https:\/\/www.automakers.cz\/index.php?rest_route=%2Fwp%2Fv2%2Fcomments&post=14465"}],"version-history":[{"count":4,"href":"https:\/\/www.automakers.cz\/index.php?rest_route=\/wp\/v2\/posts\/14465\/revisions"}],"predecessor-version":[{"id":14469,"href":"https:\/\/www.automakers.cz\/index.php?rest_route=\/wp\/v2\/posts\/14465\/revisions\/14469"}],"wp:featuredmedia":[{"embeddable":true,"href":"https:\/\/www.automakers.cz\/index.php?rest_route=\/wp\/v2\/media\/4025"}],"wp:attachment":[{"href":"https:\/\/www.automakers.cz\/index.php?rest_route=%2Fwp%2Fv2%2Fmedia&parent=14465"}],"wp:term":[{"taxonomy":"category","embeddable":true,"href":"https:\/\/www.automakers.cz\/index.php?rest_route=%2Fwp%2Fv2%2Fcategories&post=14465"},{"taxonomy":"post_tag","embeddable":true,"href":"https:\/\/www.automakers.cz\/index.php?rest_route=%2Fwp%2Fv2%2Ftags&post=14465"}],"curies":[{"name":"wp","href":"https:\/\/api.w.org\/{rel}","templated":true}]}}