{"id":14470,"date":"2025-07-04T07:41:04","date_gmt":"2025-07-04T07:41:04","guid":{"rendered":"https:\/\/www.automakers.cz\/?p=14470"},"modified":"2025-07-06T22:11:31","modified_gmt":"2025-07-06T22:11:31","slug":"sda-registrace-aut-vzrostly-v-pololeti-o-287","status":"publish","type":"post","link":"https:\/\/www.automakers.cz\/?p=14470","title":{"rendered":"Registrace aut rostly v pololet\u00ed o 2,87 procenta"},"content":{"rendered":"<p><strong>Prvn\u00ed pololet\u00ed roku 2025 bylo z hlediska prodej\u016f nov\u00fdch osobn\u00edch automobil\u016f v \u010cR i p\u0159es m\u00edrn\u00fd pokles v minul\u00fdch dvou m\u011bs\u00edc\u00edch \u00fasp\u011b\u0161n\u00e9, ozn\u00e1mil ve \u010dtvrtek SDA. Celkov\u00e9 registrace osobn\u00edch aut meziro\u010dn\u011b vzrostly o 2,87 %. Polovinu tvo\u0159\u00ed vozy kategorie SUV. Pod\u00edl nafty op\u011bt m\u00edrn\u011b poklesl na 20,8 %.<\/strong><!--more--><\/p>\n<p>Nad\u00e1le stoup\u00e1 pod\u00edl alternativn\u00edch pohon\u016f, u osobn\u00edch automobil\u016f tvo\u0159\u00ed 34 %. Pod\u00edl \u010dist\u011b elektrick\u00fdch OA dos\u00e1hl 5,63 % (v lo\u0148sk\u00e9m 1. pololet\u00ed to bylo 3,5 %).\u00a0 Po del\u0161\u00ed dob\u011b m\u00edrn\u011b vzrostl po\u010det dov\u00e1\u017een\u00fdch ojet\u00fdch osobn\u00edch voz\u016f. Pod\u00edl paliv zde tvo\u0159\u00ed 46 % benz\u00edn, nafta 44,4 % a \u010dist\u011b elektrick\u00e9 vozy 5,35 %.<\/p>\n<p>Ostatn\u00ed kategorie vozidel zaznamenaly meziro\u010dn\u00ed pokles.<\/p>\n<p>Lehk\u00e9 u\u017eitkov\u00e9 vozy propadly o v\u00edce ne\u017e 20 %. Nejv\u00edce jich registrovaly zna\u010dky Toyota, Ford a Volkswagen. V\u00fdrazn\u011b (t\u00e9m\u011b\u0159 trojn\u00e1sobn\u011b) se zv\u00fd\u0161il po\u010det registrovan\u00fdch \u010dist\u011b elektrick\u00fdch LUV (z 213 na 628 ks) \u2013 jejich pod\u00edl \u010din\u00ed 6,52 % \u2013 nejv\u00edce jich prodaly zn. Maxus, Mercedes-Benz a Toyota.<\/p>\n<p>Registrace motocykl\u016f ve srovn\u00e1n\u00ed s lo\u0148sk\u00fdm rekordn\u00edm rokem poklesly jen m\u00edrn\u011b. Zaj\u00edmav\u00fd je v\u00edce ne\u017e 5% pod\u00edl elektrick\u00fdch motocykl\u016f.<\/p>\n<p><strong>CELKOV\u00dd P\u0158EHLED NOV\u00ddCH REGISTRAC\u00cd SILNI\u010cN\u00cdCH VOZIDEL<\/strong><br \/>\nV obdob\u00ed 1\u20136\/2025 bylo v \u010cR registrov\u00e1no celkem 122 639 nov\u00fdch osobn\u00edch automobil\u016f, 9 636 lehk\u00fdch u\u017eitkov\u00fdch automobil\u016f, 434 autobus\u016f, 4 498 n\u00e1kladn\u00edch vozidel, 15 367 motocykl\u016f. Za stejn\u00e9 obdob\u00ed minul\u00e9ho roku to bylo 119 221 osobn\u00edch automobil\u016f, 12 128 lehk\u00fdch u\u017eitkov\u00fdch automobil\u016f, 634 autobus\u016f, 4 788 n\u00e1kladn\u00edch vozidel a 15 987 motocykl\u016f.<\/p>\n<p><strong>OSOBN\u00cd AUTOMOBILY KATEGORIE M1<\/strong><br \/>\nCelkov\u011b registrace nov\u00fdch osobn\u00edch automobil\u016f v 1. pololet\u00ed 2025 proti stejn\u00e9mu obdob\u00ed roku 2024 vzrostly o 2,87 % (z 119 221 ks na 122 639 ks, tj. o 3 418 ks).<\/p>\n<p>V \u010dervnu registrace meziro\u010dn\u011b klesly o 0,56 %. Pod\u00edl firemn\u00edch vozidel \u010din\u00ed 73,5 %, soukrom\u00fdch 26,5 %.<\/p>\n<p>Prvn\u00ed je zna\u010dka \u0160koda s 42 099 registrovan\u00fdmi osobn\u00edmi automobily (34,33 %), n\u00e1sleduj\u00ed Hyundai \u2013 10 391 ks (8,47 %), Volkswagen \u2013 8 371 ks (6,83 %), Toyota \u2013 8 354 ks (6,81 %), Kia \u2013 5 865 ks (4,78 %), Dacia \u2013 5 364 ks (4,37 %), Mercedes-Benz \u2013 4 224 ks (3,44 %), Ford \u2013 4 154 ks (3,39 %), Renault \u2013 3 484 ks (2,84 %), BMW \u2013 2 980 ks (2,43 %), atd.<\/p>\n<p>Nejprod\u00e1van\u011bj\u0161\u00edm osobn\u00edmi vozem je \u0160koda OCTAVIA s 9 534 ks (7,77 %), n\u00e1sleduje \u0160koda KAMIQ 5 810 ks (4,74 %), \u0160koda KAROQ \u2013 5 629 ks (4,59 %), \u0160koda KODIAQ \u2013 5 457 ks (4,45 %), \u0160koda FABIA 5 165 ks (4,21 %), \u0160koda SCALA \u2013 4 596 ks (3,75 %), Hyundai i30 \u2013 3 867 ks (3,15 %), \u0160koda SUPERB 3 432 ks (2,80 %), Hyundai TUCSON \u2013 3 239 ks (2,64 %), Kia<br \/>\nCEED \u2013 3 193 ks (2,60 %), atd.<\/p>\n<p>Z pohledu obchodn\u00edch t\u0159\u00edd jsou na prvn\u00edm m\u00edst\u011b SUV s 61 320 registrovan\u00fdmi automobily (50,00 %), na druh\u00e9m<br \/>\nm\u00edst\u011b jsou vozy ni\u017e\u0161\u00ed st\u0159edn\u00ed t\u0159\u00eddy s 18 909 ks (15,42 %), n\u00e1sleduje st\u0159edn\u00ed t\u0159\u00edda \u2013 11 955 ks (9,75 %), mal\u00e9 vozy \u2013 11 103 ks (9,05 %), MPV \u2013 10 409 ks (8,49 %), vy\u0161\u0161\u00ed st\u0159edn\u00ed t\u0159\u00edda \u2013 5 211 ks (4,25 %), mini \u2013 1 684 ks, sportovn\u00ed automobily \u2013 979 ks, luxusn\u00ed vozy \u2013 197 ks.<\/p>\n<p>Z hlediska paliva vede benz\u00edn s 66,89 % (82 037 ks), na druh\u00e9m m\u00edst\u011b je nafta s 20,81 % (25 518 ks), n\u00e1sleduje<br \/>\nelektro \u2013 5,63 % (6 910 ks), benz\u00edn+elektro \u2013 3,91 % (4 790 ks), benz\u00edn+LPG \u2013 3 183 ks, nafta+elektro \u2013 178 ks.<\/p>\n<p>Po\u010det registrovan\u00fdch \u010dist\u011b elektrick\u00fdch OA vzrostl o 65,83 % (ze 4 167 na 6 910 ks) \u2013 po\u0159ad\u00ed zna\u010dek: 1. \u0160koda (nejv\u00edce je prod\u00e1v\u00e1n model ELROQ), 2. Tesla, 3. VW, 4. Hyundai, 5. KIA.<\/p>\n<p>Registrace hybridn\u00edch voz\u016f meziro\u010dn\u011b stouply o 21,16 % (z 26 167 na 31 703 ks), z toho plug-in hybridy o 68,92 % (z 2 941 na 4 968 ks). Pod\u00edl hybridn\u00edch automobil\u016f bez vn\u011bj\u0161\u00edho dob\u00edjen\u00ed (26 735 ks) vzrostl z 19,5 % na 21,8 %.<\/p>\n<p>Registrace voz\u016f s alternativn\u00edm pohonem meziro\u010dn\u011b stouply o 27,36 % (z 32 818 na 41 796 voz\u016f). Pod\u00edl voz\u016f<br \/>\ns alternativn\u00edm pohonem \u010din\u00ed 34,1 %.<\/p>\n<p>Nejobl\u00edben\u011bj\u0161\u00ed barvou je \u0161ed\u00e1 s 41 087 ks registrovan\u00fdch osobn\u00edch automobil\u016f (33,50 %), na druh\u00e9m m\u00edst\u011b je b\u00edl\u00e1 s 26 696 ks (21,77 %), n\u00e1sleduje \u010derven\u00e1 \u2013 15 797 ks (12,88 %), modr\u00e1 \u2013 15 066 ks (12,28 %), \u010dern\u00e1 \u2013 10 067 ks (8,21 %), zelen\u00e1 \u2013 6 898 ks (5,62 %), hn\u011bd\u00e1 \u2013 3 115 ks, oran\u017eov\u00e1 \u2013 1 948 ks, \u017elutozelen\u00e1 \u2013 1 809 ks, fialov\u00e1 \u2013 156 ks.<\/p>\n<p>Podle proveden\u00ed karos\u00e9rie jsou na prvn\u00edm m\u00edst\u011b SUV s 50,00 % (61 320 ks), na druh\u00e9m m\u00edst\u011b kombi s 17,81 % (21 843 ks), n\u00e1sleduj\u00ed hatch\/lift \u2013 15,31 % (18 780 ks), MPV \u2013 8,49 % (10 409 ks), sedany \u2013 5,50 % (6 742 ks), mini \u2013 1 684 ks, sportovn\u00ed \u2013 979 ks, kup\u00e9 \u2013 9 ks, v\u00edce\u00fa\u010delov\u00e9 \u2013 1 ks.<\/p>\n<figure id=\"attachment_3346\" aria-describedby=\"caption-attachment-3346\" style=\"width: 900px\" class=\"wp-caption alignnone\"><img loading=\"lazy\" decoding=\"async\" class=\"size-medium wp-image-3346\" src=\"http:\/\/www.automakers.cz\/wp-content\/uploads\/2024\/04\/Esa-bazar-Zlin-Plocha-2-900x279.jpg\" alt=\"\" width=\"900\" height=\"279\" srcset=\"https:\/\/www.automakers.cz\/wp-content\/uploads\/2024\/04\/Esa-bazar-Zlin-Plocha-2-900x279.jpg 900w, https:\/\/www.automakers.cz\/wp-content\/uploads\/2024\/04\/Esa-bazar-Zlin-Plocha-2-1024x317.jpg 1024w, https:\/\/www.automakers.cz\/wp-content\/uploads\/2024\/04\/Esa-bazar-Zlin-Plocha-2-768x238.jpg 768w, https:\/\/www.automakers.cz\/wp-content\/uploads\/2024\/04\/Esa-bazar-Zlin-Plocha-2-1536x476.jpg 1536w, https:\/\/www.automakers.cz\/wp-content\/uploads\/2024\/04\/Esa-bazar-Zlin-Plocha-2.jpg 1600w\" sizes=\"auto, (max-width: 900px) 100vw, 900px\" \/><figcaption id=\"caption-attachment-3346\" class=\"wp-caption-text\">Ilustra\u010dn\u00ed foto<\/figcaption><\/figure>\n","protected":false},"excerpt":{"rendered":"<p>Prvn\u00ed pololet\u00ed roku 2025 bylo z hlediska prodej\u016f nov\u00fdch osobn\u00edch automobil\u016f v \u010cR i p\u0159es&#8230;<\/p>\n","protected":false},"author":1,"featured_media":12168,"comment_status":"closed","ping_status":"closed","sticky":false,"template":"","format":"standard","meta":{"footnotes":""},"categories":[31,48,10],"tags":[],"class_list":["post-14470","post","type-post","status-publish","format-standard","has-post-thumbnail","hentry","category-news","category-registrace","category-statistika"],"_links":{"self":[{"href":"https:\/\/www.automakers.cz\/index.php?rest_route=\/wp\/v2\/posts\/14470","targetHints":{"allow":["GET"]}}],"collection":[{"href":"https:\/\/www.automakers.cz\/index.php?rest_route=\/wp\/v2\/posts"}],"about":[{"href":"https:\/\/www.automakers.cz\/index.php?rest_route=\/wp\/v2\/types\/post"}],"author":[{"embeddable":true,"href":"https:\/\/www.automakers.cz\/index.php?rest_route=\/wp\/v2\/users\/1"}],"replies":[{"embeddable":true,"href":"https:\/\/www.automakers.cz\/index.php?rest_route=%2Fwp%2Fv2%2Fcomments&post=14470"}],"version-history":[{"count":5,"href":"https:\/\/www.automakers.cz\/index.php?rest_route=\/wp\/v2\/posts\/14470\/revisions"}],"predecessor-version":[{"id":14477,"href":"https:\/\/www.automakers.cz\/index.php?rest_route=\/wp\/v2\/posts\/14470\/revisions\/14477"}],"wp:featuredmedia":[{"embeddable":true,"href":"https:\/\/www.automakers.cz\/index.php?rest_route=\/wp\/v2\/media\/12168"}],"wp:attachment":[{"href":"https:\/\/www.automakers.cz\/index.php?rest_route=%2Fwp%2Fv2%2Fmedia&parent=14470"}],"wp:term":[{"taxonomy":"category","embeddable":true,"href":"https:\/\/www.automakers.cz\/index.php?rest_route=%2Fwp%2Fv2%2Fcategories&post=14470"},{"taxonomy":"post_tag","embeddable":true,"href":"https:\/\/www.automakers.cz\/index.php?rest_route=%2Fwp%2Fv2%2Ftags&post=14470"}],"curies":[{"name":"wp","href":"https:\/\/api.w.org\/{rel}","templated":true}]}}