{"id":14479,"date":"2025-07-06T17:58:06","date_gmt":"2025-07-06T17:58:06","guid":{"rendered":"https:\/\/www.automakers.cz\/?p=14479"},"modified":"2025-07-06T22:10:22","modified_gmt":"2025-07-06T22:10:22","slug":"volvo-cars-chce-vyrabet-v-kosicich-polestar","status":"publish","type":"post","link":"https:\/\/www.automakers.cz\/?p=14479","title":{"rendered":"Volvo odlo\u017eilo v\u00fdrobu v Ko\u0161ic\u00edch, bude se tam vyr\u00e1b\u011bt Polestar"},"content":{"rendered":"<p><strong>Volvo Cars odlo\u017eilo pl\u00e1novan\u00e9 spu\u0161t\u011bn\u00ed v\u00fdroby v nov\u00e9m z\u00e1vod\u011b u Ko\u0161ic z roku 2026 na 2027. Z\u00e1rove\u0148 zna\u010dka podepsala s Polestarem memorandum o porozum\u011bn\u00ed vztahuj\u00edc\u00ed se k v\u00fdvoji a v\u00fdrob\u011b p\u0159ipravovan\u00e9ho kompaktn\u00edho SUV v nov\u00e9 tov\u00e1rn\u011b.<\/strong><!--more--><\/p>\n<p>Uveden\u00ed pln\u011b elektrick\u00e9ho kompaktn\u00edho SUV Polestar 7 je pl\u00e1nov\u00e1no na rok 2028. Na z\u00e1klad\u011b fin\u00e1ln\u00edch dohod mezi ob\u011bma spole\u010dnostmi je v pl\u00e1nu vyr\u00e1b\u011bt model Polestar 7 v ko\u0161ick\u00e9 tov\u00e1rn\u011b jako druh\u00fd v\u016fz, jeho\u017e v\u00fdroba bude n\u00e1sledovat po zah\u00e1jen\u00ed v\u00fdroby nov\u00e9ho modelu Volvo p\u0159\u00ed\u0161t\u00ed generace, jeho\u017e n\u00e1zev zat\u00edm nebyl zve\u0159ejn\u011bn.<\/p>\n<p><strong>Polestar 7<\/strong> nab\u00eddne design a v\u00fdkonov\u00e9 charakteristiky typick\u00e9 pro tuto zna\u010dku, p\u0159i\u010dem\u017e bude z\u00e1rove\u0148 sd\u00edlet technologick\u00fd z\u00e1klad se dv\u011bma p\u0159ipravovan\u00fdmi modely Volvo. Jedn\u00edm z nich je Volvo EX60.<\/p>\n<p>Sou\u010dasn\u011b bude t\u011b\u017eit z v\u00fdhod plynouc\u00edch ze sd\u00edlen\u00ed komponent\u016f ve skupin\u011b, odl\u00e9v\u00e1n\u00ed velk\u00fdch d\u00edl\u016f, technologie integrov\u00e1n\u00ed bateriov\u00fdch \u010dl\u00e1nk\u016f p\u0159\u00edmo do struktury vozidla, tzv. cell-to-body, d\u00edky kter\u00e9 budou baterie nov\u00e9 generace nab\u00edzet vy\u0161\u0161\u00ed hustotu a v\u00fdkon, a tak\u00e9 z nov\u00e9 generace elektromotor\u016f vyvinut\u00fdch spole\u010dnost\u00ed Volvo Cars. Tento p\u0159\u00edstup ke sd\u00edlen\u00ed technologi\u00ed p\u0159isp\u00edv\u00e1 k lep\u0161\u00ed ekonomice d\u00edky \u0161ir\u0161\u00ed vyu\u017eitelnosti, j\u00edzdn\u00ed efektivit\u011b a \u00faspor\u00e1m na n\u00e1kladech.<\/p>\n<p>Krom\u011b toho se zde jasn\u011b odr\u00e1\u017e\u00ed v\u00fdhody p\u0159\u00edstupu spole\u010dnosti Volvo Cars ke sd\u00edlen\u00e9mu v\u00fdvoji, co\u017e dokl\u00e1d\u00e1 i supersada technologick\u00fdch funkc\u00ed (Super tech stack). Model Polestar 7, kter\u00fd bude sd\u00edlet softwarov\u00fd z\u00e1klad, v\u00fdpo\u010detn\u00ed j\u00e1dro vozu a cloudovou infrastrukturu s vozy Volvo EX90, Volvo ES90, Volvo EX60 a Polestar 3, bude t\u011b\u017eit z neust\u00e1l\u00e9ho vylep\u0161ov\u00e1n\u00ed a roz\u0161i\u0159ov\u00e1n\u00ed funkc\u00ed prost\u0159ednictv\u00edm softwarov\u00fdch aktualizac\u00ed vzd\u00e1len\u00fdm p\u0159\u00edstupem ur\u010den\u00fdch pro celou modelovou \u0159adu.<\/p>\n<p>\u201eNa\u0161e spolupr\u00e1ce se spole\u010dnost\u00ed Polestar na v\u00fdvoji a v\u00fdrob\u011b modelu Polestar 7 podtrhuje vyu\u017e\u00edv\u00e1n\u00ed synergie v r\u00e1mci obou automobilek k efektivn\u00edmu dod\u00e1v\u00e1n\u00ed vynikaj\u00edc\u00edch voz\u016f ur\u010den\u00fdch pro na\u0161e specifick\u00e9 segmenty z\u00e1kazn\u00edk\u016f,\u201c \u0159\u00edk\u00e1 H\u00e5kan Samuelsson, prezident a gener\u00e1ln\u00ed \u0159editel spole\u010dnosti Volvo Cars. \u201eTato spolupr\u00e1ce navazuje na \u00fasp\u011bch na\u0161eho spole\u010dn\u00e9ho \u00fasil\u00ed na \u0161iroce uzn\u00e1van\u00fdch modelech Polestar 2 a Polestar 3.\u201c<\/p>\n<p><strong>T\u0159et\u00ed tov\u00e1rna Volvo Cars<\/strong><\/p>\n<p>Tov\u00e1rna v Ko\u0161ic\u00edch, kter\u00e1 je v sou\u010dasn\u00e9 dob\u011b ve v\u00fdstavb\u011b, bude t\u0159et\u00edm evropsk\u00fdm v\u00fdrobn\u00edm z\u00e1vodem spole\u010dnosti Volvo Cars. Ko\u0161ick\u00e1 tov\u00e1rna, kter\u00e1 m\u00e1 b\u00fdt klimaticky neutr\u00e1ln\u00ed, by m\u011bla vyr\u00e1b\u011bt pouze elektrick\u00e1 vozidla, co\u017e p\u0159edstavuje nezbytn\u00fd z\u00e1klad ambice spole\u010dnosti Volvo Cars st\u00e1t se v\u00fdrobcem v\u00fdhradn\u011b pln\u011b elektrick\u00fdch voz\u016f a do roku 2040 dos\u00e1hnout zcela nulov\u00fdch emis\u00ed sklen\u00edkov\u00fdch plyn\u016f.<\/p>\n<p>V\u00fdb\u011brem Slovenska jako m\u00edsta pro postaven\u00ed t\u0159et\u00ed evropsk\u00e9 tov\u00e1rny spole\u010dnosti Volvo Cars, kter\u00e1 dopln\u00ed z\u00e1vod v z\u00e1padoevropsk\u00e9m Gentu (Belgie) a severoevropsk\u00e9 Torsland\u011b (\u0160v\u00e9dsko), dojde k vytvo\u0159en\u00ed evropsk\u00e9ho v\u00fdrobn\u00edho troj\u00faheln\u00edku, kter\u00fd pokryje nejv\u011bt\u0161\u00ed prodejn\u00ed region.<\/p>\n<p>Nov\u00fd ko\u0161ick\u00fd z\u00e1vod p\u0159edstavuje investici ve v\u00fd\u0161i p\u0159ibli\u017en\u011b 1,2 miliardy eur. Proto\u017ee se stane ji\u017e p\u00e1t\u00fdm automobilov\u00fdm z\u00e1vodem na Slovensku, bude t\u011b\u017eit z dob\u0159e zaveden\u00e9ho automobilov\u00e9ho dodavatelsk\u00e9ho \u0159et\u011bzce. Tov\u00e1rna bude m\u00edt ro\u010dn\u00ed v\u00fdrobn\u00ed kapacitu 250 000 a vytvo\u0159\u00ed v regionu n\u011bkolik tis\u00edc nov\u00fdch pracovn\u00edch m\u00edst.<\/p>\n<p>Spole\u010dnosti Volvo Cars a Polestar podepsaly nez\u00e1vazn\u00e9 memorandum o porozum\u011bn\u00ed (MoP). Toto memorandum odr\u00e1\u017e\u00ed vz\u00e1jemn\u011b v\u00fdhodn\u00fd z\u00e1m\u011br zkoumat a rozv\u00edjet mo\u017enosti potenci\u00e1ln\u00ed spolupr\u00e1ce.\u00a0 Realizace a implementace zde popsan\u00e9 spolupr\u00e1ce z\u016fst\u00e1vaj\u00ed p\u0159edm\u011btem jedn\u00e1n\u00ed a finalizace kone\u010dn\u00fdch dohod mezi ob\u011bma stranami.<\/p>\n<p><strong>Zdroj: Volvo, Petra Dole\u017ealov\u00e1, Automotive News Europe<\/strong><\/p>\n","protected":false},"excerpt":{"rendered":"<p>Volvo Cars odlo\u017eilo pl\u00e1novan\u00e9 spu\u0161t\u011bn\u00ed v\u00fdroby v nov\u00e9m z\u00e1vod\u011b u Ko\u0161ic z roku 2026 na&#8230;<\/p>\n","protected":false},"author":1,"featured_media":962,"comment_status":"closed","ping_status":"closed","sticky":false,"template":"","format":"standard","meta":{"footnotes":""},"categories":[9,18],"tags":[],"class_list":["post-14479","post","type-post","status-publish","format-standard","has-post-thumbnail","hentry","category-elektromobily","category-vyroba"],"_links":{"self":[{"href":"https:\/\/www.automakers.cz\/index.php?rest_route=\/wp\/v2\/posts\/14479","targetHints":{"allow":["GET"]}}],"collection":[{"href":"https:\/\/www.automakers.cz\/index.php?rest_route=\/wp\/v2\/posts"}],"about":[{"href":"https:\/\/www.automakers.cz\/index.php?rest_route=\/wp\/v2\/types\/post"}],"author":[{"embeddable":true,"href":"https:\/\/www.automakers.cz\/index.php?rest_route=\/wp\/v2\/users\/1"}],"replies":[{"embeddable":true,"href":"https:\/\/www.automakers.cz\/index.php?rest_route=%2Fwp%2Fv2%2Fcomments&post=14479"}],"version-history":[{"count":6,"href":"https:\/\/www.automakers.cz\/index.php?rest_route=\/wp\/v2\/posts\/14479\/revisions"}],"predecessor-version":[{"id":14495,"href":"https:\/\/www.automakers.cz\/index.php?rest_route=\/wp\/v2\/posts\/14479\/revisions\/14495"}],"wp:featuredmedia":[{"embeddable":true,"href":"https:\/\/www.automakers.cz\/index.php?rest_route=\/wp\/v2\/media\/962"}],"wp:attachment":[{"href":"https:\/\/www.automakers.cz\/index.php?rest_route=%2Fwp%2Fv2%2Fmedia&parent=14479"}],"wp:term":[{"taxonomy":"category","embeddable":true,"href":"https:\/\/www.automakers.cz\/index.php?rest_route=%2Fwp%2Fv2%2Fcategories&post=14479"},{"taxonomy":"post_tag","embeddable":true,"href":"https:\/\/www.automakers.cz\/index.php?rest_route=%2Fwp%2Fv2%2Ftags&post=14479"}],"curies":[{"name":"wp","href":"https:\/\/api.w.org\/{rel}","templated":true}]}}