{"id":14483,"date":"2025-07-06T20:28:28","date_gmt":"2025-07-06T20:28:28","guid":{"rendered":"https:\/\/www.automakers.cz\/?p=14483"},"modified":"2025-07-06T21:22:09","modified_gmt":"2025-07-06T21:22:09","slug":"skodovka-opet-sponzoruje-tour-de-france","status":"publish","type":"post","link":"https:\/\/www.automakers.cz\/?p=14483","title":{"rendered":"\u0160kodovka op\u011bt sponzoruje Tour de France"},"content":{"rendered":"<p><strong>V Lille odstartoval 112. ro\u010dn\u00edk Tour de France, \u0160koda Auto se k n\u011bmu p\u0159ipojuje jako hlavn\u00ed partner \u2013 po 22. v \u0159ad\u011b. Automobilka zajist\u00ed a\u017e 225 doprovodn\u00fdch voz\u016f a v\u0161echny budou pln\u011b elektrick\u00e9 \u010di plug-in hybridn\u00ed. \u0158editel z\u00e1vodu Christian Prudhomme bude m\u00edt k dispozici dva \u201e\u010derven\u00e9 vozy\u201c \u2013 Enyaq a Superb iV.\u00a0<\/strong> <!--more--><\/p>\n<p>\u0160koda Auto je vedle toho tradi\u010dn\u00edm sponzorem zelen\u00e9ho trikotu pro v\u00edt\u011bze bodovac\u00ed sout\u011b\u017ee a dodavatelem trofej\u00ed pro celkov\u00e9ho v\u00edt\u011bze a l\u00eddry bodovac\u00ed a vrcha\u0159sk\u00e9 klasifikace i pro nejlep\u0161\u00edho mlad\u00e9ho jezdce. Na 184 jezdc\u016f z 23 t\u00fdm\u016f letos \u010dek\u00e1 21 etap o celkov\u00e9 d\u00e9lce 3 339 km s c\u00edlem na pa\u0159\u00ed\u017esk\u00e9m bulv\u00e1ru Champs-\u00c9lys\u00e9es.<\/p>\n<p><strong>Tour de France se letos op\u011bt vr\u00e1t\u00ed na Champs-\u00c9lys\u00e9es<\/strong><br \/>\nLeto\u0161n\u00ed 112. ro\u010dn\u00edk se kon\u00e1 od 5. do 27. \u010dervence. Slavnostn\u00ed start Grand D\u00e9part prob\u011bhne na severu zem\u011b v Lille a z\u00e1vod skon\u010d\u00ed dojezdem v tradi\u010dn\u00edm c\u00edli, na pa\u0159\u00ed\u017esk\u00e9m bulv\u00e1ru Champs-\u00c9lys\u00e9es. Na 184 jezdc\u016f z 23 t\u00fdm\u016f \u010dek\u00e1 21 etap o celkov\u00e9 d\u00e9lce 3 339 km p\u0159es vrcholy ve francouzsk\u00e9m Centr\u00e1ln\u00edm masivu, Pyrenej\u00edch, Alp\u00e1ch \u2013 v\u010detn\u011b proslaven\u00e9ho v\u00fdjezdu na Mont Ventoux \u2013 a poho\u0159\u00ed Jura. Nejvy\u0161\u0161\u00edm bodem bude horsk\u00e9 sedlo Col de la Loze (2 304 m n. m.), celkov\u00e9 p\u0159ev\u00fd\u0161en\u00ed na trati dos\u00e1hne 52 500 v\u00fd\u0161kov\u00fdch metr\u016f.<\/p>\n<p>\u0160koda Auto zajistila a\u017e 225 doprovodn\u00fdch voz\u016f pro organiz\u00e1tory i \u0159editele z\u00e1vodu \u010cesk\u00e1 automobilka v roli ofici\u00e1ln\u00edho hlavn\u00edho partnera Tour de France dodala pro pot\u0159eby organiz\u00e1tor\u016f a\u017e 225 pln\u011b elektrick\u00fdch a plug-in hybridn\u00edch doprovodn\u00fdch voz\u016f. Flotila sest\u00e1v\u00e1 z nov\u00e9ho, pln\u011b elektrick\u00e9ho modelu Enyaq a plug-in hybridn\u00ed verze vozu Superb.<\/p>\n<p>Vedle ofici\u00e1ln\u00edch vozidel p\u0159iveze \u0160koda dva p\u0159edv\u00e1d\u011bc\u00ed modely: Elroq Respectline bude doprov\u00e1zet peloton v ka\u017ed\u00e9 z etap leto\u0161n\u00ed Tour de France a zd\u016frazn\u00ed hodnoty zna\u010dky \u0160koda, jako jsou respekt, rozmanitost a inkluze. Div\u00e1ci se mohou t\u011b\u0161it tak\u00e9 na ji\u017e des\u00e1t\u00fd \u017e\u00e1kovsk\u00fd v\u016fz,\u00a0 tentokr\u00e1t nazvan\u00fd \u0160koda L&amp;K 130, na jeho\u017e n\u00e1vrhu a v\u00fdrob\u011b se pod\u00edleli studenti St\u0159edn\u00ed odborn\u00e9 \u0161koly stroj\u00edrensk\u00e9 \u0160koda Auto.<\/p>\n<p>\u0158editel z\u00e1vodu Christian Prudhomme bude m\u00edt v \u010dele pelotonu k dispozici dva \u201e\u010derven\u00e9 vozy\u201c \u2013 modely \u0160koda Enyaq a Superb iV. Automobily slou\u017e\u00ed jako mobiln\u00ed velitelsk\u00e9 stanovi\u0161t\u011b a jsou podle toho vybaveny nejen n\u00e1padn\u00fdm zbarven\u00edm, ale tak\u00e9 pokro\u010dilou komunika\u010dn\u00ed technikou pro nep\u0159etr\u017eit\u00e9 sledov\u00e1n\u00ed d\u011bn\u00ed na trati a v\u00fdm\u011bnu informac\u00ed s ostatn\u00edmi organiz\u00e1tory.<\/p>\n<p><strong>\u0160koda Design autorem k\u0159i\u0161\u0165\u00e1lov\u00fdch poh\u00e1r\u016f s logem 130 let<\/strong><br \/>\n\u0160koda Auto je tradi\u010dn\u00edm sponzorem zelen\u00e9ho trikotu pro v\u00edt\u011bze bodovac\u00ed klasifikace a dodavatelem trofej\u00ed pro v\u00edt\u011bze celkov\u00e9, bodovac\u00ed a vrcha\u0159sk\u00e9 klasifikace i pro nejlep\u0161\u00edho mlad\u00e9ho jezdce. Leto\u0161n\u00ed trofeje ozdob\u00ed speci\u00e1ln\u00ed logo \u0160koda p\u0159ipom\u00ednaj\u00edc\u00ed 130 let od zalo\u017een\u00ed automobilky.<\/p>\n<p><strong>\u0160koda p\u0159ipravila \u0159adu aktivit a sout\u011b\u017e o \u00fa\u010dast na etap\u011b na Champs-\u00c9lys\u00e9es<\/strong><br \/>\nNa str\u00e1nce WeLoveCycling.cz bude \u0160koda Auto b\u011bhem Tour informovat fanou\u0161ky o d\u011bn\u00ed na trati i v z\u00e1kulis\u00ed a uspo\u0159\u00e1d\u00e1 tak\u00e9 sout\u011b\u017ee s mo\u017enost\u00ed vyhr\u00e1t exkluzivn\u00ed ceny. Hlavn\u00ed v\u00fdhrou pro sedm vylosovan\u00fdch a jejich doprovod je \u00fa\u010dast na z\u00e1v\u011bre\u010dn\u00e9 etap\u011b ve vozech \u0160koda.<\/p>\n<p>V Pa\u0159\u00ed\u017ei se nav\u00edc mohou p\u0159ipojit k b\u00fdval\u00fdm z\u00e1vodn\u00edk\u016fm p\u0159i j\u00edzd\u011b na 60 kilometr\u016f dlouh\u00e9m okruhu kolem Champs-\u00c9lys\u00e9es. Mezi dal\u0161\u00ed ceny pat\u0159\u00ed profesion\u00e1ln\u00ed j\u00edzdn\u00ed kola nebo origin\u00e1ln\u00ed zelen\u00fd trikot \u0160koda. \u010clenov\u00e9 cyklistick\u00e9 komunity \u0160koda m\u011bli rovn\u011b\u017e p\u0159\u00edle\u017eitost p\u0159ihl\u00e1sit se na vyj\u00ed\u017e\u010fku s Andym Schleckem, v\u00edt\u011bzem Tour z roku 2010 a ambasadorem platformy \u0160koda WeLoveCycling. B\u011bhem cel\u00e9ho z\u00e1vodu je div\u00e1k\u016fm k dispozici poj\u00edzdn\u00e1 kav\u00e1rna \u0160koda Coffee Car a chyb\u011bt nebude karavana voz\u016f \u0160koda s upom\u00ednkov\u00fdmi p\u0159edm\u011bty.<\/p>\n<p><strong>Zdroj: \u0160koda Auto<\/strong><\/p>\n<p><img loading=\"lazy\" decoding=\"async\" class=\"alignnone size-medium wp-image-5145\" src=\"http:\/\/www.automakers.cz\/wp-content\/uploads\/2024\/06\/240627_Main-partner-of-the-Tour-de-France-small-3-900x600.jpg\" alt=\"\" width=\"900\" height=\"600\" srcset=\"https:\/\/www.automakers.cz\/wp-content\/uploads\/2024\/06\/240627_Main-partner-of-the-Tour-de-France-small-3-900x600.jpg 900w, https:\/\/www.automakers.cz\/wp-content\/uploads\/2024\/06\/240627_Main-partner-of-the-Tour-de-France-small-3-1024x683.jpg 1024w, https:\/\/www.automakers.cz\/wp-content\/uploads\/2024\/06\/240627_Main-partner-of-the-Tour-de-France-small-3-768x512.jpg 768w, https:\/\/www.automakers.cz\/wp-content\/uploads\/2024\/06\/240627_Main-partner-of-the-Tour-de-France-small-3-1536x1024.jpg 1536w, https:\/\/www.automakers.cz\/wp-content\/uploads\/2024\/06\/240627_Main-partner-of-the-Tour-de-France-small-3-2048x1365.jpg 2048w\" sizes=\"auto, (max-width: 900px) 100vw, 900px\" \/><\/p>\n","protected":false},"excerpt":{"rendered":"<p>V Lille odstartoval 112. ro\u010dn\u00edk Tour de France, \u0160koda Auto se k n\u011bmu p\u0159ipojuje jako&#8230;<\/p>\n","protected":false},"author":1,"featured_media":14486,"comment_status":"closed","ping_status":"closed","sticky":false,"template":"","format":"standard","meta":{"footnotes":""},"categories":[31,29,70],"tags":[],"class_list":["post-14483","post","type-post","status-publish","format-standard","has-post-thumbnail","hentry","category-news","category-sponzoring","category-sport"],"_links":{"self":[{"href":"https:\/\/www.automakers.cz\/index.php?rest_route=\/wp\/v2\/posts\/14483","targetHints":{"allow":["GET"]}}],"collection":[{"href":"https:\/\/www.automakers.cz\/index.php?rest_route=\/wp\/v2\/posts"}],"about":[{"href":"https:\/\/www.automakers.cz\/index.php?rest_route=\/wp\/v2\/types\/post"}],"author":[{"embeddable":true,"href":"https:\/\/www.automakers.cz\/index.php?rest_route=\/wp\/v2\/users\/1"}],"replies":[{"embeddable":true,"href":"https:\/\/www.automakers.cz\/index.php?rest_route=%2Fwp%2Fv2%2Fcomments&post=14483"}],"version-history":[{"count":3,"href":"https:\/\/www.automakers.cz\/index.php?rest_route=\/wp\/v2\/posts\/14483\/revisions"}],"predecessor-version":[{"id":14487,"href":"https:\/\/www.automakers.cz\/index.php?rest_route=\/wp\/v2\/posts\/14483\/revisions\/14487"}],"wp:featuredmedia":[{"embeddable":true,"href":"https:\/\/www.automakers.cz\/index.php?rest_route=\/wp\/v2\/media\/14486"}],"wp:attachment":[{"href":"https:\/\/www.automakers.cz\/index.php?rest_route=%2Fwp%2Fv2%2Fmedia&parent=14483"}],"wp:term":[{"taxonomy":"category","embeddable":true,"href":"https:\/\/www.automakers.cz\/index.php?rest_route=%2Fwp%2Fv2%2Fcategories&post=14483"},{"taxonomy":"post_tag","embeddable":true,"href":"https:\/\/www.automakers.cz\/index.php?rest_route=%2Fwp%2Fv2%2Ftags&post=14483"}],"curies":[{"name":"wp","href":"https:\/\/api.w.org\/{rel}","templated":true}]}}