{"id":14504,"date":"2025-07-07T07:29:51","date_gmt":"2025-07-07T07:29:51","guid":{"rendered":"https:\/\/www.automakers.cz\/?p=14504"},"modified":"2025-07-08T10:16:35","modified_gmt":"2025-07-08T10:16:35","slug":"ministerstvo-dopravy-resi-vrazedne-airbagy","status":"publish","type":"post","link":"https:\/\/www.automakers.cz\/?p=14504","title":{"rendered":"Ministerstvo dopravy \u0159e\u0161\u00ed nebezpe\u010dn\u00e9 airbagy"},"content":{"rendered":"<p><strong>Probl\u00e9m s nebezpe\u010dn\u00fdmi airbagy Takata, kter\u00e9 ned\u00e1vno p\u0159ipravily o \u017eivot <span class=\"highlight-E5id3 highlight-E5M\">\u010dlov\u011bka<\/span> na severu <span class=\"highlight-E0id2 highlight-E0M\">Francie<\/span>, se v <span class=\"highlight-E0id0 highlight-E0M\">\u010cesku<\/span> aktu\u00e1ln\u011b t\u00fdk\u00e1 asi 2,5 tis\u00edce \u0161kodovek. Auta chce kv\u016fli airbag\u016fm svolat tak\u00e9 \u010desk\u00fd <span class=\"highlight-query highlight-E4id0 highlight-E1id6 highlight-E4M highlight-E1M\">Stellantis<\/span>. Probl\u00e9mem se podle port\u00e1lu TN.cz za\u010dalo zab\u00fdvat ministerstvo dopravy.<\/strong> <!--more--><\/p>\n<p><span class=\"highlight-E0id2 highlight-E0M\">Franci\u00ed<\/span> v \u010dervnu ot\u0159\u00e1sl p\u0159\u00edpad dal\u0161\u00ed smrti zp\u016fsoben\u00e9 vadn\u00fdm airbagem vyroben\u00fdm dnes ji\u017e zkrachovalou firmou Takata. Tamn\u00ed <span class=\"highlight-E4id1 highlight-E1id4 highlight-E4M highlight-E1M\">ministerstvo<\/span> <span class=\"highlight-E1id4 highlight-E4id1 highlight-E1M highlight-E4M\">dopravy<\/span> kv\u016fli tomu podle listu <span class=\"highlight-E3id0 highlight-E3M\">Le<\/span> <span class=\"highlight-E3id0 highlight-E3M\">Parisien<\/span> na\u0159\u00eddilo rozs\u00e1hlou svol\u00e1vac\u00ed akci na vozy vybaven\u00e9 t\u011bmito airbagy. T\u011bm, kter\u00e9 jsou provozov\u00e1ny na <span class=\"highlight-E0id1 highlight-E0M\">Korsice<\/span> a v z\u00e1mo\u0159sk\u00fdch \u00fazem\u00edch, nebo byly vyrobeny p\u0159ed rokem 2011, pak \u00fapln\u011b zak\u00e1zala provoz. Na\u0159\u00edzen\u00ed se t\u00fdkaj\u00ed celkem 1,7 milionu voz\u016f r\u016fzn\u00fdch <span class=\"highlight-E5id5 highlight-E5M\">v\u00fdrobc\u016f<\/span>, v\u010detn\u011b nap\u0159\u00edklad <span class=\"highlight-E4id0 highlight-E1id0 highlight-E4M highlight-E1M\">BMW<\/span>, <span class=\"highlight-E1id2 highlight-E4id0 highlight-E1M highlight-E4M\">Nissanu<\/span>, <span class=\"highlight-E4id0 highlight-E1id5 highlight-E4M highlight-E1M\">Citro\u00ebnu<\/span> \u010di vozidel z koncernu <span class=\"highlight-E1id3 highlight-E4id0 highlight-E1M highlight-E4M\">Volkswagen<\/span>.<\/p>\n<p>&#8218;Posledn\u00ed smrteln\u00e1 nehoda v <span class=\"highlight-E0id4 highlight-E0M\">Reme\u0161i<\/span> ukazuje, \u017ee je t\u0159eba p\u0159ehodnotit anal\u00fdzu rizik, kterou n\u011bkte\u0159\u00ed <span class=\"highlight-E5id5 highlight-E5M\">v\u00fdrobci<\/span> pou\u017e\u00edvaj\u00ed,&#8216; nechal se sly\u0161et francouzsk\u00fd <span class=\"highlight-E5id2 highlight-E5M\">ministr<\/span> <span class=\"highlight-E5id2 highlight-E5M\">dopravy<\/span> <span class=\"highlight-E2id1 highlight-E2M\">Philippe<\/span> <span class=\"highlight-E2id1 highlight-E2M\">Tabarot<\/span>.<\/p>\n<p><strong>Probl\u00e9mem se za\u010dalo zab\u00fdvat ministerstvo dopravy<\/strong><\/p>\n<p>Redakce TN.cz proto oslovila \u010desk\u00e9 <span class=\"highlight-E4id1 highlight-E1id4 highlight-E4M highlight-E1M\">ministerstvo<\/span> <span class=\"highlight-E1id4 highlight-E4id1 highlight-E1M highlight-E4M\">dopravy<\/span> s dotazem, zda v souvislosti s vadn\u00fdmi airbagy podnik\u00e1 n\u011bjak\u00e9 aktivn\u00ed kroky, \u010di zda n\u011bjak\u00e9 v bl\u00edzk\u00e9 budoucnosti pl\u00e1nuje. Resort se podle vyj\u00e1d\u0159en\u00ed <span class=\"highlight-E5id6 highlight-E5M\">mluv\u010d\u00ed<\/span> Aleny M\u00fchl celou v\u011bc\u00ed zab\u00fdv\u00e1 ve dvou \u00farovn\u00edch, a to jako n\u00e1rodn\u00ed schvalovac\u00ed autorita schvaluj\u00edc\u00ed vozy <span class=\"highlight-E4id0 highlight-E1id1 highlight-E4M highlight-E1M\">\u0160koda<\/span> a pot\u00e9 na \u00farovni obecn\u00e9, pokud jde o v\u0161echna dal\u0161\u00ed vozidla provozovan\u00e1 v <span class=\"highlight-E0id0 highlight-E0M\">\u010cesk\u00e9<\/span> <span class=\"highlight-E0id0 highlight-E0M\">republice<\/span>.<\/p>\n<p>&#8218;Uveden\u00e9 airbagy se do vozidel <span class=\"highlight-E1id1 highlight-E4id0 highlight-E1M highlight-E4M\">\u0160koda<\/span> montovaly v letech cca 2012 a\u017e 2017 a jsou celosv\u011btov\u011b cca v 3,2 milionu vozidel. Z nich je v sou\u010dasn\u00e9 dob\u011b p\u0159edm\u011btem svol\u00e1vac\u00ed akce cca 600 tis\u00edc vozidel. Vozidla se prioritn\u011b svol\u00e1vaj\u00ed z oblast\u00ed, kter\u00e9 maj\u00ed z hlediska rozpadu hnac\u00ed l\u00e1tky nejhor\u0161\u00ed podm\u00ednky, tedy nejvy\u0161\u0161\u00ed teplotu a vlhkost. <span class=\"highlight-E5id5 highlight-E5M\">V\u00fdrobcem<\/span> jsou ozna\u010dovan\u00e9 jako oblast 1 a 2, tedy tropick\u00e9 a subtropick\u00e9 oblasti,&#8216; uvedla <span class=\"highlight-E5id6 highlight-E5M\">mluv\u010d\u00ed<\/span> s t\u00edm, \u017ee v oblasti 3, kam pat\u0159\u00ed i <span class=\"highlight-E0id2 highlight-E0M\">Francie<\/span>, se stahuj\u00ed vozy z po\u010d\u00e1tku produkce.<\/p>\n<p>&#8218;Z oblasti 4, kam pat\u0159\u00ed i <span class=\"highlight-E0id0 highlight-E0M\">\u010cesk\u00e1<\/span> <span class=\"highlight-E0id0 highlight-E0M\">republika<\/span>, po\u010d\u00e1tek svol\u00e1vac\u00edch akc\u00ed po\u010d\u00edt\u00e1 cca s rokem 2030, a to s t\u00edm, \u017ee se tak\u00e9 rozlo\u017e\u00ed podle roku produkce. Toto \u010dasov\u00e9 rozlo\u017een\u00ed vych\u00e1z\u00ed z anal\u00fdz degradace v\u00fdbu\u0161n\u00e9 l\u00e1tky proveden\u00e9 <span class=\"highlight-E5id5 highlight-E5M\">v\u00fdrobcem<\/span> ve spolupr\u00e1ci s odbornou firmou a datem uveden\u00ed vozidla do provozu,&#8216; vysv\u011btlila <span class=\"highlight-E5id6 highlight-E5M\">mluv\u010d\u00ed<\/span>.<\/p>\n<p>&#8218;V <span class=\"highlight-E0id0 highlight-E0M\">\u010cR<\/span> se svol\u00e1vac\u00ed akce t\u00fdk\u00e1 v tuto chv\u00edli pouze cca 2,5 tis\u00edc vozidel <span class=\"highlight-E4id0 highlight-E1id1 highlight-E4M highlight-E1M\">\u0160koda<\/span>, a to t\u011bch, kter\u00e1 byla p\u016fvodn\u011b ur\u010dena pro jin\u00e9 trhy z oblast\u00ed 1, 2, pop\u0159\u00edpad\u011b t\u011bch ji\u017e svolan\u00fdch z oblasti 3,&#8216; doplnila.<\/p>\n<p>&#8218;V p\u0159\u00edpad\u011b ostatn\u00edch <span class=\"highlight-E5id5 highlight-E5M\">v\u00fdrobc\u016f<\/span> v souladu s pr\u00e1vn\u00ed \u00fapravou poskytujeme informace o <span class=\"highlight-E5id1 highlight-E5M\">provozovatel\u00edch<\/span> dot\u010den\u00fdch vozidel <span class=\"highlight-E5id5 highlight-E5M\">v\u00fdrobc\u016fm<\/span> a akreditovan\u00fdm z\u00e1stupc\u016fm zna\u010dek pro \u00fa\u010dely svol\u00e1vac\u00edch akc\u00ed. Vlastn\u00ed rozsah a \u010dasov\u00fd pr\u016fb\u011bh svol\u00e1vac\u00ed akce je v\u011bc\u00ed n\u00e1rodn\u00edch autorit st\u00e1t\u016f, kter\u00e9 vydaly schv\u00e1len\u00ed,&#8216; nechala se sly\u0161et d\u00e1le. &#8218;Zat\u00edm nezn\u00e1me podrobnosti zmi\u0148ovan\u00e9ho p\u0159\u00edpadu ve <span class=\"highlight-E0id2 highlight-E0M\">Francii<\/span>. Nicm\u00e9n\u011b stejn\u011b jako kolegov\u00e9 ve <span class=\"highlight-E0id2 highlight-E0M\">Francii<\/span>, i my v\u017edy d\u016frazn\u011b doporu\u010dujeme, aby v p\u0159\u00edpad\u011b, \u017ee budu kontaktov\u00e1n <span class=\"highlight-E5id5 highlight-E5M\">v\u00fdrobcem<\/span> z d\u016fvodu svol\u00e1vac\u00ed akce, postupovat podle jeho doporu\u010den\u00ed,&#8216; zd\u016fraznila. Situaci sledujeme, tvrd\u00ed <span class=\"highlight-E1id1 highlight-E4id0 highlight-E1M highlight-E4M\">\u0160koda<\/span> <span class=\"highlight-E4id0 highlight-E1id1 highlight-E4M highlight-E1M\">Auto.<\/span><\/p>\n<p><strong>Stra\u0161kraba: vadn\u00e9 komponenty u \u0161kodovek vym\u011bn\u00edme<\/strong><\/p>\n<p>Redakce TN.cz oslovila p\u0159\u00edmo tak\u00e9 mladoboleslavskou automobilku. &#8218;Preventivn\u011b sledujeme technick\u00fd stav gener\u00e1tor\u016f dle v\u00fdrobn\u00edch \u0161ar\u017e\u00ed airbag\u016f a v jednotliv\u00fdch prodejn\u00edch regionech s p\u0159edstihem reagujeme a o svol\u00e1vac\u00edch akc\u00edch <span class=\"highlight-E5id7 highlight-E5M\">z\u00e1kazn\u00edky<\/span> v\u010das informujeme,&#8216; reagoval <span class=\"highlight-E5id6 highlight-E5M\">mluv\u010d\u00ed<\/span> <span class=\"highlight-E1id1 highlight-E4id0 highlight-E1M highlight-E4M\">\u0160koda<\/span> <span class=\"highlight-E4id0 highlight-E1id1 highlight-E4M highlight-E1M\">Auto<\/span><strong> <span class=\"highlight-E2id0 highlight-E2M\">Zbyn\u011bk<\/span> <span class=\"highlight-E2id0 highlight-E2M\">Stra\u0161kraba<\/span><\/strong>. &#8218;V\u0161ichni dot\u010den\u00ed <span class=\"highlight-E5id0 highlight-E5M\">majitel\u00e9<\/span> voz\u016f s potenci\u00e1ln\u011b vadn\u00fdm komponentem airbagu byli p\u00edsemn\u011b osloveni a vyzv\u00e1n\u00ed k n\u00e1v\u0161t\u011bv\u011b servisu, kde jim je uveden\u00fd d\u00edl bezplatn\u011b vym\u011bn\u011bn,&#8216; dodal.<\/p>\n<p>&#8218;<span class=\"highlight-E1id1 highlight-E4id0 highlight-E1M highlight-E4M\">\u0160koda<\/span> <span class=\"highlight-E4id0 highlight-E1id1 highlight-E4M highlight-E1M\">Auto<\/span> garantuje v\u010dasn\u00e9 spu\u0161t\u011bn\u00ed svol\u00e1vac\u00edch akc\u00ed v\u0161ech vozidel, u kter\u00fdch se bl\u00ed\u017e\u00ed konec bezpe\u010dn\u00e9 \u017eivotnosti airbagu,&#8216; zd\u016fraznil <span class=\"highlight-E2id0 highlight-E2M\">Stra\u0161kraba<\/span> s t\u00edm, \u017ee jejich <span class=\"highlight-E5id7 highlight-E5M\">z\u00e1kazn\u00edci<\/span> si to, zda se jejich vozu svol\u00e1vac\u00ed akce t\u00fdk\u00e1, m\u016f\u017eou ov\u011b\u0159it na webu automobilky.<\/p>\n<p>Francouzsk\u00fd <span class=\"highlight-E5id5 highlight-E5M\">v\u00fdrobce<\/span> vozy v <span class=\"highlight-E0id0 highlight-E0M\">\u010cesku<\/span> u\u017e stahuje Svol\u00e1n\u00ed n\u011bkter\u00fdch sv\u00fdch voz\u016f, a to i z <span class=\"highlight-E0id0 highlight-E0M\">\u010ceska<\/span>, u\u017e ale ozn\u00e1mila skupina <span class=\"highlight-query highlight-E1id6 highlight-E4id0 highlight-E1M highlight-E4M\">Stellantis<\/span>, pod kterou pat\u0159\u00ed francouzsk\u00fd <span class=\"highlight-E5id5 highlight-E5M\">v\u00fdrobce<\/span> <span class=\"highlight-E1id5 highlight-E4id0 highlight-E1M highlight-E4M\">Citro\u00ebn<\/span>. Bezpe\u010dnostn\u00ed opat\u0159en\u00ed se konkr\u00e9tn\u011b t\u00fdkaj\u00ed voz\u016f <span class=\"highlight-E3id1 highlight-E3M\">Citro\u00ebn<\/span> <span class=\"highlight-E3id1 highlight-E3M\">C3<\/span> druh\u00e9 generace a <span class=\"highlight-E3id2 highlight-E3M\">Citro\u00ebn<\/span> <span class=\"highlight-E3id2 highlight-E3M\">DS3<\/span> prvn\u00ed generace vyroben\u00fdch v letech 2009 a\u017e 2019.<\/p>\n<p>&#8218;<span class=\"highlight-E5id0 highlight-E5M\">Vlastn\u00edci<\/span> t\u011bchto vozidel budou upozorn\u011bni, aby se zdr\u017eeli pou\u017e\u00edv\u00e1n\u00ed voz\u016f a neprodlen\u011b kontaktovali s\u00ed\u0165 autorizovan\u00fdch <span class=\"highlight-E5id4 highlight-E5M\">dealer\u016f<\/span> <span class=\"highlight-E4id0 highlight-E1id5 highlight-E4M highlight-E1M\">Citro\u00ebn<\/span> za \u00fa\u010delem proveden\u00ed nezbytn\u00e9 opravy, kter\u00e1 je bezplatn\u00e1&#8216;, uvedl <span class=\"highlight-E5id5 highlight-E5M\">v\u00fdrobce<\/span>.<\/p>\n<p><span class=\"highlight-E5id0 highlight-E5M\">Majitel\u00e9<\/span> aut si i v tomto p\u0159\u00edpad\u011b na webu <span class=\"highlight-E5id5 highlight-E5M\">v\u00fdrobce<\/span> m\u016f\u017eou ov\u011b\u0159it, zda se jich akce t\u00fdk\u00e1. Kauza vadn\u00fdch airbag\u016f Takata se t\u00e1hne u\u017e p\u0159es 15 let, a to kv\u016fli pou\u017eit\u00ed levn\u00e9ho dusi\u010dnanu amonn\u00e9ho, kter\u00fd je citliv\u00fd na vlhkost a teplotn\u00ed v\u00fdkyvy. Airbag m\u016f\u017ee p\u0159i aktivaci m\u00edsto \u0159\u00edzen\u00e9ho nafouknut\u00ed explodovat, roztrhnout kovov\u00fd obal a vyst\u0159elit ostr\u00e9 \u00falomky do interi\u00e9ru auta. Jen ve <span class=\"highlight-E0id3 highlight-E0M\">Spojen\u00fdch<\/span> <span class=\"highlight-E0id3 highlight-E0M\">st\u00e1tech<\/span> podle \u00fa\u0159ad\u016f tyto airbagy p\u0159ipravily o \u017eivot 28 <span class=\"highlight-E5id3 highlight-E5M\">lid\u00ed<\/span>, dal\u0161\u00ed stovky zranily.<\/p>\n<p><strong>Zdroj: TN.cz<\/strong><\/p>\n","protected":false},"excerpt":{"rendered":"<p>Probl\u00e9m s nebezpe\u010dn\u00fdmi airbagy Takata, kter\u00e9 ned\u00e1vno p\u0159ipravily o \u017eivot \u010dlov\u011bka na severu Francie, se&#8230;<\/p>\n","protected":false},"author":1,"featured_media":945,"comment_status":"closed","ping_status":"closed","sticky":false,"template":"","format":"standard","meta":{"footnotes":""},"categories":[51,31,52],"tags":[],"class_list":["post-14504","post","type-post","status-publish","format-standard","has-post-thumbnail","hentry","category-kauza","category-news","category-servis"],"_links":{"self":[{"href":"https:\/\/www.automakers.cz\/index.php?rest_route=\/wp\/v2\/posts\/14504","targetHints":{"allow":["GET"]}}],"collection":[{"href":"https:\/\/www.automakers.cz\/index.php?rest_route=\/wp\/v2\/posts"}],"about":[{"href":"https:\/\/www.automakers.cz\/index.php?rest_route=\/wp\/v2\/types\/post"}],"author":[{"embeddable":true,"href":"https:\/\/www.automakers.cz\/index.php?rest_route=\/wp\/v2\/users\/1"}],"replies":[{"embeddable":true,"href":"https:\/\/www.automakers.cz\/index.php?rest_route=%2Fwp%2Fv2%2Fcomments&post=14504"}],"version-history":[{"count":3,"href":"https:\/\/www.automakers.cz\/index.php?rest_route=\/wp\/v2\/posts\/14504\/revisions"}],"predecessor-version":[{"id":14523,"href":"https:\/\/www.automakers.cz\/index.php?rest_route=\/wp\/v2\/posts\/14504\/revisions\/14523"}],"wp:featuredmedia":[{"embeddable":true,"href":"https:\/\/www.automakers.cz\/index.php?rest_route=\/wp\/v2\/media\/945"}],"wp:attachment":[{"href":"https:\/\/www.automakers.cz\/index.php?rest_route=%2Fwp%2Fv2%2Fmedia&parent=14504"}],"wp:term":[{"taxonomy":"category","embeddable":true,"href":"https:\/\/www.automakers.cz\/index.php?rest_route=%2Fwp%2Fv2%2Fcategories&post=14504"},{"taxonomy":"post_tag","embeddable":true,"href":"https:\/\/www.automakers.cz\/index.php?rest_route=%2Fwp%2Fv2%2Ftags&post=14504"}],"curies":[{"name":"wp","href":"https:\/\/api.w.org\/{rel}","templated":true}]}}