{"id":14513,"date":"2025-07-08T07:11:49","date_gmt":"2025-07-08T07:11:49","guid":{"rendered":"https:\/\/www.automakers.cz\/?p=14513"},"modified":"2025-07-08T07:12:13","modified_gmt":"2025-07-08T07:12:13","slug":"carvago-prodeje-ojetych-elektroaut-rostou","status":"publish","type":"post","link":"https:\/\/www.automakers.cz\/?p=14513","title":{"rendered":"Carvago: prodeje ojet\u00fdch elektromobil\u016f dramaticky rostou"},"content":{"rendered":"<p><strong>Prodeje ojet\u00fdch elektromobil\u016f dramaticky vzrostly o 61,6 %. Vypl\u00fdv\u00e1 to z anal\u00fdzy tr\u017en\u00edch dat, kterou provedla spole\u010dnost Carvago, platforma pro online n\u00e1kup a prodej voz\u016f.*<\/strong><!--more--><\/p>\n<p>Celkov\u00e1 situace na tuzemsk\u00e9m sekund\u00e1rn\u00edm trhu z\u016fst\u00e1v\u00e1 podle anal\u00fdzy stabiln\u00ed a p\u0159edv\u00eddateln\u00e1. Data ukazuj\u00ed pokra\u010duj\u00edc\u00ed posun z\u00e1kazn\u00edk\u016f od soukrom\u00fdch prodejc\u016f sm\u011brem k profesion\u00e1ln\u00edm dealer\u016fm a autobazar\u016fm, jejich\u017e tr\u017en\u00ed pod\u00edl rostl na \u00fakor soukrom\u00fdch inzerent\u016f. Cenov\u00e1 hladina se ve srovn\u00e1n\u00ed s prvn\u00edm pololet\u00edm lo\u0148sk\u00e9ho roku prakticky nezm\u011bnila \u2013 medi\u00e1nov\u00e1 cena vzrostla pouze o 0,8 % na 379 000 K\u010d. Typick\u00fd prod\u00e1van\u00fd v\u016fz je v\u0161ak o rok star\u0161\u00ed (medi\u00e1nov\u00fd rok registrace 2015) a m\u00e1 m\u00edrn\u011b vy\u0161\u0161\u00ed n\u00e1jezd (medi\u00e1n 98 400 km).**<\/p>\n<p><strong>Top 10 nejprod\u00e1van\u011bj\u0161\u00edch ojetin v \u010cR, 1. pololet\u00ed 2025<\/strong><\/p>\n<ol>\n<li>\u0160koda Octavia<\/li>\n<li>\u0160koda Fabia<\/li>\n<li>\u0160koda Superb<\/li>\n<li>\u0160koda Kodiaq<\/li>\n<li>VW Passat<\/li>\n<li>VW Golf<\/li>\n<li>Hyundai i30<\/li>\n<li>\u0160koda Scala<\/li>\n<li>\u0160koda Karoq<\/li>\n<li>\u0160koda Kamiq<\/li>\n<\/ol>\n<p>Nejdynami\u010dt\u011bj\u0161\u00ed zm\u011bnou na trhu je n\u00e1stup cenov\u011b dostupn\u00fdch ojet\u00fdch elektromobil\u016f. Jejich prodeje v\u00a0\u010cesk\u00e9 republice oproti lo\u0148sku vzrostly o 61,6 % na 3873 kus\u016f. Kl\u00ed\u010dov\u00fdm faktorem tohoto r\u016fstu je v\u00fdrazn\u00fd pokles medi\u00e1nov\u00e9 ceny o t\u00e9m\u011b\u0159 30 % na 715 000 K\u010d.<\/p>\n<p>Sou\u010dasn\u011b se v\u00edce ne\u017e zdvojn\u00e1sobil medi\u00e1nov\u00fd n\u00e1jezd prod\u00e1van\u00fdch elektromobil\u016f na 35 000 km. Tento trend potvrzuje i vlastn\u00ed zku\u0161enost platformy Carvago, jej\u00ed\u017e z\u00e1kazn\u00edci v 1. pololet\u00ed hojn\u011b po\u0159izovali nap\u0159\u00edklad ojet\u00e9 vozy Tesla Model 3 za ceny okolo p\u016fl milionu korun. I d\u00edky tomu dos\u00e1hl pod\u00edl elektromobil\u016f na celkov\u00fdch prodej\u00edch Carvago <a href=\"https:\/\/blog.carvago.com\/zakaznici-carvago-berou-utokem-levne-tesly-z-nizozemska-platforma-diky-tomu-hlasi-rekordni-pocet-prodanych-elektromobilu\/\"><u>doned\u00e1vna nep\u0159edstaviteln\u00fdch 20 procent<\/u><\/a>\u00a0(v \u010cR, kv\u011bten 2025).<\/p>\n<p><img loading=\"lazy\" decoding=\"async\" class=\"alignnone size-medium wp-image-457\" src=\"http:\/\/www.automakers.cz\/wp-content\/uploads\/2023\/11\/Schneider_Elektromobilita_nabijecka-900x600.jpg\" alt=\"\" width=\"900\" height=\"600\" srcset=\"https:\/\/www.automakers.cz\/wp-content\/uploads\/2023\/11\/Schneider_Elektromobilita_nabijecka-900x600.jpg 900w, https:\/\/www.automakers.cz\/wp-content\/uploads\/2023\/11\/Schneider_Elektromobilita_nabijecka-1024x683.jpg 1024w, https:\/\/www.automakers.cz\/wp-content\/uploads\/2023\/11\/Schneider_Elektromobilita_nabijecka-768x512.jpg 768w, https:\/\/www.automakers.cz\/wp-content\/uploads\/2023\/11\/Schneider_Elektromobilita_nabijecka-1536x1024.jpg 1536w, https:\/\/www.automakers.cz\/wp-content\/uploads\/2023\/11\/Schneider_Elektromobilita_nabijecka.jpg 1600w\" sizes=\"auto, (max-width: 900px) 100vw, 900px\" \/><br \/>\n\u201eU\u017e v kv\u011btnu jsme konstatovali, \u017ee \u00fadajn\u011b elektroskepti\u010dt\u00ed \u010ce\u0161i si elektrick\u00e9 auto ve skute\u010dnosti po\u0159\u00edd\u00ed r\u00e1di, pokud odpov\u00edd\u00e1 jejich finan\u010dn\u00edm mo\u017enostem, a na\u0161e anal\u00fdza cel\u00e9ho tuzemsk\u00e9ho trhu za 1. pololet\u00ed 2025 to beze zbytku potvrzuje,\u201c \u0159ekl zakladatel Carvago Jakub \u0160ulta. \u201eP\u0159esto\u017ee v absolutn\u00edch \u010d\u00edslech prodeje ojet\u00fdch elektroaut z\u016fst\u00e1vaj\u00ed n\u00edzk\u00e9, dramatick\u00fd meziro\u010dn\u00ed r\u016fst signalizuje, \u017ee do budoucna se situace bude rychle m\u011bnit. Ohromn\u00fd z\u00e1jem o dostupn\u00e9 elektromobily mezi z\u00e1kazn\u00edky Carvago ostatn\u011b mluv\u00ed za v\u0161e.\u201c<\/p>\n<p>Prodejn\u00ed data spole\u010dnosti Carvago z\u00e1rove\u0148 potvrzuj\u00ed, \u017ee jej\u00ed z\u00e1kazn\u00edci maj\u00ed o n\u011bco vy\u0161\u0161\u00ed n\u00e1roky ne\u017e pr\u016fm\u011brn\u00fd kupuj\u00edc\u00ed na \u010desk\u00e9m trhu. Vozy prodan\u00e9 p\u0159es Carvago jsou v\u00fdrazn\u011b mlad\u0161\u00ed, s\u00a0medi\u00e1nov\u00fdm rokem 1. registrace 2020 a n\u00e1jezdem pouze 64 991 km. Rozd\u00edly jsou patrn\u00e9 i v popt\u00e1vce po konkr\u00e9tn\u00edch zna\u010dk\u00e1ch a modelech. Zat\u00edmco celkov\u00e9mu trhu dominuj\u00ed objemov\u00e9 zna\u010dky v \u010dele se \u0160kodou Auto, v\u00a0\u017eeb\u0159\u00ed\u010dku nejprod\u00e1van\u011bj\u0161\u00edch zna\u010dek na Carvago obsazuj\u00ed druh\u00e9 a\u017e \u010dtvrt\u00e9 m\u00edsto pr\u00e9miov\u00ed v\u00fdrobci Mercedes-Benz, BMW a Audi. Mezi deseti nejprod\u00e1van\u011bj\u0161\u00edmi modely na Carvago se pak objevuj\u00ed vozy jako Mercedes-Benz GLC, Audi A5, Mercedes-Benz CLA nebo Audi A4. To dokl\u00e1d\u00e1, \u017ee online platforma dok\u00e1\u017ee efektivn\u011b uspokojovat popt\u00e1vku po mlad\u0161\u00edch a pr\u00e9miov\u011bj\u0161\u00edch ojet\u00fdch vozech, jich\u017e je na \u010desk\u00e9m trhu <a href=\"https:\/\/blog.carvago.com\/cim-konkretnejsi-predstava-o-aute-tim-mensi-sance-najit-jej-v-cesku-zakaznici-proto-proto-stale-casteji-objednavaji-pres-internet-vozy-ze-zahranici\/\"><u>obecn\u011b nedostatek<\/u><\/a>. Zaj\u00edmavost\u00ed je, \u017ee stejn\u011b jako na \u010desk\u00e9m trhu je i na Carvago nejprod\u00e1van\u011bj\u0161\u00edm vozem \u0160koda Octavia Combi z roku 2020, ov\u0161em se z\u00e1\u017eehov\u00fdm motorem 1.5 TSI m\u00edsto dieselu 2.0 TDI.<\/p>\n<p>*Vlastn\u00ed anal\u00fdza Carvago na z\u00e1klad\u011b dat z pr\u016fb\u011b\u017en\u00e9ho monitoringu \u010desk\u00e9ho trhu. Vozy nab\u00edzen\u00e9 a\u00a0prod\u00e1van\u00e9 mimo hlavn\u00ed inzertn\u00ed servery nebo zcela mimo online prostor nejsou v anal\u00fdze zahrnuty.<\/p>\n<p>**Carvago ve sv\u00fdch anal\u00fdz\u00e1ch pracuje nej\u010dast\u011bji s medi\u00e1nem (st\u0159edn\u00ed hodnota statistick\u00e9ho souboru), proto\u017ee na rozd\u00edl od pr\u016fm\u011bru nen\u00ed ovlivn\u011bn extr\u00e9mn\u00edmi krajn\u00edmi hodnotami.<\/p>\n<p><strong>Zdroj: Carvago<\/strong><\/p>\n","protected":false},"excerpt":{"rendered":"<p>Prodeje ojet\u00fdch elektromobil\u016f dramaticky vzrostly o 61,6 %. Vypl\u00fdv\u00e1 to z anal\u00fdzy tr\u017en\u00edch dat, kterou&#8230;<\/p>\n","protected":false},"author":1,"featured_media":4025,"comment_status":"closed","ping_status":"closed","sticky":false,"template":"","format":"standard","meta":{"footnotes":""},"categories":[55,9,10],"tags":[],"class_list":["post-14513","post","type-post","status-publish","format-standard","has-post-thumbnail","hentry","category-bazary","category-elektromobily","category-statistika"],"_links":{"self":[{"href":"https:\/\/www.automakers.cz\/index.php?rest_route=\/wp\/v2\/posts\/14513","targetHints":{"allow":["GET"]}}],"collection":[{"href":"https:\/\/www.automakers.cz\/index.php?rest_route=\/wp\/v2\/posts"}],"about":[{"href":"https:\/\/www.automakers.cz\/index.php?rest_route=\/wp\/v2\/types\/post"}],"author":[{"embeddable":true,"href":"https:\/\/www.automakers.cz\/index.php?rest_route=\/wp\/v2\/users\/1"}],"replies":[{"embeddable":true,"href":"https:\/\/www.automakers.cz\/index.php?rest_route=%2Fwp%2Fv2%2Fcomments&post=14513"}],"version-history":[{"count":3,"href":"https:\/\/www.automakers.cz\/index.php?rest_route=\/wp\/v2\/posts\/14513\/revisions"}],"predecessor-version":[{"id":14515,"href":"https:\/\/www.automakers.cz\/index.php?rest_route=\/wp\/v2\/posts\/14513\/revisions\/14515"}],"wp:featuredmedia":[{"embeddable":true,"href":"https:\/\/www.automakers.cz\/index.php?rest_route=\/wp\/v2\/media\/4025"}],"wp:attachment":[{"href":"https:\/\/www.automakers.cz\/index.php?rest_route=%2Fwp%2Fv2%2Fmedia&parent=14513"}],"wp:term":[{"taxonomy":"category","embeddable":true,"href":"https:\/\/www.automakers.cz\/index.php?rest_route=%2Fwp%2Fv2%2Fcategories&post=14513"},{"taxonomy":"post_tag","embeddable":true,"href":"https:\/\/www.automakers.cz\/index.php?rest_route=%2Fwp%2Fv2%2Ftags&post=14513"}],"curies":[{"name":"wp","href":"https:\/\/api.w.org\/{rel}","templated":true}]}}