{"id":14517,"date":"2025-07-08T07:25:32","date_gmt":"2025-07-08T07:25:32","guid":{"rendered":"https:\/\/www.automakers.cz\/?p=14517"},"modified":"2025-07-08T10:47:41","modified_gmt":"2025-07-08T10:47:41","slug":"z-uamk-odesel-obchodni-a-provozni-reditel","status":"publish","type":"post","link":"https:\/\/www.automakers.cz\/?p=14517","title":{"rendered":"Z \u00daAMK ode\u0161el obchodn\u00ed a provozn\u00ed \u0159editel"},"content":{"rendered":"<p><strong>\u00dast\u0159edn\u00ed Automotoklub (\u00daAMK) letos na ja\u0159e najal nov\u00e9ho provozn\u00edho a obchodn\u00edho \u0159editele. Po t\u0159ech m\u011bs\u00edc\u00edch ale klub op\u011bt m\u011bn\u00ed sv\u016fj management.<\/strong><!--more--><\/p>\n<p><strong>B\u00fdval\u00fd \u0159editel n\u011bkolika automobilov\u00fdch import\u016f Vladim\u00edr Vo\u0161ick\u00fd letos napsal dal\u0161\u00ed kapitolu do sv\u00e9ho profesn\u00edho \u017eivotopisu. Letos na ja\u0159e se stal zam\u011bstnancem spole\u010dnosti \u00daAMK,\u00a0<\/strong>podle profilu na soci\u00e1ln\u00ed s\u00edti Linked-in na pozici \u201eChief Operations Officer\u201c, co\u017e zhruba znamenalo funkci obchodn\u00edho a provozn\u00edho \u0161\u00e9fa.<\/p>\n<p><strong>Nep\u0159e\u017eil zku\u0161ebn\u00ed dobu<\/strong><\/p>\n<p>Ve funkci ale Vo\u0161ick\u00fd nevydr\u017eel dlouho. &#8222;Po vz\u00e1jemn\u00e9 dohod\u011b ve zku\u0161ebn\u00ed dob\u011b <strong>ukon\u010dil pr\u00e1ci v \u00daAMK<\/strong>,&#8220; up\u0159esnil n\u00e1m mluv\u010d\u00ed Igor Sirota v\u00fdvoj person\u00e1ln\u00edho obsazen\u00ed organizace.<\/p>\n<p><strong>Ing. Vladim\u00edr Vo\u0161ick\u00fd<\/strong> pro\u0161el v minulosti \u0159adou top mana\u017eersk\u00fdch pozic nejen ve spole\u010dnostech v\u00a0r\u00e1mci Svazu dovozc\u016f automobil\u016f.<\/p>\n<p>Osmn\u00e1ct let p\u016fsobil ve<strong> Ford Motor Company<\/strong>, a to i na mezin\u00e1rodn\u00ed \u00farovni. Pro\u0161el tak\u00e9 francouzsk\u00fdm <strong>Peugeotem<\/strong> a mezi lety 2010 a\u017e 2019 \u0161\u00e9foval <strong>Hyundai Motor Czech<\/strong>.<\/p>\n<p><img loading=\"lazy\" decoding=\"async\" class=\"alignnone size-full wp-image-12832\" src=\"http:\/\/www.automakers.cz\/wp-content\/uploads\/2025\/04\/Vosicky-Hyundai.jpeg\" alt=\"\" width=\"640\" height=\"319\" \/><\/p>\n<p>Po odchodu z Hyundaie zast\u00e1val Vladim\u00edr Vo\u0161ick\u00fd t\u0159i a p\u016fl roku pozici v\u00fdkonn\u00e9ho \u0159editele spole\u010dnosti <strong>Kvarto<\/strong>, kter\u00e1 zastupuje v \u010cesku \u0159adu zna\u010dek v oblasti zem\u011bd\u011blsk\u00e9 a stavebn\u00ed techniky, odkud jeho profesn\u00ed cesta vedla k <strong>Nissanu\/Grand Automotive Central Europe<\/strong>, kde ukon\u010dil sv\u00e9 anga\u017em\u00e1 v lo\u0148sk\u00e9m roce.<\/p>\n<p><strong>Zdroj: \u00daAMK a archiv<\/strong><\/p>\n","protected":false},"excerpt":{"rendered":"<p>\u00dast\u0159edn\u00ed Automotoklub (\u00daAMK) letos na ja\u0159e najal nov\u00e9ho provozn\u00edho a obchodn\u00edho \u0159editele. Po t\u0159ech m\u011bs\u00edc\u00edch&#8230;<\/p>\n","protected":false},"author":1,"featured_media":2742,"comment_status":"closed","ping_status":"closed","sticky":false,"template":"","format":"standard","meta":{"footnotes":""},"categories":[6,5],"tags":[],"class_list":["post-14517","post","type-post","status-publish","format-standard","has-post-thumbnail","hentry","category-management","category-personalie"],"_links":{"self":[{"href":"https:\/\/www.automakers.cz\/index.php?rest_route=\/wp\/v2\/posts\/14517","targetHints":{"allow":["GET"]}}],"collection":[{"href":"https:\/\/www.automakers.cz\/index.php?rest_route=\/wp\/v2\/posts"}],"about":[{"href":"https:\/\/www.automakers.cz\/index.php?rest_route=\/wp\/v2\/types\/post"}],"author":[{"embeddable":true,"href":"https:\/\/www.automakers.cz\/index.php?rest_route=\/wp\/v2\/users\/1"}],"replies":[{"embeddable":true,"href":"https:\/\/www.automakers.cz\/index.php?rest_route=%2Fwp%2Fv2%2Fcomments&post=14517"}],"version-history":[{"count":4,"href":"https:\/\/www.automakers.cz\/index.php?rest_route=\/wp\/v2\/posts\/14517\/revisions"}],"predecessor-version":[{"id":14528,"href":"https:\/\/www.automakers.cz\/index.php?rest_route=\/wp\/v2\/posts\/14517\/revisions\/14528"}],"wp:featuredmedia":[{"embeddable":true,"href":"https:\/\/www.automakers.cz\/index.php?rest_route=\/wp\/v2\/media\/2742"}],"wp:attachment":[{"href":"https:\/\/www.automakers.cz\/index.php?rest_route=%2Fwp%2Fv2%2Fmedia&parent=14517"}],"wp:term":[{"taxonomy":"category","embeddable":true,"href":"https:\/\/www.automakers.cz\/index.php?rest_route=%2Fwp%2Fv2%2Fcategories&post=14517"},{"taxonomy":"post_tag","embeddable":true,"href":"https:\/\/www.automakers.cz\/index.php?rest_route=%2Fwp%2Fv2%2Ftags&post=14517"}],"curies":[{"name":"wp","href":"https:\/\/api.w.org\/{rel}","templated":true}]}}