{"id":14531,"date":"2025-07-09T07:05:37","date_gmt":"2025-07-09T07:05:37","guid":{"rendered":"https:\/\/www.automakers.cz\/?p=14531"},"modified":"2025-07-09T07:06:35","modified_gmt":"2025-07-09T07:06:35","slug":"toyota-uz-letos-zaregistrovala-pres-10-000-aut","status":"publish","type":"post","link":"https:\/\/www.automakers.cz\/?p=14531","title":{"rendered":"Pele\u0161ka u\u017e letos zaregistroval p\u0159es 10 000 toyot"},"content":{"rendered":"<p><strong>Toyota v \u010dervnu udr\u017eela druh\u00e9 m\u00edsto v sou\u010dtu registrac\u00ed nov\u00fdch osobn\u00edch a lehk\u00fdch u\u017eitkov\u00fdch aut \u010desk\u00e9m trhu. Prodej Toyoty oproti lo\u0148sk\u00e9mu \u010dervnu vzrostl o 15 procent na 2150 osobn\u00edch a lehk\u00fdch u\u017eitkov\u00fdch voz\u016f, ozn\u00e1mil \u0161\u00e9f importu Martin Pele\u0161ka.<\/strong><!--more--><\/p>\n<p>Dos\u00e1hla tak tr\u017en\u00edho pod\u00edlu <strong>8,9 procenta<\/strong>. Podle importu jde o v\u00fdrazn\u00fd posun v r\u00e1mci \u010desk\u00e9ho trhu, kdy\u017e je\u0161t\u011b na konci prvn\u00edho \u010dtvrtlet\u00ed Toyot\u011b pat\u0159ila \u010dtvrt\u00e1 p\u0159\u00ed\u010dka.<\/p>\n<p>Druh\u00e1 p\u0159\u00ed\u010dka Toyot\u011b v \u010dervnu pat\u0159ila i na trhu osobn\u00edch voz\u016f s celkem 1788 prodan\u00fdmi auty, zat\u00edmco na trhu lehk\u00fdch u\u017eitkov\u00fdch voz\u016f dokonce dominovala na prvn\u00edm m\u00edst\u011b.<\/p>\n<p><strong>Letos p\u0159es 10 000 registrac\u00ed, \u010dtvrt\u00e9 m\u00edsto ve fleetech<\/strong><\/p>\n<p>Za cel\u00e9 prvn\u00ed pololet\u00ed Toyota na \u010desk\u00e9m trhu prodala ji\u017e 10 104 voz\u016f, co\u017e znamen\u00e1 t\u0159et\u00ed p\u0159\u00ed\u010dku mezi v\u0161emi zna\u010dkami a tr\u017en\u00ed pod\u00edl p\u0159es 7,6 procenta. V prodeji soukrom\u00fdm z\u00e1kazn\u00edk\u016fm Toyota obsadila celkov\u00e9 \u010dtvrt\u00e9 m\u00edsto a na fleetov\u00e9m trhu se posunula dokonce na t\u0159et\u00ed pozici.<\/p>\n<p>\u201eKe skv\u011bl\u00fdm \u010dervnov\u00fdm v\u00fdsledk\u016fm v\u00fdrazn\u011b p\u0159isp\u011bl rekordn\u00ed Toyota V\u00edkend i \u00fasp\u011b\u0161n\u00e9 ak\u010dn\u00ed nab\u00eddky na vybran\u00e9 modely v\u010detn\u011b atraktivn\u00edho financov\u00e1n\u00ed Kinto One. Nabito m\u00e1me i do dal\u0161\u00edch m\u011bs\u00edc\u016f, kdy bude siln\u00e1 nab\u00eddka d\u00e1le pokra\u010dovat. Nav\u00edc za\u010dneme p\u0159ich\u00e1zet se z\u00e1plavou nov\u00fdch model\u016f, kter\u00e9 postupn\u011b odhalujeme od po\u010d\u00e1tku jara,\u201c dopl\u0148uje <strong>Martin Pele\u0161ka,<\/strong> \u0159editel zna\u010dek Toyota a Lexus \u010cR.<\/p>\n<p>Zdroj: Toyota Czech<\/p>\n<p><img loading=\"lazy\" decoding=\"async\" class=\"alignnone size-medium wp-image-4015\" src=\"http:\/\/www.automakers.cz\/wp-content\/uploads\/2024\/05\/Lexus-Peleska-TK-LBX-900x675.jpg\" alt=\"\" width=\"900\" height=\"675\" srcset=\"https:\/\/www.automakers.cz\/wp-content\/uploads\/2024\/05\/Lexus-Peleska-TK-LBX-900x675.jpg 900w, https:\/\/www.automakers.cz\/wp-content\/uploads\/2024\/05\/Lexus-Peleska-TK-LBX-1024x768.jpg 1024w, https:\/\/www.automakers.cz\/wp-content\/uploads\/2024\/05\/Lexus-Peleska-TK-LBX-768x576.jpg 768w, https:\/\/www.automakers.cz\/wp-content\/uploads\/2024\/05\/Lexus-Peleska-TK-LBX-1536x1152.jpg 1536w, https:\/\/www.automakers.cz\/wp-content\/uploads\/2024\/05\/Lexus-Peleska-TK-LBX.jpg 2040w\" sizes=\"auto, (max-width: 900px) 100vw, 900px\" \/><\/p>\n","protected":false},"excerpt":{"rendered":"<p>Toyota v \u010dervnu udr\u017eela druh\u00e9 m\u00edsto v sou\u010dtu registrac\u00ed nov\u00fdch osobn\u00edch a lehk\u00fdch u\u017eitkov\u00fdch aut&#8230;<\/p>\n","protected":false},"author":1,"featured_media":10628,"comment_status":"closed","ping_status":"closed","sticky":false,"template":"","format":"standard","meta":{"footnotes":""},"categories":[11,48,10],"tags":[],"class_list":["post-14531","post","type-post","status-publish","format-standard","has-post-thumbnail","hentry","category-importeri","category-registrace","category-statistika"],"_links":{"self":[{"href":"https:\/\/www.automakers.cz\/index.php?rest_route=\/wp\/v2\/posts\/14531","targetHints":{"allow":["GET"]}}],"collection":[{"href":"https:\/\/www.automakers.cz\/index.php?rest_route=\/wp\/v2\/posts"}],"about":[{"href":"https:\/\/www.automakers.cz\/index.php?rest_route=\/wp\/v2\/types\/post"}],"author":[{"embeddable":true,"href":"https:\/\/www.automakers.cz\/index.php?rest_route=\/wp\/v2\/users\/1"}],"replies":[{"embeddable":true,"href":"https:\/\/www.automakers.cz\/index.php?rest_route=%2Fwp%2Fv2%2Fcomments&post=14531"}],"version-history":[{"count":6,"href":"https:\/\/www.automakers.cz\/index.php?rest_route=\/wp\/v2\/posts\/14531\/revisions"}],"predecessor-version":[{"id":14538,"href":"https:\/\/www.automakers.cz\/index.php?rest_route=\/wp\/v2\/posts\/14531\/revisions\/14538"}],"wp:featuredmedia":[{"embeddable":true,"href":"https:\/\/www.automakers.cz\/index.php?rest_route=\/wp\/v2\/media\/10628"}],"wp:attachment":[{"href":"https:\/\/www.automakers.cz\/index.php?rest_route=%2Fwp%2Fv2%2Fmedia&parent=14531"}],"wp:term":[{"taxonomy":"category","embeddable":true,"href":"https:\/\/www.automakers.cz\/index.php?rest_route=%2Fwp%2Fv2%2Fcategories&post=14531"},{"taxonomy":"post_tag","embeddable":true,"href":"https:\/\/www.automakers.cz\/index.php?rest_route=%2Fwp%2Fv2%2Ftags&post=14531"}],"curies":[{"name":"wp","href":"https:\/\/api.w.org\/{rel}","templated":true}]}}