{"id":14540,"date":"2025-07-09T15:46:41","date_gmt":"2025-07-09T15:46:41","guid":{"rendered":"https:\/\/www.automakers.cz\/?p=14540"},"modified":"2025-07-09T15:46:41","modified_gmt":"2025-07-09T15:46:41","slug":"prague-car-festival-opet-v-listopadu","status":"publish","type":"post","link":"https:\/\/www.automakers.cz\/?p=14540","title":{"rendered":"Prague Car Festival op\u011bt v listopadu"},"content":{"rendered":"<p><strong>Na pra\u017esk\u00e9m v\u00fdstavi\u0161ti PVA EXPO PRAHA v Let\u0148anech se za\u010d\u00e1tkem listopadu p\u0159edstav\u00ed v\u00edce ne\u017e tis\u00edc automobilov\u00fdch expon\u00e1t\u016f v r\u00e1mci ji\u017e 14. ro\u010dn\u00edku veletrhu PRAGUE CAR FESTIVAL\u00ae.<\/strong><!--more--><\/p>\n<p>Stejn\u011b jako v\u00a0lo\u0148sk\u00e9m roce bude cel\u00fd veletrh rozd\u011blen do\u00a0t\u0159\u00ed tematick\u00fdch v\u00fdstav a\u00a0dopln\u011bn \u00fazce zam\u011b\u0159en\u00fdmi sekcemi. Leto\u0161n\u00ed ro\u010dn\u00edk, b\u011bhem n\u011bho\u017e budou moci n\u00e1v\u0161t\u011bvn\u00edci obdivovat p\u0159edev\u0161\u00edm automobilov\u00e9 expon\u00e1ty v\u00a0celkem sedmi hal\u00e1ch pra\u017esk\u00e9ho v\u00fdstavi\u0161t\u011b, se op\u011bt ponese v\u00a0duchu z\u00e1kladn\u00ed my\u0161lenky veletrhu \u2013\u00a0<em>Auta ve v\u0161ech podob\u00e1ch<\/em>.<\/p>\n<p>P\u0159\u00edpravy nov\u00e9ho ro\u010dn\u00edku veletrhu\u00a0<strong>PRAGUE CAR FESTIVAL\u00ae<\/strong>\u00a0jsou ji\u017e v\u00a0pln\u00e9m proudu a\u00a0o vzr\u016fstaj\u00edc\u00edm z\u00e1jmu partner\u016f sv\u011bd\u010d\u00ed mimo jin\u00e9 i\u00a0n\u00e1zvy jednotliv\u00fdch v\u00fdstav.\u00a0<strong>SPIES HECKER CLASSIC EXPO<\/strong>\u00a0p\u0159edstav\u00ed na\u00a0sv\u00e9 v\u00fdstavn\u00ed plo\u0161e bohatou automobilovou historii, kter\u00e1 bude dopln\u011bna besedami a\u00a0p\u0159ipomenut\u00edm n\u011bkter\u00fdch v\u00fdznamn\u00fdch jubile\u00ed. V\u00fdstava\u00a0<strong>EIBACH TUNING EXPO<\/strong>\u00a0sezn\u00e1m\u00ed n\u00e1v\u0161t\u011bvn\u00edky s\u00a0nejnov\u011bj\u0161\u00edmi trendy v\u00a0oblasti profesion\u00e1ln\u00edch \u00faprav voz\u016f.<\/p>\n<p><strong>Hala pro Racing Expo<\/strong><\/p>\n<p>Fanou\u0161ci motoristick\u00e9ho sportu nap\u0159\u00ed\u010d v\u011bt\u0161inou discipl\u00edn si p\u0159ijdou na\u00a0sv\u00e9 ve v\u00fdstavn\u00ed hale\u00a0<strong>RACING EXPO<\/strong>. I\u00a0zde bude celkov\u00fd program dopln\u011bn zaj\u00edmav\u00fdmi rozhovory a\u00a0prezentacemi. Samoz\u0159ejm\u011b nebudou na\u00a0veletrhu PRAGUE CAR FESTIVAL\u00ae chyb\u011bt ani lo\u0148sk\u00e9 nejatraktivn\u011bj\u0161\u00ed expozice \u2013\u00a0<strong>PIRELLI AUTO EXCLUSIVE<\/strong>\u00a0s\u00a0limitovan\u00fdm v\u00fdb\u011brem luxusn\u00edch voz\u016f a\u00a0tak\u00e9 venkovn\u00ed\u00a0<strong>REMUS AR\u00c9NA<\/strong>, prezentuj\u00edc\u00ed na\u00a0voln\u00e9m prostranstv\u00ed are\u00e1lu v\u00fdstavi\u0161t\u011b exkluzivn\u00ed adrenalinovou show.<\/p>\n<p><em>\u201eJsme velmi r\u00e1di, \u017ee po\u010d\u00e1tek listopadu bude v\u00a0Praze op\u011bt ve znamen\u00ed jednoho z\u00a0nejv\u011bt\u0161\u00edch veletrh\u016f s\u00a0motoristickou t\u00e9matikou ve st\u0159edn\u00ed Evrop\u011b. Ka\u017ed\u00fdm rokem vn\u00edm\u00e1me st\u00e1le v\u011bt\u0161\u00ed z\u00e1jem o\u00a0tuto akci pro\u00a0celou rodinu, a\u00a0to nejen ze strany ve\u0159ejnosti a\u00a0m\u00e9di\u00ed, ale tak\u00e9 z\u00a0pohledu rostouc\u00edho po\u010dtu obchodn\u00edch partner\u016f. To je pro\u00a0n\u00e1s samoz\u0159ejm\u011b ta nejlep\u0161\u00ed odm\u011bna a\u00a0z\u00e1rove\u0148 motivace do\u00a0p\u0159\u00edprav nov\u00e9ho ro\u010dn\u00edku. Loni se na\u00a0tento veletrh p\u0159i\u0161lo pod\u00edvat rekordn\u00edch jedna\u010dty\u0159icet tis\u00edc n\u00e1v\u0161t\u011bvn\u00edk\u016f v\u0161ech generac\u00ed a\u00a0my se u\u017e nyn\u00ed sna\u017e\u00edme nov\u00fdmi prvky v\u00a0programu veletrhu p\u0159il\u00e1kat v\u00a0listopadu na\u00a0v\u00fdstavi\u0161t\u011b v\u00a0pra\u017esk\u00fdch Let\u0148anech je\u0161t\u011b v\u00edce milovn\u00edk\u016f motorismu. Aktu\u00e1ln\u00ed novinky budeme pr\u016fb\u011b\u017en\u011b komunikovat na\u00a0soci\u00e1ln\u00edch s\u00edt\u00edch i\u00a0na ofici\u00e1ln\u00edm webu,\u201c<\/em>\u00a0\u0159ekl k\u00a0prob\u00edhaj\u00edc\u00edm p\u0159\u00edprav\u00e1m veletrhu PRAGUE CAR FESTIVAL\u00ae jeho \u0159editel Petr Dufek.<\/p>\n<p><strong>Zdroj: Petr Dufek<\/strong><\/p>\n","protected":false},"excerpt":{"rendered":"<p>Na pra\u017esk\u00e9m v\u00fdstavi\u0161ti PVA EXPO PRAHA v Let\u0148anech se za\u010d\u00e1tkem listopadu p\u0159edstav\u00ed v\u00edce ne\u017e tis\u00edc&#8230;<\/p>\n","protected":false},"author":1,"featured_media":14541,"comment_status":"closed","ping_status":"closed","sticky":false,"template":"","format":"standard","meta":{"footnotes":""},"categories":[19,8],"tags":[],"class_list":["post-14540","post","type-post","status-publish","format-standard","has-post-thumbnail","hentry","category-motorsport","category-vystavy"],"_links":{"self":[{"href":"https:\/\/www.automakers.cz\/index.php?rest_route=\/wp\/v2\/posts\/14540","targetHints":{"allow":["GET"]}}],"collection":[{"href":"https:\/\/www.automakers.cz\/index.php?rest_route=\/wp\/v2\/posts"}],"about":[{"href":"https:\/\/www.automakers.cz\/index.php?rest_route=\/wp\/v2\/types\/post"}],"author":[{"embeddable":true,"href":"https:\/\/www.automakers.cz\/index.php?rest_route=\/wp\/v2\/users\/1"}],"replies":[{"embeddable":true,"href":"https:\/\/www.automakers.cz\/index.php?rest_route=%2Fwp%2Fv2%2Fcomments&post=14540"}],"version-history":[{"count":2,"href":"https:\/\/www.automakers.cz\/index.php?rest_route=\/wp\/v2\/posts\/14540\/revisions"}],"predecessor-version":[{"id":14543,"href":"https:\/\/www.automakers.cz\/index.php?rest_route=\/wp\/v2\/posts\/14540\/revisions\/14543"}],"wp:featuredmedia":[{"embeddable":true,"href":"https:\/\/www.automakers.cz\/index.php?rest_route=\/wp\/v2\/media\/14541"}],"wp:attachment":[{"href":"https:\/\/www.automakers.cz\/index.php?rest_route=%2Fwp%2Fv2%2Fmedia&parent=14540"}],"wp:term":[{"taxonomy":"category","embeddable":true,"href":"https:\/\/www.automakers.cz\/index.php?rest_route=%2Fwp%2Fv2%2Fcategories&post=14540"},{"taxonomy":"post_tag","embeddable":true,"href":"https:\/\/www.automakers.cz\/index.php?rest_route=%2Fwp%2Fv2%2Ftags&post=14540"}],"curies":[{"name":"wp","href":"https:\/\/api.w.org\/{rel}","templated":true}]}}