{"id":14562,"date":"2025-07-10T15:48:51","date_gmt":"2025-07-10T15:48:51","guid":{"rendered":"https:\/\/www.automakers.cz\/?p=14562"},"modified":"2025-07-10T15:48:51","modified_gmt":"2025-07-10T15:48:51","slug":"wolt-nasazuje-v-praze-20-elektromobilu","status":"publish","type":"post","link":"https:\/\/www.automakers.cz\/?p=14562","title":{"rendered":"Wolt nasazuje v Praze 20 elektromobil\u016f"},"content":{"rendered":"<p><strong>Technologick\u00e1 a kur\u00fdrn\u00ed spole\u010dnost Wolt spou\u0161t\u00ed pilotn\u00ed projekt m\u011bstsk\u00e9ho doru\u010dov\u00e1n\u00ed v nov\u00e9 bezemisn\u00ed podob\u011b. V jeho r\u00e1mci maj\u00ed kur\u00fd\u0159i v Praze nyn\u00ed k dispozici 20 elektromobil\u016f vybaven\u00fdch vym\u011bniteln\u00fdmi bateriemi. <\/strong><!--more--><\/p>\n<p>Tento projekt \u010dist\u00e9 mobility, kter\u00fd je sou\u010d\u00e1st\u00ed mezin\u00e1rodn\u00edho programu<strong> NG SEED<\/strong>, je realizovan\u00fd ve spolupr\u00e1ci s\u00a0rumunsk\u00fdm v\u00fdrobcem a dodavatelem elektromobil\u016f UNY. Tento pl\u00e1n podporuje tak\u00e9 Evropsk\u00fd inova\u010dn\u00ed a technologick\u00fd institut EIT Urban Mobility, kter\u00fd je org\u00e1nem Evropsk\u00e9 unie.<\/p>\n<p>Dvacet v\u016fbec prvn\u00edch elektromobil\u016f od spole\u010dnosti UNY nab\u00edz\u00ed pra\u017esk\u00fdm kur\u00fdr\u016fm ekologickou mo\u017enost doru\u010dov\u00e1n\u00ed. Kl\u00ed\u010dovou v\u00fdhodou je, \u017ee vozidla nen\u00ed nutn\u00e9 nab\u00edjet tradi\u010dn\u00edm zp\u016fsobem. Kdy\u017e baterie dojde, kur\u00fdr ji m\u016f\u017ee b\u011bhem n\u011bkolika vte\u0159in jednodu\u0161e vym\u011bnit za pln\u011b nabitou. To prakticky eliminuje zpo\u017ed\u011bn\u00ed p\u0159i doru\u010dov\u00e1n\u00ed a pom\u00e1h\u00e1 kur\u00fdr\u016fm doru\u010dit objedn\u00e1vky z\u00e1kazn\u00edk\u016fm v\u010das. \u201eTento projekt se mi velmi l\u00edb\u00ed. D\u00edky velikosti elektromobilu mohu kdekoliv snadno a bezpe\u010dn\u011b zaparkovat,\u201c <strong>\u0159\u00edk\u00e1 jeden z pra\u017esk\u00fdch kur\u00fdr\u016f Adam<\/strong>, kter\u00fd se do pilotn\u00edho projektu zapojil.<\/p>\n<p><strong>Udr\u017eitelnost a sn\u00ed\u017een\u00ed emis\u00ed<\/strong><strong><br \/>\n<\/strong>Hlavn\u00edm c\u00edlem projektu je sn\u00ed\u017eit emise spojen\u00e9 s doru\u010dov\u00e1n\u00edm. Wolt chce ve spolupr\u00e1ci s EIT Urban Mobility tak\u00e9 otestovat, jak v praxi funguje udr\u017eiteln\u00fd model doru\u010dov\u00e1n\u00ed na posledn\u00ed m\u00edli, p\u0159i kter\u00e9m kur\u00fdr doru\u010duje objedn\u00e1vku p\u0159\u00edmo z distribu\u010dn\u00edho centra na adresu z\u00e1kazn\u00edka.<\/p>\n<p>V roce 2023 dos\u00e1hl trh doru\u010dov\u00e1n\u00ed na posledn\u00ed m\u00edli v Evrop\u011b hodnoty p\u0159es 30 miliard dolar\u016f a b\u011bhem n\u00e1sleduj\u00edc\u00edch deseti let by m\u011bl vzr\u016fst t\u00e9m\u011b\u0159 na 55 miliard. Tento sektor je z\u00e1rove\u0148 zodpov\u011bdn\u00fd za 5\u201310 % emis\u00ed z m\u011bstsk\u00e9 dopravy.<\/p>\n<p>Podle mana\u017eera strategie a inovac\u00ed pro kur\u00fdry spole\u010dnosti Wolt ve st\u0159edn\u00ed Evrop\u011b Jakuba Mo\u0165ovsk\u00e9ho p\u0159edstavuj\u00ed tato nov\u00e1 bezemisn\u00ed vozidla krok sm\u011brem k udr\u017eiteln\u011bj\u0161\u00ed budoucnosti m\u011bstsk\u00e9 logistiky. \u201eD\u00edky \u00fa\u010dasti v programu NG SEED testujeme syst\u00e9m, kter\u00fd m\u016f\u017ee sn\u00ed\u017eit emise CO\u2082 a\u017e o 90 % a z\u00e1rove\u0148 sn\u00ed\u017eit provozn\u00ed n\u00e1klady na polovinu. V\u011b\u0159\u00edm, \u017ee pr\u00e1v\u011b takov\u00e1 \u0159e\u0161en\u00ed mohou pomoci zlep\u0161it kvalitu \u017eivota ve m\u011bstech,\u201c<strong>\u00a0dod\u00e1v\u00e1 Jakub Mo\u0165ovsk\u00fd<\/strong>.<\/p>\n<p><img loading=\"lazy\" decoding=\"async\" class=\"alignnone size-medium wp-image-14565\" src=\"http:\/\/www.automakers.cz\/wp-content\/uploads\/2025\/07\/Wolt-obrazek-elektromobil-s-vymenitelnymi-bateriemi-900x599.jpg\" alt=\"\" width=\"900\" height=\"599\" \/>Praha byla vybr\u00e1na jako jedno ze t\u0159\u00ed testovac\u00edch m\u011bst v Evrop\u011b \u2013 vedle Var\u0161avy a Budape\u0161ti. Do konce pilotn\u00edho projektu cht\u011bj\u00ed \u00fa\u010dastn\u00edci uskute\u010dnit v\u00edce ne\u017e 70 tis\u00edc bezemisn\u00edch doru\u010den\u00ed, ujet 360 tis\u00edc kilometr\u016f a u\u0161et\u0159it 25 tun oxidu uhli\u010dit\u00e9ho.<\/p>\n<p>Wolt t\u00edmto projektem navazuje na dubnov\u00e9 spu\u0161t\u011bn\u00ed n\u00e1rodn\u00edho pilotn\u00edho provozu elektrick\u00fdch voz\u00edtek VOK S a SMARTVELO, kter\u00e1 rovn\u011b\u017e podporuj\u00ed p\u0159echod k udr\u017eiteln\u011bj\u0161\u00ed m\u011bstsk\u00e9 logistice.<\/p>\n","protected":false},"excerpt":{"rendered":"<p>Technologick\u00e1 a kur\u00fdrn\u00ed spole\u010dnost Wolt spou\u0161t\u00ed pilotn\u00ed projekt m\u011bstsk\u00e9ho doru\u010dov\u00e1n\u00ed v nov\u00e9 bezemisn\u00ed podob\u011b. V&#8230;<\/p>\n","protected":false},"author":1,"featured_media":14564,"comment_status":"closed","ping_status":"closed","sticky":false,"template":"","format":"standard","meta":{"footnotes":""},"categories":[9,15,43],"tags":[],"class_list":["post-14562","post","type-post","status-publish","format-standard","has-post-thumbnail","hentry","category-elektromobily","category-fleety","category-logistika"],"_links":{"self":[{"href":"https:\/\/www.automakers.cz\/index.php?rest_route=\/wp\/v2\/posts\/14562","targetHints":{"allow":["GET"]}}],"collection":[{"href":"https:\/\/www.automakers.cz\/index.php?rest_route=\/wp\/v2\/posts"}],"about":[{"href":"https:\/\/www.automakers.cz\/index.php?rest_route=\/wp\/v2\/types\/post"}],"author":[{"embeddable":true,"href":"https:\/\/www.automakers.cz\/index.php?rest_route=\/wp\/v2\/users\/1"}],"replies":[{"embeddable":true,"href":"https:\/\/www.automakers.cz\/index.php?rest_route=%2Fwp%2Fv2%2Fcomments&post=14562"}],"version-history":[{"count":2,"href":"https:\/\/www.automakers.cz\/index.php?rest_route=\/wp\/v2\/posts\/14562\/revisions"}],"predecessor-version":[{"id":14566,"href":"https:\/\/www.automakers.cz\/index.php?rest_route=\/wp\/v2\/posts\/14562\/revisions\/14566"}],"wp:featuredmedia":[{"embeddable":true,"href":"https:\/\/www.automakers.cz\/index.php?rest_route=\/wp\/v2\/media\/14564"}],"wp:attachment":[{"href":"https:\/\/www.automakers.cz\/index.php?rest_route=%2Fwp%2Fv2%2Fmedia&parent=14562"}],"wp:term":[{"taxonomy":"category","embeddable":true,"href":"https:\/\/www.automakers.cz\/index.php?rest_route=%2Fwp%2Fv2%2Fcategories&post=14562"},{"taxonomy":"post_tag","embeddable":true,"href":"https:\/\/www.automakers.cz\/index.php?rest_route=%2Fwp%2Fv2%2Ftags&post=14562"}],"curies":[{"name":"wp","href":"https:\/\/api.w.org\/{rel}","templated":true}]}}