{"id":1457,"date":"2024-01-16T10:40:45","date_gmt":"2024-01-16T10:40:45","guid":{"rendered":"https:\/\/www.automakers.cz\/?p=1457"},"modified":"2024-01-19T10:26:49","modified_gmt":"2024-01-19T10:26:49","slug":"skoda-auto-loni-dodala-866-800-vozu","status":"publish","type":"post","link":"https:\/\/www.automakers.cz\/?p=1457","title":{"rendered":"\u0160koda loni dodala 866 800 aut (Studio \u010cT)"},"content":{"rendered":"<p><strong>\u0160kodovka v roce 2023 dodala z\u00e1kazn\u00edk\u016fm 866 800 voz\u016f, co\u017e odpov\u00edd\u00e1 n\u00e1r\u016fstu o 18,5 %. Nejv\u011bt\u0161\u00edm trhem z\u016fst\u00e1v\u00e1 N\u011bmecko se 157 800 vozy (+17,6 %), na \u010desk\u00fd trh zna\u010dka dodala 87 800 aut (+23,4 %). Statistiky komentovali pro \u010cT 24 \u010dlen boardu Martin Jahn a \u0161\u00e9fredaktor AUTOmakers Erich Handl.<\/strong><!--more--><\/p>\n<p>Nejv\u00fdrazn\u011bj\u0161\u00ed meziro\u010dn\u00ed n\u00e1r\u016fst prodej\u016f voz\u016f \u0160koda p\u0159ipadl na N\u011bmecko, Spojen\u00e9 kr\u00e1lovstv\u00ed a \u010ceskou republiku. Modelov\u00e1 \u0159ada pln\u011b elektrick\u00e9ho modelu Enyaq dos\u00e1hlas 81 700 dod\u00e1vkami (+52,1 %) absolutn\u00edho rekordu od sv\u00e9ho uveden\u00ed na trh a v roce 2023 se Enyaq na mnoha evropsk\u00fdch trz\u00edch stal jedn\u00edm z nejprod\u00e1van\u011bj\u0161\u00edch elektromobil\u016f.<\/p>\n<p>Podzimn\u00edm vstupem na vietnamsk\u00fd a kazachst\u00e1nsk\u00fd trh automobilka systematicky pokra\u010duje v rozvoji internacionalizace.<\/p>\n<p><strong>Martin Jahn, \u010dlen p\u0159edstavenstva spole\u010dnosti \u0160koda Auto pro Prodej a marketing, uvedl:<\/strong><\/p>\n<p>\u201eLoni jsme u celosv\u011btov\u00fdch dod\u00e1vek z\u00e1kazn\u00edk\u016fm dos\u00e1hli v\u00fdrazn\u00e9ho meziro\u010dn\u00edho n\u00e1r\u016fstu o 18,5 %, co\u017e p\u0159edstavuje 135 500 vozidel. Na\u0161\u00edm nejd\u016fle\u017eit\u011bj\u0161\u00edm trhem z\u016fst\u00e1v\u00e1 Evropa, v Z\u00e1padn\u00ed Evrop\u011b jsme pos\u00edlili o 27,4 % a zajistili jsme si sedmou pozici mezi nej\u00fasp\u011b\u0161n\u011bj\u0161\u00edmi zna\u010dkami na kontinentu. K vynikaj\u00edc\u00edmi v\u00fdsledku v\u00fdrazn\u011b p\u0159isp\u011blo N\u011bmecko, n\u00e1\u0161 nejv\u011bt\u0161\u00ed trh, kde jsme zaznamenali meziro\u010dn\u00ed nav\u00fd\u0161en\u00ed dod\u00e1vek o 23 600 voz\u016f, d\u00e1le Spojen\u00e9 kr\u00e1lovstv\u00ed s odbytem zv\u00fd\u0161en\u00fdm o 20 700 voz\u016f a \u010cesk\u00e1 republika s n\u00e1r\u016fstem o 16 600 voz\u016f. Enyaq se stal nejprod\u00e1van\u011bj\u0161\u00edm elektrick\u00fdm vozem v \u010cesk\u00e9 republice a na Slovensku a dostal se mezi nej\u017e\u00e1dan\u011bj\u0161\u00ed elektromobily v dal\u0161\u00edch kl\u00ed\u010dov\u00fdch evropsk\u00fdch trz\u00edch, nap\u0159\u00edklad v N\u011bmecku byl v listopadu a prosinci v\u016fbec nejprod\u00e1van\u011bj\u0161\u00edm elektromobilem. Mimo Evropu jsme dos\u00e1hli v\u00fdznamn\u00e9ho miln\u00edku v Indii, kde jsme p\u0159ekonali hranici 100 000 dodan\u00fdch voz\u016f za posledn\u00ed dva roky, a byli jsme tak\u00e9 \u00fasp\u011b\u0161n\u00ed na dal\u0161\u00edch trz\u00edch, jako je Turecko nebo Tchaj-wan. Nav\u00edc jsme vstoupili na vietnamsk\u00fd trh a zah\u00e1jili novou strategickou spolupr\u00e1ci v Kazachst\u00e1nu.\u201c<\/p>\n<figure class=\"wp-block-embed wp-block-embed-youtube is-type-video is-provider-youtube epyt-figure\"><div class=\"wp-block-embed__wrapper\"><iframe loading=\"lazy\"  id=\"_ytid_78071\"  width=\"640\" height=\"360\"  data-origwidth=\"640\" data-origheight=\"360\" src=\"https:\/\/www.youtube.com\/embed\/hhNCHmSaQYA?enablejsapi=1&autoplay=0&cc_load_policy=0&cc_lang_pref=&iv_load_policy=1&loop=0&modestbranding=0&rel=1&fs=1&playsinline=0&autohide=2&theme=dark&color=red&controls=1&\" class=\"__youtube_prefs__  no-lazyload\" title=\"YouTube player\"  allow=\"accelerometer; autoplay; clipboard-write; encrypted-media; gyroscope; picture-in-picture\" allowfullscreen data-no-lazy=\"1\" data-skipgform_ajax_framebjll=\"\"><\/iframe><\/div><\/figure>\n<p><strong>Celosv\u011btov\u00e9 dod\u00e1vky voz\u016f v roce 2023 ve vybran\u00fdch prodejn\u00edch regionech:<\/strong><\/p>\n<p><strong>(Dod\u00e1vky v r. 2022; meziro\u010dn\u00ed zm\u011bna v %)<\/strong><\/p>\n<p>Evropa 712 000 voz\u016f (574 800 voz\u016f; +23,9 %)<br \/>\nEU 27, Norsko a Island 601 100 voz\u016f (477 700 voz\u016f; +25,8 %)<br \/>\nZ\u00e1padn\u00ed Evropa 480 100 voz\u016f (377 000 voz\u016f; +27,4 %)<br \/>\nN\u011bmecko (nejv\u011bt\u0161\u00ed jednotliv\u00fd trh) 157 800 voz\u016f (134 300 voz\u016f; +17,6 %)<br \/>\nSpojen\u00e9 kr\u00e1lovstv\u00ed 70 300 voz\u016f (49 600 voz\u016f; +41,8 %)<br \/>\nSt\u0159edn\u00ed Evropa 185 000 voz\u016f (148 000 voz\u016f; +25,1 %)<br \/>\n\u010cesk\u00e1 republika 87 800 voz\u016f (71 200 voz\u016f; +23,4 %)<br \/>\nV\u00fdchodn\u00ed Evropa 46 800 voz\u016f (49 900 voz\u016f; -6,2 %)<br \/>\nIndie 48 800 voz\u016f (51 900 voz\u016f; -5,8 %)<br \/>\n\u010c\u00edna 22 800 voz\u016f (44 600 voz\u016f; -48,9 %)<br \/>\nTchaj-wan 10 000 voz\u016f (6 600 voz\u016f; +51,5 %)<br \/>\nOstatn\u00ed regiony 83 200 voz\u016f (60 000 voz\u016f; +38,6 %)<br \/>\nTurecko 33 600 voz\u016f (18 500 voz\u016f; +81,8 %)<br \/>\nIzrael 14 500 voz\u016f (13 600 voz\u016f; +7,3 %)<\/p>\n<p><strong>Celkem na sv\u011bt\u011b 866 800 voz\u016f (731 300 voz\u016f; +18,5 %<\/strong><\/p>\n<p><strong>Zdroj: \u0160koda, \u010cT 24<\/strong><\/p>\n<p><img loading=\"lazy\" decoding=\"async\" class=\"alignnone size-medium wp-image-1460\" src=\"http:\/\/www.automakers.cz\/wp-content\/uploads\/2024\/01\/Jahn-CT-24-komentar-Skoda-900x506.jpg\" alt=\"\" width=\"900\" height=\"506\" srcset=\"https:\/\/www.automakers.cz\/wp-content\/uploads\/2024\/01\/Jahn-CT-24-komentar-Skoda-900x506.jpg 900w, https:\/\/www.automakers.cz\/wp-content\/uploads\/2024\/01\/Jahn-CT-24-komentar-Skoda-1024x576.jpg 1024w, https:\/\/www.automakers.cz\/wp-content\/uploads\/2024\/01\/Jahn-CT-24-komentar-Skoda-768x432.jpg 768w, https:\/\/www.automakers.cz\/wp-content\/uploads\/2024\/01\/Jahn-CT-24-komentar-Skoda-1536x864.jpg 1536w, https:\/\/www.automakers.cz\/wp-content\/uploads\/2024\/01\/Jahn-CT-24-komentar-Skoda-1280x720.jpg 1280w, https:\/\/www.automakers.cz\/wp-content\/uploads\/2024\/01\/Jahn-CT-24-komentar-Skoda.jpg 1920w\" sizes=\"auto, (max-width: 900px) 100vw, 900px\" \/><\/p>\n<p>&nbsp;<\/p>\n","protected":false},"excerpt":{"rendered":"<p>\u0160kodovka v roce 2023 dodala z\u00e1kazn\u00edk\u016fm 866 800 voz\u016f, co\u017e odpov\u00edd\u00e1 n\u00e1r\u016fstu o 18,5 %&#8230;.<\/p>\n","protected":false},"author":1,"featured_media":1459,"comment_status":"open","ping_status":"open","sticky":false,"template":"","format":"standard","meta":{"footnotes":""},"categories":[59,14,10],"tags":[],"class_list":["post-1457","post","type-post","status-publish","format-standard","has-post-thumbnail","hentry","category-automakers-tv","category-komentar","category-statistika"],"_links":{"self":[{"href":"https:\/\/www.automakers.cz\/index.php?rest_route=\/wp\/v2\/posts\/1457","targetHints":{"allow":["GET"]}}],"collection":[{"href":"https:\/\/www.automakers.cz\/index.php?rest_route=\/wp\/v2\/posts"}],"about":[{"href":"https:\/\/www.automakers.cz\/index.php?rest_route=\/wp\/v2\/types\/post"}],"author":[{"embeddable":true,"href":"https:\/\/www.automakers.cz\/index.php?rest_route=\/wp\/v2\/users\/1"}],"replies":[{"embeddable":true,"href":"https:\/\/www.automakers.cz\/index.php?rest_route=%2Fwp%2Fv2%2Fcomments&post=1457"}],"version-history":[{"count":6,"href":"https:\/\/www.automakers.cz\/index.php?rest_route=\/wp\/v2\/posts\/1457\/revisions"}],"predecessor-version":[{"id":1467,"href":"https:\/\/www.automakers.cz\/index.php?rest_route=\/wp\/v2\/posts\/1457\/revisions\/1467"}],"wp:featuredmedia":[{"embeddable":true,"href":"https:\/\/www.automakers.cz\/index.php?rest_route=\/wp\/v2\/media\/1459"}],"wp:attachment":[{"href":"https:\/\/www.automakers.cz\/index.php?rest_route=%2Fwp%2Fv2%2Fmedia&parent=1457"}],"wp:term":[{"taxonomy":"category","embeddable":true,"href":"https:\/\/www.automakers.cz\/index.php?rest_route=%2Fwp%2Fv2%2Fcategories&post=1457"},{"taxonomy":"post_tag","embeddable":true,"href":"https:\/\/www.automakers.cz\/index.php?rest_route=%2Fwp%2Fv2%2Ftags&post=1457"}],"curies":[{"name":"wp","href":"https:\/\/api.w.org\/{rel}","templated":true}]}}