{"id":14599,"date":"2025-07-12T05:25:44","date_gmt":"2025-07-12T05:25:44","guid":{"rendered":"https:\/\/www.automakers.cz\/?p=14599"},"modified":"2025-07-12T05:25:44","modified_gmt":"2025-07-12T05:25:44","slug":"cez-hlasi-narust-poctu-dobijeni-elektromobilu-pres-50","status":"publish","type":"post","link":"https:\/\/www.automakers.cz\/?p=14599","title":{"rendered":"\u010cEZ hl\u00e1s\u00ed n\u00e1r\u016fst po\u010dtu dob\u00edjen\u00ed elektromobil\u016f p\u0159es 50 %"},"content":{"rendered":"<p><strong>Poprv\u00e9 v\u00a0\u010cesk\u00e9 republice poko\u0159il celkov\u00fd pololetn\u00ed odb\u011br v\u00a0r\u00e1mci jedn\u00e9 s\u00edt\u011b ve\u0159ejn\u00fdch dob\u00edjec\u00edch stanic pro e-auta hranici 6 milion\u016f kWh. U stojan\u016f \u010cEZ vyu\u017eili \u0159idi\u010di slu\u017ebu futurego\u00a0v\u00edce ne\u017e 271tis\u00edckr\u00e1t a v\u00a0pr\u016fm\u011bru si poka\u017ed\u00e9 odvezli asi 23 kWh certifikovan\u00e9 bezemisn\u00ed elekt\u0159iny.<\/strong><!--more--><\/p>\n<p>Vedle st\u00e1le rostouc\u00edho po\u010dtu elektroaut na \u010desk\u00fdch silnic\u00edch t\u00e1hne trend p\u0159edev\u0161\u00edm dal\u0161\u00ed roz\u0161i\u0159ov\u00e1n\u00ed s\u00edt\u011b a posilov\u00e1n\u00ed pod\u00edlu ultrarychl\u00fdch stojan\u016f. \u010cEZ tento v\u00fdvoj v\u00a01. pololet\u00ed podpo\u0159il zprovozn\u011bn\u00edm 74 nov\u00fdch dob\u00edjec\u00edch stanic a celkov\u00fd v\u00fdkon s\u00edt\u011b vyt\u00e1hnul a\u017e k 85 MW. V\u00fdsledkem je 76procentn\u00ed meziro\u010dn\u00ed r\u016fst objemu odb\u011br\u016f a v\u00edce ne\u017e 50procentn\u00ed skok v po\u010dtu dob\u00edjen\u00ed.. S\u00ed\u0165 roste d\u00edky prost\u0159edk\u016fm p\u0159id\u011blovan\u00fdm Opera\u010dn\u00edm programem Doprava i z vlastn\u00edch zdroj\u016f Skupiny \u010cEZ.<\/p>\n<p>V\u00a0\u010cesk\u00e9 republice u\u017e jezd\u00ed hodn\u011b p\u0159es 40 tis\u00edc \u010dist\u011b bateriov\u00fdch aut a zhruba stejn\u00fd po\u010det tzv hybrid\u016f, aut s\u00a0kombinovan\u00fdm pohonem. \u010cEZ tento rychl\u00fd rozvoj podporuje akcelerovanou v\u00fdstavbou des\u00edtek nov\u00fdch stojan\u016f po cel\u00e9 \u010cesk\u00e9 republice. Po\u010det stanic zat\u00edm letos zvedl z\u00a0842 na 916. \u0158idi\u010di v\u00a0dob\u00edjec\u00ed s\u00edti futurego na\u010derpali rekordn\u00edch v\u00edce ne\u017e 6,2 milionu kWh certifikovan\u00e9 zelen\u00e9 elekt\u0159iny, o 76 % v\u00edce ne\u017e za stejn\u00e9 obdob\u00ed lo\u0148sk\u00e9ho roku a v\u00edce ne\u017e za cel\u00fd rok 2022.<\/p>\n<p><em><i>\u201eChceme b\u00fdt p\u0159i v\u00fdstavb\u011b dob\u00edjec\u00ed infrastruktury i nad\u00e1le v\u00a0m\u00edrn\u00e9m p\u0159edstihu p\u0159ed v\u00fdvojem trhu. Za posledn\u00edch 12 m\u011bs\u00edc\u016f jsme proto nav\u00fd\u0161ili po\u010det stanic o t\u00e9m\u011b\u0159 170 a v\u00fdkon s\u00edt\u011b pos\u00edlili z\u00a058 na t\u00e9m\u011b\u0159 85 MW. Stav\u00edme hlavn\u011b ultrarychl\u00e9 dob\u00edjec\u00ed stanice o v\u00fdkonu 150 kW a v\u00edce, kter\u00fdch u\u017e \u0159idi\u010d\u016fm nab\u00edz\u00edme 160, zvy\u0161ujeme i v\u00fdkony stojan\u016f ve frekventovan\u00fdch m\u00edstech a vylep\u0161ujeme slu\u017eby pro z\u00e1kazn\u00edky v\u00a0\u010dele s\u00a0aplikac\u00ed <\/i><\/em><strong>futurego<\/strong><em><i>. V\u00fdsledkem je, \u017ee u\u017e osm m\u011bs\u00edc\u016f v\u00a0\u0159ad\u011b p\u0159ekra\u010duj\u00ed odb\u011bry v\u00a0na\u0161\u00ed s\u00edt\u00ed hranici 1 MWh. Hlavn\u00edmi c\u00edli pro leto\u0161n\u00ed rok jednozna\u010dn\u011b z\u016fst\u00e1vaj\u00ed dosa\u017een\u00ed hranice 1\u00a0000 stojan\u016f v\u00a0s\u00edti, celkov\u00e9ho v\u00fdkonu 100 MW a odb\u011br\u016f na hranici 13 milion\u016f kWh,\u201c <\/i><\/em>\u0159\u00edk\u00e1 <strong>m\u00edstop\u0159edseda p\u0159edstavenstva \u010cEZ Pavel Cyrani<\/strong>.<\/p>\n<p>\u0158idi\u010di u \u010cEZ na\u010derpaj\u00ed energii v\u00a0pr\u016fm\u011bru nejrychleji v\u00a0cel\u00e9 \u010cR, a to d\u00edky nejvy\u0161\u0161\u00edmu v\u00fdkonu cel\u00e9 s\u00edt\u011b stojan\u016f. Kl\u00ed\u010dem k\u00a0udr\u017een\u00ed pozice \u010desk\u00e9ho l\u00eddra ve slu\u017eb\u00e1ch ve\u0159ejn\u00e9ho dob\u00edjen\u00ed je hlavn\u011b pokra\u010duj\u00edc\u00ed v\u00fdstavba velk\u00fdch hub\u016f s v\u011bt\u0161\u00edm po\u010dtem vysokorychlostn\u00edch stanic o v\u00fdkonu a\u017e 360 kW. Pr\u00e1v\u011b u nich si \u0159idi\u010di mohou b\u011bhem 10 minut doplnit baterie aut na dal\u0161\u00edch 150 km j\u00edzdy. Kombinace velk\u00fdch hub\u016f a ultrarychl\u00fdch stanic p\u0159in\u00e1\u0161\u00ed \u0159idi\u010d\u016fm v\u00fdrazn\u00e9 zkr\u00e1cen\u00ed celkov\u00fdch \u010das\u016f dob\u00edjen\u00ed.<\/p>\n<p><em><i>\u201eSna\u017e\u00edme se stanice stav\u011bt ve frekventovan\u00fdch lokalit\u00e1ch a zvy\u0161ovat po\u010det hub\u016f sest\u00e1vaj\u00edc\u00edch z\u00a0minim\u00e1ln\u011b t\u0159\u00ed ultrarychl\u00fdch stojan\u016f. Takov\u00fdch lokalit chceme po cel\u00e9 republice nab\u00edzet do konce roku p\u0159es \u010dty\u0159icet. Ke kvalit\u011b \u0159e\u0161en\u00ed samoz\u0159ejm\u011b pat\u0159\u00ed i odpov\u00eddaj\u00edc\u00ed z\u00e1zem\u00ed, kter\u00e9 jednotliv\u00e1 m\u00edsta \u0159idi\u010d\u016fm b\u011bhem dob\u00edjen\u00ed poskytuj\u00ed. D\u00edky \u0161irok\u00e9 s\u00edti infrastrukturn\u00edch partner\u016f v\u00a0\u010dele s\u00a0obchodn\u00edmi \u0159et\u011bzci, restauracemi a s\u00edt\u011bmi \u010derpac\u00edch stanic se n\u00e1m nastaven\u00fd standard da\u0159\u00ed dr\u017eet. V\u0161echny tyto \u0159et\u011bzce se nav\u00edc nau\u010dily ch\u00e1pat \u0159idi\u010de elektromobil\u016f jako zaj\u00edmavou novou c\u00edlovou skupinu,\u201c <\/i><\/em>\u0159\u00edk\u00e1 <strong>mana\u017eer \u00fatvaru realizace a spr\u00e1va dob\u00edjec\u00edch stanic \u010cEZ Tom\u00e1\u0161 Chmel\u00edk<\/strong><em><i>.<\/i><\/em><\/p>\n<ul>\n<li><b><\/b><strong><b>S\u00ed\u0165 m\u016f\u017ee v\u00a0jednom okam\u017eiku dod\u00e1vat ekologickou energii do bateri\u00ed v\u00edce ne\u017e 1 800 elektromobil\u016f<\/b><\/strong>.<\/li>\n<li>Letos zat\u00edm \u0159idi\u010di zastavili u stojan\u016f \u010cEZ k\u00a0dob\u00edjen\u00ed v\u00a0271\u00a0024 p\u0159\u00edpadech. Bylo to\u00a0<strong><b>o 54\u00a0% v\u00edce<\/b><\/strong>ne\u017e 175 tis\u00edc \u201etankov\u00e1n\u00ed\u201c v\u00a0prvn\u00edm pololet\u00ed roku 2024.<\/li>\n<li>Zat\u00edmco loni od ledna do \u010dervna \u010dinil <strong><b>pr\u016fm\u011brn\u00fd odb\u011br elekt\u0159iny p\u0159i jednom \u201etankov\u00e1n\u00ed\u201c<\/b><\/strong>20,1 kWh, letos p\u0159ekro\u010dil\u00a0<strong><b>22,9 kWh<\/b><\/strong>.<\/li>\n<li>Nejvyt\u00ed\u017een\u011bj\u0161\u00edmi stanicemi s\u00a0pololetn\u00edmi odb\u011bry v\u00a0\u0159\u00e1du vysok\u00fdch des\u00edtek tis\u00edc kWh jsou ultrafasty u d\u00e1lnic D1 (Loket), D5 (Olympia Plze\u0148), D10 (Olympia Ml. Boleslav) a D35 (McDonalds Un\u010dovice) a v Praze.<\/li>\n<li><b><\/b><strong><b>Kompletn\u00ed p\u0159ehled stanic v s\u00edti<\/b><\/strong><a href=\"https:\/\/www.futurego.cz\/cs\/mapa-dobijecich-stanic\">Mapa dob\u00edjec\u00edch stanic | Futurego.cz<\/a><\/li>\n<\/ul>\n<p><strong>Zdroj: Martin Schreier, <\/strong><strong>mluv\u010d\u00ed Skupiny \u010cEZ<\/strong><\/p>\n","protected":false},"excerpt":{"rendered":"<p>Poprv\u00e9 v\u00a0\u010cesk\u00e9 republice poko\u0159il celkov\u00fd pololetn\u00ed odb\u011br v\u00a0r\u00e1mci jedn\u00e9 s\u00edt\u011b ve\u0159ejn\u00fdch dob\u00edjec\u00edch stanic pro e-auta&#8230;<\/p>\n","protected":false},"author":1,"featured_media":9136,"comment_status":"closed","ping_status":"closed","sticky":false,"template":"","format":"standard","meta":{"footnotes":""},"categories":[9,10],"tags":[],"class_list":["post-14599","post","type-post","status-publish","format-standard","has-post-thumbnail","hentry","category-elektromobily","category-statistika"],"_links":{"self":[{"href":"https:\/\/www.automakers.cz\/index.php?rest_route=\/wp\/v2\/posts\/14599","targetHints":{"allow":["GET"]}}],"collection":[{"href":"https:\/\/www.automakers.cz\/index.php?rest_route=\/wp\/v2\/posts"}],"about":[{"href":"https:\/\/www.automakers.cz\/index.php?rest_route=\/wp\/v2\/types\/post"}],"author":[{"embeddable":true,"href":"https:\/\/www.automakers.cz\/index.php?rest_route=\/wp\/v2\/users\/1"}],"replies":[{"embeddable":true,"href":"https:\/\/www.automakers.cz\/index.php?rest_route=%2Fwp%2Fv2%2Fcomments&post=14599"}],"version-history":[{"count":2,"href":"https:\/\/www.automakers.cz\/index.php?rest_route=\/wp\/v2\/posts\/14599\/revisions"}],"predecessor-version":[{"id":14601,"href":"https:\/\/www.automakers.cz\/index.php?rest_route=\/wp\/v2\/posts\/14599\/revisions\/14601"}],"wp:featuredmedia":[{"embeddable":true,"href":"https:\/\/www.automakers.cz\/index.php?rest_route=\/wp\/v2\/media\/9136"}],"wp:attachment":[{"href":"https:\/\/www.automakers.cz\/index.php?rest_route=%2Fwp%2Fv2%2Fmedia&parent=14599"}],"wp:term":[{"taxonomy":"category","embeddable":true,"href":"https:\/\/www.automakers.cz\/index.php?rest_route=%2Fwp%2Fv2%2Fcategories&post=14599"},{"taxonomy":"post_tag","embeddable":true,"href":"https:\/\/www.automakers.cz\/index.php?rest_route=%2Fwp%2Fv2%2Ftags&post=14599"}],"curies":[{"name":"wp","href":"https:\/\/api.w.org\/{rel}","templated":true}]}}