{"id":14657,"date":"2025-07-15T07:22:53","date_gmt":"2025-07-15T07:22:53","guid":{"rendered":"https:\/\/www.automakers.cz\/?p=14657"},"modified":"2025-07-15T07:22:53","modified_gmt":"2025-07-15T07:22:53","slug":"raben-logistics-s-novym-manazerem","status":"publish","type":"post","link":"https:\/\/www.automakers.cz\/?p=14657","title":{"rendered":"Raben Logistics s nov\u00fdm mana\u017eerem"},"content":{"rendered":"<p><strong>Na pozici mana\u017eera FTL\/LTL v Raben Logistics Czech &amp; Slovakia nastoupil nov\u00fd mana\u017eer. Ve sv\u00e9 roli u Raben Group, nizozemsk\u00e9ho logistick\u00e9ho koncernu, bude st\u00e1t v \u010dele \u0159\u00edzen\u00ed FTL i LTL dopravn\u00edch operac\u00ed pro \u010cesko a Slovensko.<\/strong><!--more--><\/p>\n<p>Jeho odpov\u011bdnost\u00ed je nejen hladk\u00e1 realizace smluvn\u00edch p\u0159eprav, nap\u0159\u00edklad mezi \u010ceskem a It\u00e1li\u00ed, \u0158eckem \u010di Tureckem, ale i identifikace r\u016fstov\u00fdch p\u0159\u00edle\u017eitost\u00ed na \u010desk\u00e9m i slovensk\u00e9m trhu.<\/p>\n<p>David m\u00e1 letit\u00e9 zku\u0161enosti v\u00a0oblasti logistiky (DSV) a strategick\u00e9ho rozvoje obchodu (GTL). V\u00a0Raben Logistics Czech &amp; Slovakia bude c\u00edlit na optimalizaci a roz\u0161i\u0159ov\u00e1n\u00ed dopravn\u00ed s\u00edt\u011b s d\u016frazem na efektivitu a spokojenost z\u00e1kazn\u00edk\u016f.<\/p>\n<p><img loading=\"lazy\" decoding=\"async\" class=\"alignnone size-medium wp-image-14659\" src=\"http:\/\/www.automakers.cz\/wp-content\/uploads\/2025\/07\/David_Meduna_Raben-900x732.jpg\" alt=\"\" width=\"900\" height=\"732\" \/><strong>David Meduna<\/strong> vystudoval Z\u00e1pado\u010deskou univerzitu v Plzni, kde se v\u011bnoval d\u011bjin\u00e1m a kultu\u0159e Bl\u00edzk\u00e9ho v\u00fdchodu a Balk\u00e1nsk\u00e9ho poloostrova \u2013 tento akademick\u00fd background vn\u00e1\u0161\u00ed pochopen\u00ed a know-how nejen pro zm\u00edn\u011bn\u00e9 regiony, ale i pro \u0161ir\u0161\u00ed oblast ji\u017en\u00ed Evropy.<\/p>\n","protected":false},"excerpt":{"rendered":"<p>Na pozici mana\u017eera FTL\/LTL v Raben Logistics Czech &amp; Slovakia nastoupil nov\u00fd mana\u017eer. Ve sv\u00e9&#8230;<\/p>\n","protected":false},"author":1,"featured_media":4131,"comment_status":"closed","ping_status":"closed","sticky":false,"template":"","format":"standard","meta":{"footnotes":""},"categories":[43,6,5],"tags":[],"class_list":["post-14657","post","type-post","status-publish","format-standard","has-post-thumbnail","hentry","category-logistika","category-management","category-personalie"],"_links":{"self":[{"href":"https:\/\/www.automakers.cz\/index.php?rest_route=\/wp\/v2\/posts\/14657","targetHints":{"allow":["GET"]}}],"collection":[{"href":"https:\/\/www.automakers.cz\/index.php?rest_route=\/wp\/v2\/posts"}],"about":[{"href":"https:\/\/www.automakers.cz\/index.php?rest_route=\/wp\/v2\/types\/post"}],"author":[{"embeddable":true,"href":"https:\/\/www.automakers.cz\/index.php?rest_route=\/wp\/v2\/users\/1"}],"replies":[{"embeddable":true,"href":"https:\/\/www.automakers.cz\/index.php?rest_route=%2Fwp%2Fv2%2Fcomments&post=14657"}],"version-history":[{"count":3,"href":"https:\/\/www.automakers.cz\/index.php?rest_route=\/wp\/v2\/posts\/14657\/revisions"}],"predecessor-version":[{"id":14661,"href":"https:\/\/www.automakers.cz\/index.php?rest_route=\/wp\/v2\/posts\/14657\/revisions\/14661"}],"wp:featuredmedia":[{"embeddable":true,"href":"https:\/\/www.automakers.cz\/index.php?rest_route=\/wp\/v2\/media\/4131"}],"wp:attachment":[{"href":"https:\/\/www.automakers.cz\/index.php?rest_route=%2Fwp%2Fv2%2Fmedia&parent=14657"}],"wp:term":[{"taxonomy":"category","embeddable":true,"href":"https:\/\/www.automakers.cz\/index.php?rest_route=%2Fwp%2Fv2%2Fcategories&post=14657"},{"taxonomy":"post_tag","embeddable":true,"href":"https:\/\/www.automakers.cz\/index.php?rest_route=%2Fwp%2Fv2%2Ftags&post=14657"}],"curies":[{"name":"wp","href":"https:\/\/api.w.org\/{rel}","templated":true}]}}