{"id":14699,"date":"2025-07-17T07:05:39","date_gmt":"2025-07-17T07:05:39","guid":{"rendered":"https:\/\/www.automakers.cz\/?p=14699"},"modified":"2025-07-17T07:05:39","modified_gmt":"2025-07-17T07:05:39","slug":"harley-davidson-se-ukaze-na-motogp-v-brne","status":"publish","type":"post","link":"https:\/\/www.automakers.cz\/?p=14699","title":{"rendered":"Harley-Davidson se uk\u00e1\u017ee na MotoGP v Brn\u011b"},"content":{"rendered":"<p><strong>Harley-Davidson se p\u0159edstav\u00ed na z\u00e1vodech MotoGP v Brn\u011b 18. a\u017e 20. \u010dervence a nab\u00eddne fanou\u0161k\u016fm n\u00e1hled na sv\u00e9 rostouc\u00ed ambice v oblasti z\u00e1vod\u016f i svoji modelovou \u0159adu pro rok 2025.<\/strong><!--more--><\/p>\n<p>Harley-Davidson a MotoGP spojuj\u00ed s\u00edly a v roce 2026 zah\u00e1j\u00ed spole\u010dn\u00fd z\u00e1vodn\u00ed \u0161ampion\u00e1t, kter\u00fd se pojede b\u011bhem \u0161esti v\u00edkend\u016f Grand Prix v Evrop\u011b a Severn\u00ed Americe. Ka\u017ed\u00fd podnik bude zahrnovat dva z\u00e1vody, ve kter\u00fdch se utk\u00e1 \u0161est a\u017e osm t\u00fdm\u016f na identick\u00fdch z\u00e1vodn\u00edch motocyklech Harley-Davidson Road Glide\u00ae vyvinut\u00fdch t\u00fdmem Harley-Davidson Factory Racing.<\/p>\n<p>Na st\u00e1nku Harley-Davidson na okruhu v Brn\u011b bude pro n\u00e1v\u0161t\u011bvn\u00edky p\u0159ipraven z\u00e1vodn\u00ed motocykl Harley-Davidson King of the Baggers. Tento sout\u011b\u017en\u00ed stroj p\u0159inese ochutn\u00e1vku toho, jak bude vypadat p\u0159ipravovan\u00e1 glob\u00e1ln\u00ed z\u00e1vodn\u00ed s\u00e9rie zna\u010dky H-D, kter\u00e1 odstartuje v roce 2026 v r\u00e1mci MotoGP. Tyto z\u00e1vodn\u00ed speci\u00e1ly, postaven\u00e9 na z\u00e1klad\u011b modelu Road Glide\u00ae, maj\u00ed v\u00fdkon p\u0159es 200 kon\u00ed, to\u010div\u00fd moment 245 Nm a mohou p\u0159ekro\u010dit rychlost 300 km\/h. D\u00edky tomu p\u0159inesou nov\u00fd z\u00e1\u017eitek z v\u00fdkonu motor\u016f V-Twin do nejpresti\u017en\u011bj\u0161\u00ed motocyklov\u00e9 z\u00e1vodn\u00ed s\u00e9rie na sv\u011bt\u011b.<\/p>\n<p>Vystaveno bude tak\u00e9 \u0161est motocykl\u016f Harley-Davidson z modelov\u00e9ho roku 2025, z\u00e1vodn\u00ed motocykl Hooligan a custom Harley-Davidson s nav\u00fd\u0161en\u00fdm v\u00fdkonem a jedine\u010dn\u00fdm stylem postaven\u00fd ve spolupr\u00e1ci s v\u00fdrobcem v\u00fdfukov\u00fdch syst\u00e9m\u016f Jekill &amp; Hyde.<\/p>\n","protected":false},"excerpt":{"rendered":"<p>Harley-Davidson se p\u0159edstav\u00ed na z\u00e1vodech MotoGP v Brn\u011b 18. a\u017e 20. \u010dervence a nab\u00eddne fanou\u0161k\u016fm&#8230;<\/p>\n","protected":false},"author":2,"featured_media":14700,"comment_status":"closed","ping_status":"closed","sticky":false,"template":"","format":"standard","meta":{"footnotes":""},"categories":[26,54,19],"tags":[],"class_list":["post-14699","post","type-post","status-publish","format-standard","has-post-thumbnail","hentry","category-eventy","category-motocykly","category-motorsport"],"_links":{"self":[{"href":"https:\/\/www.automakers.cz\/index.php?rest_route=\/wp\/v2\/posts\/14699","targetHints":{"allow":["GET"]}}],"collection":[{"href":"https:\/\/www.automakers.cz\/index.php?rest_route=\/wp\/v2\/posts"}],"about":[{"href":"https:\/\/www.automakers.cz\/index.php?rest_route=\/wp\/v2\/types\/post"}],"author":[{"embeddable":true,"href":"https:\/\/www.automakers.cz\/index.php?rest_route=\/wp\/v2\/users\/2"}],"replies":[{"embeddable":true,"href":"https:\/\/www.automakers.cz\/index.php?rest_route=%2Fwp%2Fv2%2Fcomments&post=14699"}],"version-history":[{"count":3,"href":"https:\/\/www.automakers.cz\/index.php?rest_route=\/wp\/v2\/posts\/14699\/revisions"}],"predecessor-version":[{"id":14705,"href":"https:\/\/www.automakers.cz\/index.php?rest_route=\/wp\/v2\/posts\/14699\/revisions\/14705"}],"wp:featuredmedia":[{"embeddable":true,"href":"https:\/\/www.automakers.cz\/index.php?rest_route=\/wp\/v2\/media\/14700"}],"wp:attachment":[{"href":"https:\/\/www.automakers.cz\/index.php?rest_route=%2Fwp%2Fv2%2Fmedia&parent=14699"}],"wp:term":[{"taxonomy":"category","embeddable":true,"href":"https:\/\/www.automakers.cz\/index.php?rest_route=%2Fwp%2Fv2%2Fcategories&post=14699"},{"taxonomy":"post_tag","embeddable":true,"href":"https:\/\/www.automakers.cz\/index.php?rest_route=%2Fwp%2Fv2%2Ftags&post=14699"}],"curies":[{"name":"wp","href":"https:\/\/api.w.org\/{rel}","templated":true}]}}