{"id":1470,"date":"2024-01-17T09:46:00","date_gmt":"2024-01-17T09:46:00","guid":{"rendered":"https:\/\/www.automakers.cz\/?p=1470"},"modified":"2024-01-17T11:39:23","modified_gmt":"2024-01-17T11:39:23","slug":"brano-cesko-zacina-byt-pro-dodavatele-drahe","status":"publish","type":"post","link":"https:\/\/www.automakers.cz\/?p=1470","title":{"rendered":"Brano: \u010cesko u\u017e je pro v\u00fdrobce d\u00edl\u016f drah\u00e9"},"content":{"rendered":"<div class=\"c_ke _608bd5f5042d89402533b190\">\n<p class=\"e_bo c_hx speakable\" data-dot=\"ogm-article-perex\"><strong>Majitel Brano Group Pavel Ju\u0159\u00ed\u010dek poskytl rozhovor port\u00e1lu Seznam Zpr\u00e1vy. Podle n\u011bj \u010desk\u00fd pr\u016fmysl upad\u00e1, hlavn\u00ed probl\u00e9m je, \u017ee se od n\u011bj odkl\u00e1n\u011bj\u00ed z\u00e1kazn\u00edci, co\u017e m\u016f\u017ee ohrozit jeho budoucnost. A nov\u00e9 zak\u00e1zky nep\u0159ib\u00fdvaj\u00ed.<\/strong><\/p>\n<\/div>\n<p><!--more--><\/p>\n<div class=\"c_ke _608bd6b73316103f15d31ccc\">\n<div class=\"c_c\" data-e2e=\"ogm-article-layout\">\n<article class=\"c_h2\" role=\"article\" aria-labelledby=\"accessibility-article\">\n<div class=\"c_ew\" data-dot=\"ogm-article-content\">\n<div class=\"g_ex mol-rich-content--for-article\">\n<div class=\"g_bo speakable\" data-dot=\"mol-paragraph\">\n<p class=\"e_bo\"><span class=\"atm-text-decorator\">\u201eEvropsk\u00e9 automobilky poni\u017euj\u00ed v\u00fdrobu, dr\u017e\u00ed n\u00e1s Amerika a \u010c\u00edna,\u201c \u0159\u00edk\u00e1 v rozhovoru Ju\u0159\u00ed\u010dek s t\u00edm, \u017ee nap\u0159\u00edklad automobilka Tesla ale chce, aby Brano p\u0159esunulo v\u00fdrobu do Ameriky. V \u010cesku je toti\u017e kv\u016fli cen\u00e1m energi\u00ed nekonkurenceschopn\u00e1. Podle prosincov\u00fdch \u010d\u00edsel se pr\u016fmysl propadl a automotiv nen\u00ed v\u00fdjimkou. <\/span><\/p>\n<p class=\"e_bo\"><span class=\"atm-text-decorator\">&#8222;\u0158ekl bych, \u017ee ta situace se naopak sp\u00ed\u0161e zhor\u0161uje. Nejde jen o m\u011bs\u00ed\u010dn\u00ed v\u00fdhledy, ale o dlouhodob\u00fd probl\u00e9m, proto\u017ee od \u010desk\u00e9ho pr\u016fmyslu se odkl\u00e1n\u011bj\u00ed z\u00e1kazn\u00edci. To je asi ten nejv\u011bt\u0161\u00ed probl\u00e9m i do budoucna. Nov\u00e9 zak\u00e1zky v \u010desk\u00e9m pr\u016fmyslu nep\u0159ib\u00fdvaj\u00ed. My jako Brano jsme na tom tro\u0161ku l\u00e9pe t\u00edm, \u017ee jsme rozkro\u010den\u00ed po v\u0161ech kontinentech, od \u010c\u00edny po Ameriku. Pr\u00e1v\u011b v \u010c\u00edn\u011b a Americe m\u00e1me nov\u00e9 zak\u00e1zky, ale Evropa je v podstat\u011b mrtv\u00e1,&#8220; uvedl pr\u016fmysln\u00edk.<\/span><\/p>\n<p><strong>Zdroj: Seznam Zpr\u00e1vy<\/strong><\/p>\n<p><strong>Cel\u00fd rozhovor:<\/strong><\/p>\n<p><a href=\"https:\/\/www.seznamzpravy.cz\/clanek\/ekonomika-byznys-rozhovory-tesla-chce-at-vyrabime-v-usa-cesko-je-drahe-rika-sef-brana-243780#dop_ab_variant=0&amp;dop_source_zone_name=zpravy.sznhp.box&amp;source=hp&amp;seq_no=3&amp;utm_campaign=abtest242_shorts_varCC&amp;utm_medium=z-boxiku&amp;utm_source=www.seznam.cz\">Tesla chce, a\u0165 vyr\u00e1b\u00edme v\u00a0USA. \u010cesko je drah\u00e9, \u0159\u00edk\u00e1 \u0161\u00e9f Brana &#8211; Seznam Zpr\u00e1vy (seznamzpravy.cz)<\/a><\/p>\n<p><img loading=\"lazy\" decoding=\"async\" class=\"alignnone size-medium wp-image-1472\" src=\"http:\/\/www.automakers.cz\/wp-content\/uploads\/2024\/01\/Juricek-rozhovor-Seznam-orez-900x429.jpeg\" alt=\"\" width=\"900\" height=\"429\" srcset=\"https:\/\/www.automakers.cz\/wp-content\/uploads\/2024\/01\/Juricek-rozhovor-Seznam-orez-900x429.jpeg 900w, https:\/\/www.automakers.cz\/wp-content\/uploads\/2024\/01\/Juricek-rozhovor-Seznam-orez-768x366.jpeg 768w, https:\/\/www.automakers.cz\/wp-content\/uploads\/2024\/01\/Juricek-rozhovor-Seznam-orez.jpeg 979w\" sizes=\"auto, (max-width: 900px) 100vw, 900px\" \/><\/p>\n<\/div>\n<\/div>\n<\/div>\n<\/article>\n<\/div>\n<\/div>\n","protected":false},"excerpt":{"rendered":"<p>Majitel Brano Group Pavel Ju\u0159\u00ed\u010dek poskytl rozhovor port\u00e1lu Seznam Zpr\u00e1vy. Podle n\u011bj \u010desk\u00fd pr\u016fmysl upad\u00e1,&#8230;<\/p>\n","protected":false},"author":1,"featured_media":1474,"comment_status":"open","ping_status":"open","sticky":false,"template":"","format":"standard","meta":{"footnotes":""},"categories":[23,49],"tags":[],"class_list":["post-1470","post","type-post","status-publish","format-standard","has-post-thumbnail","hentry","category-dodavatele","category-media"],"_links":{"self":[{"href":"https:\/\/www.automakers.cz\/index.php?rest_route=\/wp\/v2\/posts\/1470","targetHints":{"allow":["GET"]}}],"collection":[{"href":"https:\/\/www.automakers.cz\/index.php?rest_route=\/wp\/v2\/posts"}],"about":[{"href":"https:\/\/www.automakers.cz\/index.php?rest_route=\/wp\/v2\/types\/post"}],"author":[{"embeddable":true,"href":"https:\/\/www.automakers.cz\/index.php?rest_route=\/wp\/v2\/users\/1"}],"replies":[{"embeddable":true,"href":"https:\/\/www.automakers.cz\/index.php?rest_route=%2Fwp%2Fv2%2Fcomments&post=1470"}],"version-history":[{"count":5,"href":"https:\/\/www.automakers.cz\/index.php?rest_route=\/wp\/v2\/posts\/1470\/revisions"}],"predecessor-version":[{"id":1499,"href":"https:\/\/www.automakers.cz\/index.php?rest_route=\/wp\/v2\/posts\/1470\/revisions\/1499"}],"wp:featuredmedia":[{"embeddable":true,"href":"https:\/\/www.automakers.cz\/index.php?rest_route=\/wp\/v2\/media\/1474"}],"wp:attachment":[{"href":"https:\/\/www.automakers.cz\/index.php?rest_route=%2Fwp%2Fv2%2Fmedia&parent=1470"}],"wp:term":[{"taxonomy":"category","embeddable":true,"href":"https:\/\/www.automakers.cz\/index.php?rest_route=%2Fwp%2Fv2%2Fcategories&post=1470"},{"taxonomy":"post_tag","embeddable":true,"href":"https:\/\/www.automakers.cz\/index.php?rest_route=%2Fwp%2Fv2%2Ftags&post=1470"}],"curies":[{"name":"wp","href":"https:\/\/api.w.org\/{rel}","templated":true}]}}