{"id":14772,"date":"2025-07-20T19:59:08","date_gmt":"2025-07-20T19:59:08","guid":{"rendered":"https:\/\/www.automakers.cz\/?p=14772"},"modified":"2025-07-21T09:07:18","modified_gmt":"2025-07-21T09:07:18","slug":"dealeri-bmw-se-letos-podelili-o-festivalovou-flotilu","status":"publish","type":"post","link":"https:\/\/www.automakers.cz\/?p=14772","title":{"rendered":"Deale\u0159i BMW se letos pod\u011blili o festivalovou flotilu"},"content":{"rendered":"<p><strong>Hosty filmov\u00e9ho festivalu v Karlov\u00fdch Varech letos op\u011bt vozila flotila v\u00edce ne\u017e 80 BMW. Letos poprv\u00e9 vozy na akci nevyslal jen nejv\u011bt\u0161\u00ed dealer zna\u010dky CarTec, ale pod\u00edleli se i dal\u0161\u00ed prodejci.<\/strong><!--more--><\/p>\n<p>Nejv\u00edce jej\u00edch p\u0159eprav prob\u011bhlo s vozy BMW \u0159ady 5, BMW \u0159ady 7, BMW X5 spolu s BMW X7, a v neposledn\u00ed \u0159ad\u011b se t\u011bchto transfer\u016f \u00fa\u010dastnilo n\u011bkolik voz\u016f BMW M5 a BMW XM, kter\u00e9 zde bylo k dispozici i ve verzi Label Red<strong>.<\/strong><\/p>\n<p>Mezi nejv\u011bt\u0161\u00ed hv\u011bzdy leto\u0161n\u00edho ro\u010dn\u00edku pat\u0159ili t\u0159eba<strong> Michael Douglas, Dakota Johnson \u010di Peter Sarsgaard<\/strong>. Nechyb\u011blo rovn\u011b\u017e mnoho zn\u00e1m\u00fdch osobnost\u00ed, herc\u016f \u010di producent\u016f z \u010desk\u00e9ho prost\u0159ed\u00ed. Celkov\u011b tak 74 \u0159idi\u010d\u016f a \u0161est \u0159idi\u010dek s vozy BMW odbavilo v\u00edce ne\u017e 23 tis\u00edc transfer\u016f s celkov\u00fdm n\u00e1jezdem p\u0159es 230 tis\u00edc kilometr\u016f.<\/p>\n<p><img loading=\"lazy\" decoding=\"async\" class=\"alignnone size-medium wp-image-14798\" src=\"http:\/\/www.automakers.cz\/wp-content\/uploads\/2025\/07\/BMW-koberec-international1-900x600.jpg\" alt=\"\" width=\"900\" height=\"600\" \/><strong>Nov\u00fd koncept Pop-Up<\/strong><\/p>\n<p><a name=\"_Hlk203120816\"><\/a>Letos se BMW prezentovalo v\u00a0nov\u00e9m konceptu <strong>BMW Pop-Up<\/strong>. Festivalov\u00ed n\u00e1v\u0161t\u011bvn\u00edci se mohli t\u011b\u0161it na exkluzivn\u00ed prezentaci modelu BMW XM Individual, d\u00e1le na uk\u00e1zku mo\u017enost\u00ed individualizace v r\u00e1mci programu BMW Individual a\u00a0dopl\u0148k\u016f M Performance Parts, celou expozici zavr\u0161ovalo BMW M4 CS v\u00a0exkluzivn\u00edm modr\u00e9m laku Riviera Blue. Pro\u017eitek v\u00a0nov\u00e9m BMW Pop-Up showroomu k\u00a0tomu zp\u0159\u00edjemnily nov\u00e9 parf\u00e9my <strong>BMW Fragrances.<\/strong><\/p>\n<p><img loading=\"lazy\" decoding=\"async\" class=\"alignnone size-medium wp-image-14776\" src=\"http:\/\/www.automakers.cz\/wp-content\/uploads\/2025\/07\/BMW-Wary-showroom-900x675.jpg\" alt=\"\" width=\"900\" height=\"675\" srcset=\"https:\/\/www.automakers.cz\/wp-content\/uploads\/2025\/07\/BMW-Wary-showroom-900x675.jpg 900w, https:\/\/www.automakers.cz\/wp-content\/uploads\/2025\/07\/BMW-Wary-showroom-1024x768.jpg 1024w, https:\/\/www.automakers.cz\/wp-content\/uploads\/2025\/07\/BMW-Wary-showroom-768x576.jpg 768w, https:\/\/www.automakers.cz\/wp-content\/uploads\/2025\/07\/BMW-Wary-showroom-1536x1152.jpg 1536w, https:\/\/www.automakers.cz\/wp-content\/uploads\/2025\/07\/BMW-Wary-showroom.jpg 2048w\" sizes=\"auto, (max-width: 900px) 100vw, 900px\" \/>Krom\u011b toho se akreditovan\u00ed host\u00e9 mohli zaregistrovat na testovac\u00ed j\u00edzdy s\u00a0vozy BMW M440i Cabrio, BMW M3 Competition Touring, BMW iX nebo BMW M760e a vyzkou\u0161et si je na vlastn\u00ed k\u016f\u017ei. J\u00edzdy se t\u011b\u0161ily velk\u00e9mu z\u00e1jmu a vozy byly nep\u0159etr\u017eit\u011b vyt\u00ed\u017een\u00e9, celkem prob\u011bhlo v\u00edce ne\u017e 250 testovac\u00edch j\u00edzd.<\/p>\n<p><strong>Novin\u00e1\u0159skou session si u BMW u\u017eil i p\u0159edseda odborn\u00e9 poroty ankety Auto roku 2025 Tom\u00e1\u0161 Hyan s chot\u00ed<\/strong><\/p>\n<p><img loading=\"lazy\" decoding=\"async\" class=\"alignnone size-medium wp-image-14781\" src=\"http:\/\/www.automakers.cz\/wp-content\/uploads\/2025\/07\/BMW-Vary-Hyan-900x675.jpg\" alt=\"\" width=\"900\" height=\"675\" srcset=\"https:\/\/www.automakers.cz\/wp-content\/uploads\/2025\/07\/BMW-Vary-Hyan-900x675.jpg 900w, https:\/\/www.automakers.cz\/wp-content\/uploads\/2025\/07\/BMW-Vary-Hyan-1024x768.jpg 1024w, https:\/\/www.automakers.cz\/wp-content\/uploads\/2025\/07\/BMW-Vary-Hyan-768x576.jpg 768w, https:\/\/www.automakers.cz\/wp-content\/uploads\/2025\/07\/BMW-Vary-Hyan-1536x1152.jpg 1536w, https:\/\/www.automakers.cz\/wp-content\/uploads\/2025\/07\/BMW-Vary-Hyan.jpg 2048w\" sizes=\"auto, (max-width: 900px) 100vw, 900px\" \/><\/p>\n<p><strong>Kdo festivalovou flotilu do Var\u016f dodal?<\/strong><\/p>\n<p>&#8222;<span style=\"font-family: Times New Roman, serif;\"><span style=\"font-size: medium;\">Do lo\u0148ska jsme do Var\u016f p\u016fj\u010dovali celou festivalovou flotilu a to v\u010detn\u011b jej\u00edho servisu. Dob\u0159e jsem se znal s prezidentem festivalu Ji\u0159\u00edm Barto\u0161kou, l\u00e9ta jsme za vlastn\u00ed pen\u00edze po\u0159\u00e1dali ve\u010d\u00edrek pro vybran\u00e9 hosty. Letos se ten \u00fakol vozit celebrity rozd\u011blil mezi v\u0161echny dealery BMW. CarTec tento rok dodal na akci jen patn\u00e1ct aut, tak\u017ee z na\u0161\u00ed strany to bylo m\u00e9n\u011b opulentn\u00ed,&#8220; up\u0159esnil t\u00fdden\u00edku Euro majitel<strong> CarTecu Karel Kadlec<\/strong> leto\u0161n\u00ed aran\u017em\u00e1.<\/span><\/span><\/p>\n<p><strong>Cel\u00fd rozhovor o novink\u00e1ch v CarTec Group v aktu\u00e1ln\u00edm t\u00fdden\u00edku EURO!<\/strong><\/p>\n<p><img loading=\"lazy\" decoding=\"async\" class=\"alignnone size-medium wp-image-14605\" src=\"http:\/\/www.automakers.cz\/wp-content\/uploads\/2025\/07\/Euro-_titul-Kadlec-675x900.jpg\" alt=\"\" width=\"675\" height=\"900\" srcset=\"https:\/\/www.automakers.cz\/wp-content\/uploads\/2025\/07\/Euro-_titul-Kadlec-675x900.jpg 675w, https:\/\/www.automakers.cz\/wp-content\/uploads\/2025\/07\/Euro-_titul-Kadlec-768x1024.jpg 768w, https:\/\/www.automakers.cz\/wp-content\/uploads\/2025\/07\/Euro-_titul-Kadlec-1152x1536.jpg 1152w, https:\/\/www.automakers.cz\/wp-content\/uploads\/2025\/07\/Euro-_titul-Kadlec-1024x1366.jpg 1024w, https:\/\/www.automakers.cz\/wp-content\/uploads\/2025\/07\/Euro-_titul-Kadlec.jpg 1240w\" sizes=\"auto, (max-width: 675px) 100vw, 675px\" \/><\/p>\n<p><strong>Zdroj: BMW a T\u00fdden\u00edk Euro, FOTO: BMW a Svatopluk Holata<\/strong><\/p>\n","protected":false},"excerpt":{"rendered":"<p>Hosty filmov\u00e9ho festivalu v Karlov\u00fdch Varech letos op\u011bt vozila flotila v\u00edce ne\u017e 80 BMW. Letos&#8230;<\/p>\n","protected":false},"author":1,"featured_media":14774,"comment_status":"closed","ping_status":"closed","sticky":false,"template":"","format":"standard","meta":{"footnotes":""},"categories":[17,26,15],"tags":[],"class_list":["post-14772","post","type-post","status-publish","format-standard","has-post-thumbnail","hentry","category-dealeri","category-eventy","category-fleety"],"_links":{"self":[{"href":"https:\/\/www.automakers.cz\/index.php?rest_route=\/wp\/v2\/posts\/14772","targetHints":{"allow":["GET"]}}],"collection":[{"href":"https:\/\/www.automakers.cz\/index.php?rest_route=\/wp\/v2\/posts"}],"about":[{"href":"https:\/\/www.automakers.cz\/index.php?rest_route=\/wp\/v2\/types\/post"}],"author":[{"embeddable":true,"href":"https:\/\/www.automakers.cz\/index.php?rest_route=\/wp\/v2\/users\/1"}],"replies":[{"embeddable":true,"href":"https:\/\/www.automakers.cz\/index.php?rest_route=%2Fwp%2Fv2%2Fcomments&post=14772"}],"version-history":[{"count":9,"href":"https:\/\/www.automakers.cz\/index.php?rest_route=\/wp\/v2\/posts\/14772\/revisions"}],"predecessor-version":[{"id":14799,"href":"https:\/\/www.automakers.cz\/index.php?rest_route=\/wp\/v2\/posts\/14772\/revisions\/14799"}],"wp:featuredmedia":[{"embeddable":true,"href":"https:\/\/www.automakers.cz\/index.php?rest_route=\/wp\/v2\/media\/14774"}],"wp:attachment":[{"href":"https:\/\/www.automakers.cz\/index.php?rest_route=%2Fwp%2Fv2%2Fmedia&parent=14772"}],"wp:term":[{"taxonomy":"category","embeddable":true,"href":"https:\/\/www.automakers.cz\/index.php?rest_route=%2Fwp%2Fv2%2Fcategories&post=14772"},{"taxonomy":"post_tag","embeddable":true,"href":"https:\/\/www.automakers.cz\/index.php?rest_route=%2Fwp%2Fv2%2Ftags&post=14772"}],"curies":[{"name":"wp","href":"https:\/\/api.w.org\/{rel}","templated":true}]}}