{"id":1478,"date":"2024-01-17T10:20:54","date_gmt":"2024-01-17T10:20:54","guid":{"rendered":"https:\/\/www.automakers.cz\/?p=1478"},"modified":"2024-01-17T10:23:56","modified_gmt":"2024-01-17T10:23:56","slug":"kvasiny-startuji-vyrobu-noveho-kodiaqu","status":"publish","type":"post","link":"https:\/\/www.automakers.cz\/?p=1478","title":{"rendered":"Kvasiny startuj\u00ed v\u00fdrobu nov\u00e9ho Kodiaqu"},"content":{"rendered":"<p><strong>\u0160koda Auto zahajuje ve sv\u00e9m kvasinsk\u00e9m z\u00e1vod\u011b s\u00e9riovou v\u00fdrobu druh\u00e9 generace sv\u00e9ho vrcholn\u00e9ho SUV, modelu Kodiaq. Firma <\/strong><strong>kv\u016fli tomu modernizovala mont\u00e1\u017e i sva\u0159ovnu. D\u00edky p\u0159esunu v\u00fdroby Superbu z Kvasin do Bratislavy z\u00edskala automobilka v Kvasin\u00e1ch dodate\u010dnou kapacitu na v\u00fdrobu Kodiaqu a Karoqu.<\/strong><!--more--><\/p>\n<p>Andreas Dick, \u010dlen p\u0159edstavenstva \u0160koda Auto pro oblast V\u00fdroby a logistiky:<\/p>\n<p>\u201eV roce 2016 jsme s modelem Kodiaq zah\u00e1jili SUV kampa\u0148. Pro cel\u00fd t\u00fdm proto p\u0159edstavuje p\u0159\u00edchod druh\u00e9 generace tohoto \u00fasp\u011b\u0161n\u00e9ho modelu velmi v\u00fdznamnou ud\u00e1lost. P\u0159\u00edprav\u00e1m k zah\u00e1jen\u00ed v\u00fdroby jsme se v\u011bnovali velmi pe\u010dliv\u011b. T\u00edm, \u017ee jsme do modernizace v\u00fdroby investovali 49 milion\u016f eur, jsme z\u00e1rove\u0148 zajistili, aby byl n\u00e1\u0161 kvasinsk\u00fd z\u00e1vod dob\u0159e p\u0159ipraven na budoucnost. V\u0161em zam\u011bstnanc\u016fm zapojen\u00fdm do tohoto procesu bych cht\u011bl up\u0159\u00edmn\u011b pod\u011bkovat za vysok\u00e9 nasazen\u00ed. Pr\u00e1v\u011b d\u00edky jejich odborn\u00fdm znalostem a odhodl\u00e1n\u00ed m\u016f\u017eeme nyn\u00ed napsat dal\u0161\u00ed kapitolu \u00fasp\u011b\u0161n\u00e9ho p\u0159\u00edb\u011bhu na\u0161eho vrcholn\u00e9ho SUV.\u201c<\/p>\n<p><strong>Investice ve v\u00fd\u0161i 49 milion\u016f eur a v\u00fdrobn\u00ed kapacita a\u017e 410 Kodiaq\u016f denn\u011b<\/strong><\/p>\n<p>\u0160koda Auto investovala 49 milion\u016f eur do modernizace v\u00fdrobn\u00ed linky a sva\u0159ovny, aby v\u00fdrobu v z\u00e1vod\u011b Kvasiny je\u0161t\u011b l\u00e9pe p\u0159ipravila na budoucnost. Sou\u010d\u00e1st\u00ed \u00faprav je tak\u00e9 zaji\u0161t\u011bn\u00ed podm\u00ednek pro v\u00fdrobu verze Kodiaq iV s plug-in hybridn\u00edm pohonem. P\u0159estavba v\u00fdrobn\u00ed linky se t\u00fdkala nap\u0159\u00edklad manipul\u00e1tor\u016f, mont\u00e1\u017ee podvozk\u016f, dopravn\u00edkov\u00fdch technologi\u00ed, ale nap\u0159\u00edklad tak\u00e9 \u00fapravy robot\u016f, kter\u00e9 nan\u00e1\u0161ej\u00ed okenn\u00ed lepidlo.<\/p>\n<p>Je\u0161t\u011b ned\u00e1vno sj\u00ed\u017ed\u011bly ze stejn\u00e9 linky vozy \u0160koda Superb t\u0159et\u00ed generace. K z\u00edsk\u00e1n\u00ed dodate\u010dn\u00e9 v\u00fdrobn\u00ed kapacity pro modely SUV p\u0159esunula \u0160koda Auto v\u00fdrobu nov\u00e9, \u010dtvrt\u00e9 generace modelu Superb do z\u00e1vodu Volkswagen v Bratislav\u011b a prvn\u00ed vozy zde opustily linku ji\u017e v minul\u00e9m roce. D\u00edky tomuto kroku nav\u00fd\u0161\u00ed kvasinsk\u00fd z\u00e1vod \u0160koda Auto ro\u010dn\u00ed produkci o celkem 150 000 model\u016f SUV Karoq a Kodiaq. Dle pl\u00e1n\u016f m\u00e1 ka\u017ed\u00fdm dnem sj\u00ed\u017ed\u011bt z v\u00fdrobn\u00ed linky a\u017e 410 voz\u016f Kodiaq.<\/p>\n<p><strong>Zdroj: \u0160koda Auto, Tom\u00e1\u0161 Kotera<\/strong><\/p>\n<p><img loading=\"lazy\" decoding=\"async\" class=\"alignnone size-medium wp-image-1483\" src=\"http:\/\/www.automakers.cz\/wp-content\/uploads\/2024\/01\/Skoda-Kodiaq-Kvasiny-900x600.jpg\" alt=\"\" width=\"900\" height=\"600\" srcset=\"https:\/\/www.automakers.cz\/wp-content\/uploads\/2024\/01\/Skoda-Kodiaq-Kvasiny-900x600.jpg 900w, https:\/\/www.automakers.cz\/wp-content\/uploads\/2024\/01\/Skoda-Kodiaq-Kvasiny-1024x683.jpg 1024w, https:\/\/www.automakers.cz\/wp-content\/uploads\/2024\/01\/Skoda-Kodiaq-Kvasiny-768x512.jpg 768w, https:\/\/www.automakers.cz\/wp-content\/uploads\/2024\/01\/Skoda-Kodiaq-Kvasiny-1536x1024.jpg 1536w, https:\/\/www.automakers.cz\/wp-content\/uploads\/2024\/01\/Skoda-Kodiaq-Kvasiny-2048x1365.jpg 2048w\" sizes=\"auto, (max-width: 900px) 100vw, 900px\" \/><\/p>\n<p>&nbsp;<\/p>\n","protected":false},"excerpt":{"rendered":"<p>\u0160koda Auto zahajuje ve sv\u00e9m kvasinsk\u00e9m z\u00e1vod\u011b s\u00e9riovou v\u00fdrobu druh\u00e9 generace sv\u00e9ho vrcholn\u00e9ho SUV, modelu&#8230;<\/p>\n","protected":false},"author":1,"featured_media":1479,"comment_status":"open","ping_status":"open","sticky":false,"template":"","format":"standard","meta":{"footnotes":""},"categories":[18],"tags":[],"class_list":["post-1478","post","type-post","status-publish","format-standard","has-post-thumbnail","hentry","category-vyroba"],"_links":{"self":[{"href":"https:\/\/www.automakers.cz\/index.php?rest_route=\/wp\/v2\/posts\/1478","targetHints":{"allow":["GET"]}}],"collection":[{"href":"https:\/\/www.automakers.cz\/index.php?rest_route=\/wp\/v2\/posts"}],"about":[{"href":"https:\/\/www.automakers.cz\/index.php?rest_route=\/wp\/v2\/types\/post"}],"author":[{"embeddable":true,"href":"https:\/\/www.automakers.cz\/index.php?rest_route=\/wp\/v2\/users\/1"}],"replies":[{"embeddable":true,"href":"https:\/\/www.automakers.cz\/index.php?rest_route=%2Fwp%2Fv2%2Fcomments&post=1478"}],"version-history":[{"count":5,"href":"https:\/\/www.automakers.cz\/index.php?rest_route=\/wp\/v2\/posts\/1478\/revisions"}],"predecessor-version":[{"id":1482,"href":"https:\/\/www.automakers.cz\/index.php?rest_route=\/wp\/v2\/posts\/1478\/revisions\/1482"}],"wp:featuredmedia":[{"embeddable":true,"href":"https:\/\/www.automakers.cz\/index.php?rest_route=\/wp\/v2\/media\/1479"}],"wp:attachment":[{"href":"https:\/\/www.automakers.cz\/index.php?rest_route=%2Fwp%2Fv2%2Fmedia&parent=1478"}],"wp:term":[{"taxonomy":"category","embeddable":true,"href":"https:\/\/www.automakers.cz\/index.php?rest_route=%2Fwp%2Fv2%2Fcategories&post=1478"},{"taxonomy":"post_tag","embeddable":true,"href":"https:\/\/www.automakers.cz\/index.php?rest_route=%2Fwp%2Fv2%2Ftags&post=1478"}],"curies":[{"name":"wp","href":"https:\/\/api.w.org\/{rel}","templated":true}]}}