{"id":14795,"date":"2025-07-21T08:09:26","date_gmt":"2025-07-21T08:09:26","guid":{"rendered":"https:\/\/www.automakers.cz\/?p=14795"},"modified":"2025-07-21T08:09:26","modified_gmt":"2025-07-21T08:09:26","slug":"volvo-cars-rozsiruje-vyrobu-v-usa","status":"publish","type":"post","link":"https:\/\/www.automakers.cz\/?p=14795","title":{"rendered":"Volvo Cars roz\u0161i\u0159uje v\u00fdrobu v USA"},"content":{"rendered":"<p><strong>Volvo za\u0159ad\u00ed do v\u00fdroby sv\u00e9ho americk\u00e9ho z\u00e1vodu v Ridgeville u Charlestonu v Ji\u017en\u00ed Karol\u00edn\u011b za\u0159ad\u00ed i st\u0159edn\u011b velk\u00e9 SUV XC60. Produkce modelu bude v z\u00e1vod\u011b, kde ji\u017e prob\u00edh\u00e1 v\u00fdroba pln\u011b elektrick\u00e9ho vlajkov\u00e9ho SUV EX90, zah\u00e1jena koncem roku 2026.<\/strong><!--more--><\/p>\n<p>Model XC60 je nejen z dlouhodob\u00e9ho hlediska glob\u00e1ln\u011b nejprod\u00e1van\u011bj\u0161\u00edm vozem zna\u010dky Volvo, ale sou\u010dasn\u011b se jedn\u00e1 o nejobl\u00edben\u011bj\u0161\u00ed model Volvo mezi americk\u00fdmi z\u00e1kazn\u00edky. O tom sv\u011bd\u010d\u00ed i fakt, \u017ee v prvn\u00ed polovin\u011b roku 2025 vzrostl jeho prodej v USA t\u00e9m\u011b\u0159 o 23 procent.<\/p>\n<p>\u201eZa\u0159azen\u00ed modelu XC60 do v\u00fdrobn\u00edho pl\u00e1nu na\u0161eho z\u00e1vodu v Charlestonu je\u0161t\u011b v\u00edce pos\u00edl\u00ed jeho postaven\u00ed a atraktivitu ve vysoce konkuren\u010dn\u00edm prost\u0159ed\u00ed americk\u00e9ho trhu a z\u00e1rove\u0148 podpo\u0159\u00ed m\u00edstn\u00ed region vytvo\u0159en\u00edm nov\u00fdch pracovn\u00edch m\u00edst v americk\u00e9m v\u00fdrobn\u00edm sektoru,\u201c ozn\u00e1mil <strong>H\u00e5kan Samuelsson, gener\u00e1ln\u00ed \u0159editel Volvo Cars<\/strong>.<\/p>\n<p>\u201eTento krok je v souladu s na\u0161\u00ed dlouhodobou strategi\u00ed vyr\u00e1b\u011bt na\u0161e produkty tam, kde je prod\u00e1v\u00e1me. Sou\u010dasn\u011b t\u00edm potvrzujeme n\u00e1\u0161 z\u00e1vazek v\u016f\u010di americk\u00e9mu trhu, kde letos slav\u00edme ji\u017e 70 let na\u0161eho p\u016fsoben\u00ed, kdy jsme zde prodali v\u00edce ne\u017e<br \/>\n5 milion\u016f voz\u016f.\u201c<\/p>\n<p>Krom\u011b sv\u00e9 popularity v USA se m\u016f\u017ee model XC60 pochlubit dal\u0161\u00ed vedouc\u00ed pozic\u00ed: v ned\u00e1vn\u00e9 dob\u011b p\u0159ekonal po\u010dtem prodan\u00fdch kus\u016f legend\u00e1rn\u00ed Volvo 240 a stal se historicky nejprod\u00e1van\u011bj\u0161\u00edm vozem zna\u010dky.<\/p>\n<p><strong>Ten prav\u00fd v\u016fz pro trh USA <\/strong><br \/>\nModel XC60 je v sou\u010dasnosti nejprod\u00e1van\u011bj\u0161\u00edm volvem ve Spojen\u00fdch st\u00e1tech americk\u00fdch. Ameri\u010dt\u00ed z\u00e1kazn\u00edci si ho obl\u00edbili pro jeho bezpe\u010dnost, luxusn\u00ed zpracov\u00e1n\u00ed a skandin\u00e1vsk\u00fd design. V leto\u0161n\u00edm roce si Volvo XC60 ukrojilo v\u00edce ne\u017e 33procentn\u00ed pod\u00edl z celkov\u00e9ho prodeje voz\u016f Volvo na \u00fazem\u00ed USA, p\u0159i\u010dem\u017e \u010dtvrtina z toho v proveden\u00ed plug-in hybrid.<\/p>\n<p><img loading=\"lazy\" decoding=\"async\" class=\"alignnone size-medium wp-image-14303\" src=\"http:\/\/www.automakers.cz\/wp-content\/uploads\/2025\/06\/volvo-XC60-small-900x600.jpg\" alt=\"\" width=\"900\" height=\"600\" srcset=\"https:\/\/www.automakers.cz\/wp-content\/uploads\/2025\/06\/volvo-XC60-small-900x600.jpg 900w, https:\/\/www.automakers.cz\/wp-content\/uploads\/2025\/06\/volvo-XC60-small-1024x683.jpg 1024w, https:\/\/www.automakers.cz\/wp-content\/uploads\/2025\/06\/volvo-XC60-small-768x512.jpg 768w, https:\/\/www.automakers.cz\/wp-content\/uploads\/2025\/06\/volvo-XC60-small.jpg 1349w\" sizes=\"auto, (max-width: 900px) 100vw, 900px\" \/><strong>Model XC60<\/strong> v USA rovn\u011b\u017e zauj\u00edm\u00e1 pozici \u010dtvrt\u00e9ho nejprod\u00e1van\u011bj\u0161\u00edho luxusn\u00edho plug-in hybridu, d\u00edky \u010demu\u017e zde hraje kl\u00ed\u010dovou roli na cest\u011b k elektrifikaci. Cel\u00e1 \u0159ada z\u00e1kazn\u00edk\u016f, kte\u0159\u00ed si napoprv\u00e9 vyzkou\u0161ej\u00ed elektrifikovan\u00fd pohon v plug-in hybridn\u00ed variant\u011b, se p\u0159i dal\u0161\u00edm n\u00e1kupu rozhodne op\u011bt pro plug-in hybrid nebo rovnou pro pln\u011b elektrick\u00fd v\u016fz.<\/p>\n<p><strong>Modern\u00ed v\u00fdrobn\u00ed z\u00e1vod<\/strong><br \/>\nTov\u00e1rna automobilky Volvo Cars postaven\u00e1 nedaleko Charlestonu byla vybudov\u00e1na t\u00e9m\u011b\u0159 o deset let d\u0159\u00edve, v roce 2015, jako v\u016fbec prvn\u00ed v\u00fdrobn\u00ed z\u00e1vod zna\u010dky v USA. Dnes v t\u00e9to tov\u00e1rn\u011b s vysoce modern\u00edm vybaven\u00edm prob\u00edh\u00e1 mont\u00e1\u017e SUV model\u016f Volvo EX90 a Polestar 3. Jedn\u00e1 se o vysokokapacitn\u00ed v\u00fdrobn\u00ed z\u00e1vod, kter\u00fd umo\u017e\u0148uje pracovat s r\u016fzn\u00fdmi platformami, technologiemi i modely.<\/p>\n<p>Za posledn\u00edch deset let investovala spole\u010dnost Volvo Cars do tohoto v\u00fdrobn\u00edho z\u00e1vodu p\u0159es 1,3 miliardy dolar\u016f, kter\u00e9 byly mimo jin\u00e9 vyu\u017eity i na jeho rozs\u00e1hlou modernizaci. Do\u0161lo zde nap\u0159\u00edklad k v\u00fdznamn\u00e9mu roz\u0161\u00ed\u0159en\u00ed a zmodernizov\u00e1n\u00ed karos\u00e1rny a lakovny, p\u0159i\u010dem\u017e nyn\u00ed tov\u00e1rna disponuje tak\u00e9 \u0161pi\u010dkovou linkou na v\u00fdrobu modern\u00edch bateri\u00ed. Roz\u0161\u00ed\u0159en\u00ed v\u00fdroby o model XC60 z\u00e1rove\u0148 pom\u016f\u017ee zajistit budoucnost pracovn\u00edch m\u00edst v regionu.<\/p>\n<p><strong>Zdroj: Volvo, Petra Dole\u017ealov\u00e1<\/strong><\/p>\n","protected":false},"excerpt":{"rendered":"<p>Volvo za\u0159ad\u00ed do v\u00fdroby sv\u00e9ho americk\u00e9ho z\u00e1vodu v Ridgeville u Charlestonu v Ji\u017en\u00ed Karol\u00edn\u011b za\u0159ad\u00ed&#8230;<\/p>\n","protected":false},"author":1,"featured_media":14306,"comment_status":"closed","ping_status":"closed","sticky":false,"template":"","format":"standard","meta":{"footnotes":""},"categories":[3,69,18],"tags":[],"class_list":["post-14795","post","type-post","status-publish","format-standard","has-post-thumbnail","hentry","category-investice","category-suv","category-vyroba"],"_links":{"self":[{"href":"https:\/\/www.automakers.cz\/index.php?rest_route=\/wp\/v2\/posts\/14795","targetHints":{"allow":["GET"]}}],"collection":[{"href":"https:\/\/www.automakers.cz\/index.php?rest_route=\/wp\/v2\/posts"}],"about":[{"href":"https:\/\/www.automakers.cz\/index.php?rest_route=\/wp\/v2\/types\/post"}],"author":[{"embeddable":true,"href":"https:\/\/www.automakers.cz\/index.php?rest_route=\/wp\/v2\/users\/1"}],"replies":[{"embeddable":true,"href":"https:\/\/www.automakers.cz\/index.php?rest_route=%2Fwp%2Fv2%2Fcomments&post=14795"}],"version-history":[{"count":2,"href":"https:\/\/www.automakers.cz\/index.php?rest_route=\/wp\/v2\/posts\/14795\/revisions"}],"predecessor-version":[{"id":14797,"href":"https:\/\/www.automakers.cz\/index.php?rest_route=\/wp\/v2\/posts\/14795\/revisions\/14797"}],"wp:featuredmedia":[{"embeddable":true,"href":"https:\/\/www.automakers.cz\/index.php?rest_route=\/wp\/v2\/media\/14306"}],"wp:attachment":[{"href":"https:\/\/www.automakers.cz\/index.php?rest_route=%2Fwp%2Fv2%2Fmedia&parent=14795"}],"wp:term":[{"taxonomy":"category","embeddable":true,"href":"https:\/\/www.automakers.cz\/index.php?rest_route=%2Fwp%2Fv2%2Fcategories&post=14795"},{"taxonomy":"post_tag","embeddable":true,"href":"https:\/\/www.automakers.cz\/index.php?rest_route=%2Fwp%2Fv2%2Ftags&post=14795"}],"curies":[{"name":"wp","href":"https:\/\/api.w.org\/{rel}","templated":true}]}}