{"id":14810,"date":"2025-07-21T15:37:27","date_gmt":"2025-07-21T15:37:27","guid":{"rendered":"https:\/\/www.automakers.cz\/?p=14810"},"modified":"2025-07-21T15:39:28","modified_gmt":"2025-07-21T15:39:28","slug":"cupra-se-chysta-na-iaa-mobility-2025","status":"publish","type":"post","link":"https:\/\/www.automakers.cz\/?p=14810","title":{"rendered":"CUPRA se chyst\u00e1 na IAA Mobility 2025"},"content":{"rendered":"<p><strong>CUPRA dodala z\u00e1kazn\u00edk\u016fm od sv\u00e9ho zrozen\u00ed v roce 2018 v\u00edce ne\u017e 900 000 voz\u016f. Za sedm let uvedla zna\u010dka na trh portfolio sedmi model\u016f. Nyn\u00ed m\u00ed\u0159\u00ed na autosalon IAA Mobility 2025 v Mnichov\u011b, kde uk\u00e1\u017ee svou vizi pro budoucnost a prozkoum\u00e1 nov\u00e9 koncepty.<\/strong><br \/>\n<!--more--><\/p>\n<p>IAA Mobility bude pro zna\u010dku CUPRA kl\u00ed\u010dovou ud\u00e1lost\u00ed, kter\u00e1 bude zahrnovat prezentace v\u010detn\u011b nahl\u00e9dnut\u00ed do budoucnosti na akci Volkswagen Group Media Event pro novin\u00e1\u0159e, ve v\u00fdstavn\u00ed expozici Open Space a v showroomu CUPRA City Garage:<\/p>\n<ul>\n<li>V\u0161e odstartuje 7. z\u00e1\u0159\u00ed ve 14:00 akc\u00ed pro novin\u00e1\u0159e <strong>Volkswagen Group Media Event.<\/strong> CUPRA na n\u00ed p\u0159edstav\u00ed zamaskovan\u00fd model <strong>CUPRA Raval\u00a0<\/strong>v podob\u011b pro s\u00e9riovou v\u00fdrobu. Raval bude sou\u010d\u00e1st\u00ed rodiny m\u011bstsk\u00fdch elektromobil\u016f skupiny koncernov\u00fdch zna\u010dek Core. Tato ud\u00e1lost bude miln\u00edkem v realizaci projektu veden\u00e9ho \u0161pan\u011blskou spole\u010dnost\u00ed a prvn\u00edm poodhalen\u00edm m\u011bstsk\u00e9ho elektromobilu p\u0159ed jeho sv\u011btovou premi\u00e9rou a uveden\u00edm na trh v roce 2026.<\/li>\n<li>\u00a0Dne 8. z\u00e1\u0159\u00ed v 19:30 bude v are\u00e1lu IAA Mobility Open Space b\u011bhem <strong>tiskov\u00e9 konference zna\u010dky CUPRA\u00a0<\/strong>odhalena nov\u00e1\u00a0studie<strong>.<\/strong><\/li>\n<li>CUPRA p\u0159edstav\u00ed ve sv\u00e9 expozici v are\u00e1lu Open Space modely CUPRA Formentor, Leon, Leon Sportstourer a Terramar ve verz\u00edch <strong>TRIBE EDITION.<\/strong> Tyto edice byly navr\u017eeny pro z\u00e1kazn\u00edky, kte\u0159\u00ed hledaj\u00ed odli\u0161en\u00ed v modern\u00edm duchu a s d\u016frazem na udr\u017eitelnost. Vedle t\u011bchto voz\u016f budou v z\u00f3n\u011b elektrick\u00e9ho sv\u011bta v expozici CUPRA Open Space st\u00e1t tak\u00e9 modely Tavascan a Born.<\/li>\n<li>V mnichovsk\u00e9m showroomu CUPRA City Garage bude d\u011blat modelu CUPRA Tavascan spole\u010dnost speci\u00e1ln\u00ed edice CUPRA Terramar\u00a0<strong>TRIBE EDITION<\/strong>. Z\u00e1kazn\u00edci se budou moci s ob\u011bma vozy sezn\u00e1mit.<\/li>\n<\/ul>\n","protected":false},"excerpt":{"rendered":"<p>CUPRA dodala z\u00e1kazn\u00edk\u016fm od sv\u00e9ho zrozen\u00ed v roce 2018 v\u00edce ne\u017e 900 000 voz\u016f. Za&#8230;<\/p>\n","protected":false},"author":2,"featured_media":14811,"comment_status":"closed","ping_status":"closed","sticky":false,"template":"","format":"standard","meta":{"footnotes":""},"categories":[26,20,8],"tags":[],"class_list":["post-14810","post","type-post","status-publish","format-standard","has-post-thumbnail","hentry","category-eventy","category-tiskovky","category-vystavy"],"_links":{"self":[{"href":"https:\/\/www.automakers.cz\/index.php?rest_route=\/wp\/v2\/posts\/14810","targetHints":{"allow":["GET"]}}],"collection":[{"href":"https:\/\/www.automakers.cz\/index.php?rest_route=\/wp\/v2\/posts"}],"about":[{"href":"https:\/\/www.automakers.cz\/index.php?rest_route=\/wp\/v2\/types\/post"}],"author":[{"embeddable":true,"href":"https:\/\/www.automakers.cz\/index.php?rest_route=\/wp\/v2\/users\/2"}],"replies":[{"embeddable":true,"href":"https:\/\/www.automakers.cz\/index.php?rest_route=%2Fwp%2Fv2%2Fcomments&post=14810"}],"version-history":[{"count":5,"href":"https:\/\/www.automakers.cz\/index.php?rest_route=\/wp\/v2\/posts\/14810\/revisions"}],"predecessor-version":[{"id":14823,"href":"https:\/\/www.automakers.cz\/index.php?rest_route=\/wp\/v2\/posts\/14810\/revisions\/14823"}],"wp:featuredmedia":[{"embeddable":true,"href":"https:\/\/www.automakers.cz\/index.php?rest_route=\/wp\/v2\/media\/14811"}],"wp:attachment":[{"href":"https:\/\/www.automakers.cz\/index.php?rest_route=%2Fwp%2Fv2%2Fmedia&parent=14810"}],"wp:term":[{"taxonomy":"category","embeddable":true,"href":"https:\/\/www.automakers.cz\/index.php?rest_route=%2Fwp%2Fv2%2Fcategories&post=14810"},{"taxonomy":"post_tag","embeddable":true,"href":"https:\/\/www.automakers.cz\/index.php?rest_route=%2Fwp%2Fv2%2Ftags&post=14810"}],"curies":[{"name":"wp","href":"https:\/\/api.w.org\/{rel}","templated":true}]}}