{"id":14829,"date":"2025-07-22T06:04:57","date_gmt":"2025-07-22T06:04:57","guid":{"rendered":"https:\/\/www.automakers.cz\/?p=14829"},"modified":"2025-07-22T06:04:57","modified_gmt":"2025-07-22T06:04:57","slug":"holicka-jede-na-sraz-kachen-citroenu","status":"publish","type":"post","link":"https:\/\/www.automakers.cz\/?p=14829","title":{"rendered":"Holick\u00e1 jede na sraz &#8222;kachen&#8220; Citro\u00ebnu"},"content":{"rendered":"<p><strong>B\u00e1ra Holick\u00e1 \u2013 ambasadorka Citro\u00ebnu a dakarsk\u00e1 z\u00e1vodnice &#8211;\u00a0 se chyst\u00e1 se sv\u00fdm vozem na mezin\u00e1rodn\u00ed setk\u00e1n\u00ed voz\u016f 2CV. Ud\u00e1lost se letos kon\u00e1 od 29. \u010dervence do 3. srpna ve Slovinsku. \u010cesk\u00e1 republika zde bude m\u00edt nejen sv\u00e9 zastoupen\u00ed, ale tak\u00e9 ambice: st\u00e1t se po\u0159adatelskou zem\u00ed pro sv\u011btov\u00fd sraz v roce 2029.<\/strong><!--more--><\/p>\n<p><strong>Akce s pades\u00e1tiletou tradic\u00ed<\/strong><\/p>\n<p>Prvn\u00ed sv\u011btov\u00e9 setk\u00e1n\u00ed voz\u016f Citro\u00ebn 2CV se uskute\u010dnilo v roce 1975 ve Finsku. T\u00edm vznikla tradice, kter\u00e1 p\u0159etrv\u00e1v\u00e1 dodnes. Sraz se po\u0159\u00e1d\u00e1 ka\u017ed\u00e9 dva roky v n\u011bkter\u00e9 z evropsk\u00fdch zem\u00ed. V sou\u010dasnosti akce dosahuje ob\u0159\u00edch rozm\u011br\u016f. \u00da\u010dastn\u00ed se j\u00ed v\u00edce ne\u017e 5 000 voz\u016f a p\u0159es 10 000 nad\u0161enc\u016f. Nechyb\u00ed ani doprovodn\u00fd program, prezentace restaurovan\u00fdch voz\u016f, d\u00edl\u016f a unik\u00e1tn\u00edch p\u0159estaveb.<\/p>\n<p>Mezin\u00e1rodn\u00ed sraz \u201ekachen\u201c je dnes nejv\u011bt\u0161\u00ed v\u00fdstavn\u00ed a komunitn\u00ed platformou pro fanou\u0161ky model\u016f 2CV, Dyane, Mehari a dal\u0161\u00edch z \u0159ady A voz\u016f Citro\u00ebn. A pr\u00e1v\u011b zde se vol\u00ed po\u0159adatelsk\u00e1 zem\u011b pro budouc\u00ed setk\u00e1n\u00ed. Letos se bude rozhodovat o tom, kdo uspo\u0159\u00e1d\u00e1 sraz v roce 2029 \u2013 a \u010cesk\u00e1 republika je jedn\u00edm z kandid\u00e1t\u016f.<\/p>\n<p><strong>B\u00e1ra Holick\u00e1 reprezentuje \u010cesko<\/strong><\/p>\n<p>Nejzn\u00e1m\u011bj\u0161\u00ed majitelkou vozu Citro\u00ebn 2CV v \u010cesku je B\u00e1ra Holick\u00e1. S \u201ekachnou\u201c se v roce 2024 vydala na nejn\u00e1ro\u010dn\u011bj\u0161\u00ed z\u00e1vod v p\u00edsku a dun\u00e1ch \u2013 Dakar Classic a dojela do c\u00edle jako prvn\u00ed v historii. Letos sv\u016fj \u00fasp\u011bch zopakovala, tentokr\u00e1t s replikou vozu Citro\u00ebn 2CV Sahara. Na sraz do Slovinska se B\u00e1ra vyd\u00e1 hned s n\u011bkolika vozy a s po\u0159adatelsk\u00fdm t\u00fdmem, p\u0159i\u010dem\u017e jejich hlavn\u00edm c\u00edlem bude p\u0159esv\u011bd\u010dit evropsk\u00e9 kluby, aby se sv\u011btov\u00fd sraz v roce 2029 po dvaceti letech vr\u00e1til zp\u011bt do \u010ceska.<\/p>\n<figure id=\"attachment_10020\" aria-describedby=\"caption-attachment-10020\" style=\"width: 900px\" class=\"wp-caption alignnone\"><img loading=\"lazy\" decoding=\"async\" class=\"size-medium wp-image-10020\" src=\"http:\/\/www.automakers.cz\/wp-content\/uploads\/2025\/01\/Dakar_Duckar-prezident-900x675.jpg\" alt=\"\" width=\"900\" height=\"675\" \/><figcaption id=\"caption-attachment-10020\" class=\"wp-caption-text\">Foto. B. Holick\u00e1<\/figcaption><\/figure>\n<p>\u201eV\u00edme, \u017ee po\u0159\u00e1dat sraz u n\u00e1s je velmi n\u00e1ro\u010dn\u00e9, proto\u017ee je t\u0159eba po\u010d\u00edtat s n\u011bkolika tis\u00edci voz\u016f a host\u016f. Ale nen\u00ed to jen o m\u011b samotn\u00e9, jdeme do toho s cel\u00fdm t\u00fdmem \u201aKach\u0148\u00e1k\u016f\u2018. Bude to obrovsk\u00e1 v\u00fdzva! V roce 2009 v \u010cesku na hipodromu v Most\u011b zorganizoval konstrukt\u00e9r dakarsk\u00fdch voz\u016f 2CV Tom\u00e1\u0161 Neruda se sv\u00fdm t\u00fdmem opravdu v\u00fdjime\u010dn\u00fd ro\u010dn\u00edk, na kter\u00fd dodnes mnoz\u00ed vzpom\u00ednaj\u00ed, a pr\u00e1v\u011b na tento \u00fasp\u011bch bychom cht\u011bli d\u016fstojn\u011b nav\u00e1zat. Nav\u00edc v roce 2029 to bude 20 let od prvn\u00edho a zat\u00edm posledn\u00edho srazu kachen v \u010cesku, ale i 110 let od zalo\u017een\u00ed zna\u010dky Citro\u00ebn. Bude tedy co slavit,\u201c \u0159\u00edk\u00e1 B\u00e1ra Holick\u00e1.<\/p>\n<p><img loading=\"lazy\" decoding=\"async\" class=\"alignnone wp-image-14832\" src=\"http:\/\/www.automakers.cz\/wp-content\/uploads\/2025\/07\/mezinarodni-setkani-vozu-2CV-1-900x673.jpg\" alt=\"\" width=\"968\" height=\"724\" srcset=\"https:\/\/www.automakers.cz\/wp-content\/uploads\/2025\/07\/mezinarodni-setkani-vozu-2CV-1-900x673.jpg 900w, https:\/\/www.automakers.cz\/wp-content\/uploads\/2025\/07\/mezinarodni-setkani-vozu-2CV-1-1024x765.jpg 1024w, https:\/\/www.automakers.cz\/wp-content\/uploads\/2025\/07\/mezinarodni-setkani-vozu-2CV-1-768x574.jpg 768w, https:\/\/www.automakers.cz\/wp-content\/uploads\/2025\/07\/mezinarodni-setkani-vozu-2CV-1-1536x1148.jpg 1536w, https:\/\/www.automakers.cz\/wp-content\/uploads\/2025\/07\/mezinarodni-setkani-vozu-2CV-1.jpg 1600w\" sizes=\"auto, (max-width: 968px) 100vw, 968px\" \/><strong>Citro\u00ebn 2CV<\/strong><\/p>\n<p>Citro\u00ebn 2CV, p\u0159ezd\u00edvan\u00fd \u201ekachna\u201c, se vyr\u00e1b\u011bl v letech 1948\u20131990 a stal se symbolem jednoduchosti a francouzsk\u00e9ho \u0161armu. Tento automobil byl navr\u017een tak, aby p\u0159evezl farm\u00e1\u0159e p\u0159es pole s ko\u0161em vajec, ani\u017e by se jedin\u00e9 rozbilo. A pr\u00e1v\u011b d\u00edky sv\u00e9 nekomplikovan\u00e9 konstrukci si z\u00edskal miliony p\u0159\u00edznivc\u016f.<\/p>\n<p>Z\u00e1kladna majitel\u016f modelu 2CV je jednou z nejpo\u010detn\u011bj\u0161\u00edch nap\u0159\u00ed\u010d automobilkami. Srazy m\u00edvaj\u00ed tradi\u010dn\u011b velmi silnou \u00fa\u010dast. \u201eKach\u0148\u00e1ci\u201c se na n\u011b sj\u00ed\u017ed\u011bj\u00ed z cel\u00e9ho sv\u011bta, aby se setkali s ostatn\u00edmi \u010dleny komunity, z\u00edskali pro svoji \u201ekachnu\u201c pot\u0159ebn\u00e9 d\u00edly a zejm\u00e9na pak, aby se sezn\u00e1mili s origin\u00e1ln\u00edmi vozy, kter\u00e9 b\u00fdvaj\u00ed na akc\u00edch k vid\u011bn\u00ed.<\/p>\n<p>Leto\u0161n\u00ed setk\u00e1n\u00ed ve slovinsk\u00e9m m\u011bst\u011b Postojna vyvrchol\u00ed volbou hostitelsk\u00e9 zem\u011b v roce 2029. O tom, zda \u010desk\u00fd t\u00fdm v hlasov\u00e1n\u00ed usp\u011bje, se rozhodne v sobotu 2. srpna 2025.<\/p>\n<p><img loading=\"lazy\" decoding=\"async\" class=\"alignnone wp-image-14833\" src=\"http:\/\/www.automakers.cz\/wp-content\/uploads\/2025\/07\/mezinarodni-setkani-vozu-2CV-2-900x619.jpg\" alt=\"\" width=\"941\" height=\"647\" srcset=\"https:\/\/www.automakers.cz\/wp-content\/uploads\/2025\/07\/mezinarodni-setkani-vozu-2CV-2-900x619.jpg 900w, https:\/\/www.automakers.cz\/wp-content\/uploads\/2025\/07\/mezinarodni-setkani-vozu-2CV-2-1024x704.jpg 1024w, https:\/\/www.automakers.cz\/wp-content\/uploads\/2025\/07\/mezinarodni-setkani-vozu-2CV-2-768x528.jpg 768w, https:\/\/www.automakers.cz\/wp-content\/uploads\/2025\/07\/mezinarodni-setkani-vozu-2CV-2.jpg 1440w\" sizes=\"auto, (max-width: 941px) 100vw, 941px\" \/><\/p>\n","protected":false},"excerpt":{"rendered":"<p>B\u00e1ra Holick\u00e1 \u2013 ambasadorka Citro\u00ebnu a dakarsk\u00e1 z\u00e1vodnice &#8211;\u00a0 se chyst\u00e1 se sv\u00fdm vozem na&#8230;<\/p>\n","protected":false},"author":2,"featured_media":14830,"comment_status":"closed","ping_status":"closed","sticky":false,"template":"","format":"standard","meta":{"footnotes":""},"categories":[26,19,34],"tags":[],"class_list":["post-14829","post","type-post","status-publish","format-standard","has-post-thumbnail","hentry","category-eventy","category-motorsport","category-veterani"],"_links":{"self":[{"href":"https:\/\/www.automakers.cz\/index.php?rest_route=\/wp\/v2\/posts\/14829","targetHints":{"allow":["GET"]}}],"collection":[{"href":"https:\/\/www.automakers.cz\/index.php?rest_route=\/wp\/v2\/posts"}],"about":[{"href":"https:\/\/www.automakers.cz\/index.php?rest_route=\/wp\/v2\/types\/post"}],"author":[{"embeddable":true,"href":"https:\/\/www.automakers.cz\/index.php?rest_route=\/wp\/v2\/users\/2"}],"replies":[{"embeddable":true,"href":"https:\/\/www.automakers.cz\/index.php?rest_route=%2Fwp%2Fv2%2Fcomments&post=14829"}],"version-history":[{"count":6,"href":"https:\/\/www.automakers.cz\/index.php?rest_route=\/wp\/v2\/posts\/14829\/revisions"}],"predecessor-version":[{"id":14838,"href":"https:\/\/www.automakers.cz\/index.php?rest_route=\/wp\/v2\/posts\/14829\/revisions\/14838"}],"wp:featuredmedia":[{"embeddable":true,"href":"https:\/\/www.automakers.cz\/index.php?rest_route=\/wp\/v2\/media\/14830"}],"wp:attachment":[{"href":"https:\/\/www.automakers.cz\/index.php?rest_route=%2Fwp%2Fv2%2Fmedia&parent=14829"}],"wp:term":[{"taxonomy":"category","embeddable":true,"href":"https:\/\/www.automakers.cz\/index.php?rest_route=%2Fwp%2Fv2%2Fcategories&post=14829"},{"taxonomy":"post_tag","embeddable":true,"href":"https:\/\/www.automakers.cz\/index.php?rest_route=%2Fwp%2Fv2%2Ftags&post=14829"}],"curies":[{"name":"wp","href":"https:\/\/api.w.org\/{rel}","templated":true}]}}