{"id":14840,"date":"2025-07-22T06:34:13","date_gmt":"2025-07-22T06:34:13","guid":{"rendered":"https:\/\/www.automakers.cz\/?p=14840"},"modified":"2025-07-22T06:36:51","modified_gmt":"2025-07-22T06:36:51","slug":"hosek-navezl-leapmotory-do-vysocan","status":"publish","type":"post","link":"https:\/\/www.automakers.cz\/?p=14840","title":{"rendered":"Ho\u0161ek navezl Leapmotory do Vyso\u010dan"},"content":{"rendered":"<p><strong><span style=\"color: #000000;\"><span lang=\"hi-IN\">Skupina Emil Frey se letos stala v\u00fdhradn\u00edm distributorem vozidel a origin\u00e1ln\u00edch d\u00edl\u016f \u010d\u00ednsk\u00e9 zna\u010dky LeapMotor pro region st\u0159edn\u00ed a v\u00fdchodn\u00ed Evropy. <b>Country mana\u017eer pro \u010cR Luk\u00e1\u0161 Ho\u0161ek nechal v \u010dervenci nav\u00e9zt prvn\u00ed auta do showroomu v pra\u017esk\u00fdch Vyso\u010danech.<\/b><\/span><\/span><\/strong><!--more--><\/p>\n<p><span style=\"color: #000000;\">K podpisu smlouvy o v\u00fdhradn\u00edm zastoupen\u00ed s <\/span><strong><span style=\"color: #000000;\"><span lang=\"hi-IN\">LeapMotor International,<\/span><\/span><\/strong><span style=\"color: #000000;\"> co\u017e je spole\u010dn\u00fd podnik Leap<\/span><span style=\"color: #000000;\">M<\/span><span style=\"color: #000000;\">otor a koncernu Stellantis, do\u0161lo na za\u010d\u00e1tku kv\u011btna.\u00a0<\/span><\/p>\n<p><span style=\"color: #000000;\"><b>Zna\u010dka voz\u00ed auta voz\u00ed do st\u0159edn\u00ed Evropy z<\/b><\/span><span style=\"color: #000000;\"><span style=\"font-family: Liberation Serif, serif;\"><span style=\"font-size: medium;\"> p\u0159\u00edstavu v italsk\u00e9m Livornu, distribuci zaji\u0161\u0165uje Stellantis.V sou\u010dasnosti nab\u00edz\u00ed v tuzemsku dva modely,\u00a0<\/span><\/span><\/span><span style=\"color: #000000;\"><span style=\"font-family: Liberation Serif, serif;\"><span style=\"font-size: medium;\">mal\u00fd \u010dist\u011b bateriov\u00fd TO3 s dojezdem p\u0159es 200 kilometr\u016f a hybridn\u00ed C10, ve kter\u00e9m elektromotor poh\u00e1n\u00ed zadn\u00ed n\u00e1pravu a baterii dob\u00edj\u00ed p\u0159\u00eddavn\u00fd spalovac\u00ed agreg\u00e1t.<\/span><\/span><\/span><\/p>\n<p><img loading=\"lazy\" decoding=\"async\" class=\"alignnone size-medium wp-image-14685\" src=\"http:\/\/www.automakers.cz\/wp-content\/uploads\/2025\/07\/Leapmotor-Vysocany-showroom-900x506.jpg\" alt=\"\" width=\"900\" height=\"506\" srcset=\"https:\/\/www.automakers.cz\/wp-content\/uploads\/2025\/07\/Leapmotor-Vysocany-showroom-900x506.jpg 900w, https:\/\/www.automakers.cz\/wp-content\/uploads\/2025\/07\/Leapmotor-Vysocany-showroom-1024x576.jpg 1024w, https:\/\/www.automakers.cz\/wp-content\/uploads\/2025\/07\/Leapmotor-Vysocany-showroom-768x432.jpg 768w, https:\/\/www.automakers.cz\/wp-content\/uploads\/2025\/07\/Leapmotor-Vysocany-showroom-1536x864.jpg 1536w, https:\/\/www.automakers.cz\/wp-content\/uploads\/2025\/07\/Leapmotor-Vysocany-showroom-1280x720.jpg 1280w, https:\/\/www.automakers.cz\/wp-content\/uploads\/2025\/07\/Leapmotor-Vysocany-showroom.jpg 2048w\" sizes=\"auto, (max-width: 900px) 100vw, 900px\" \/><strong>Luk\u00e1\u0161 Ho\u0161ek<\/strong> u\u017e m\u00e1 prvn\u00ed fleetov\u00e9 z\u00e1jemce, ale aktu\u00e1ln\u011b \u0159e\u0161\u00ed hlavn\u011b prezentace pro dealery a z\u00e1kazn\u00edky. Jeho l<span style=\"color: #000000;\"><span style=\"font-family: Liberation Serif, serif;\"><span style=\"font-size: medium;\">eto\u0161n\u00edm c\u00edlem je<strong> deset a\u017e jeden\u00e1ct prodejn\u00edch m\u00edst<\/strong> ve velk\u00fdch m\u011bstech.<\/span><\/span><\/span><\/p>\n<p><img loading=\"lazy\" decoding=\"async\" class=\"alignnone size-medium wp-image-14843\" src=\"http:\/\/www.automakers.cz\/wp-content\/uploads\/2025\/07\/Hosek-Leapmotor-900x506.jpg\" alt=\"\" width=\"900\" height=\"506\" srcset=\"https:\/\/www.automakers.cz\/wp-content\/uploads\/2025\/07\/Hosek-Leapmotor-900x506.jpg 900w, https:\/\/www.automakers.cz\/wp-content\/uploads\/2025\/07\/Hosek-Leapmotor-1024x576.jpg 1024w, https:\/\/www.automakers.cz\/wp-content\/uploads\/2025\/07\/Hosek-Leapmotor-768x432.jpg 768w, https:\/\/www.automakers.cz\/wp-content\/uploads\/2025\/07\/Hosek-Leapmotor-1536x864.jpg 1536w, https:\/\/www.automakers.cz\/wp-content\/uploads\/2025\/07\/Hosek-Leapmotor-1280x720.jpg 1280w, https:\/\/www.automakers.cz\/wp-content\/uploads\/2025\/07\/Hosek-Leapmotor.jpg 2048w\" sizes=\"auto, (max-width: 900px) 100vw, 900px\" \/><span style=\"color: #000000;\"><span style=\"font-family: Liberation Serif, serif;\"><span style=\"font-size: medium;\">&#8222;N\u00e1roky na showroomy nyn\u00ed stav\u00edme tak, \u017ee tam mus\u00ed b\u00fdt m\u00edsto pro dv\u011b auta uvnit\u0159 a dv\u011b venku. V budoucnu m\u00e1 LeapMotor v pl\u00e1nu p\u011bt modelov\u00fdch \u0159ad, tak\u017ee budeme pot\u0159ebovat prostor alespo\u0148 pro t\u0159i a\u017e \u010dty\u0159i vozy,&#8220; up\u0159esnil pro n\u00e1\u0161 \u010dasopis.<\/span><\/span><\/span><\/p>\n<p><strong>Jak\u00e9 jsou prodejn\u00ed c\u00edle LeapMotoru a jak bude letos vypadat jeho marketing? Kdy bude ve Vyso\u010danech prvn\u00ed tiskov\u00e1 konference? <\/strong><\/p>\n<p><strong>Cel\u00fd rozhovor p\u0159inese letn\u00ed Import\u00e9rsk\u00fd speci\u00e1l AUTOmakers!<\/strong><\/p>\n<figure id=\"attachment_14432\" aria-describedby=\"caption-attachment-14432\" style=\"width: 900px\" class=\"wp-caption alignnone\"><img loading=\"lazy\" decoding=\"async\" class=\"size-medium wp-image-14432\" src=\"http:\/\/www.automakers.cz\/wp-content\/uploads\/2025\/07\/Leapmotor-T03-900x600.webp\" alt=\"\" width=\"900\" height=\"600\" srcset=\"https:\/\/www.automakers.cz\/wp-content\/uploads\/2025\/07\/Leapmotor-T03-900x600.webp 900w, https:\/\/www.automakers.cz\/wp-content\/uploads\/2025\/07\/Leapmotor-T03-1024x683.webp 1024w, https:\/\/www.automakers.cz\/wp-content\/uploads\/2025\/07\/Leapmotor-T03-768x512.webp 768w, https:\/\/www.automakers.cz\/wp-content\/uploads\/2025\/07\/Leapmotor-T03.webp 1200w\" sizes=\"auto, (max-width: 900px) 100vw, 900px\" \/><figcaption id=\"caption-attachment-14432\" class=\"wp-caption-text\">Foto: Leapmotor<\/figcaption><\/figure>\n","protected":false},"excerpt":{"rendered":"<p>Skupina Emil Frey se letos stala v\u00fdhradn\u00edm distributorem vozidel a origin\u00e1ln\u00edch d\u00edl\u016f \u010d\u00ednsk\u00e9 zna\u010dky LeapMotor&#8230;<\/p>\n","protected":false},"author":1,"featured_media":14842,"comment_status":"closed","ping_status":"closed","sticky":false,"template":"","format":"standard","meta":{"footnotes":""},"categories":[17,11,71],"tags":[],"class_list":["post-14840","post","type-post","status-publish","format-standard","has-post-thumbnail","hentry","category-dealeri","category-importeri","category-interview"],"_links":{"self":[{"href":"https:\/\/www.automakers.cz\/index.php?rest_route=\/wp\/v2\/posts\/14840","targetHints":{"allow":["GET"]}}],"collection":[{"href":"https:\/\/www.automakers.cz\/index.php?rest_route=\/wp\/v2\/posts"}],"about":[{"href":"https:\/\/www.automakers.cz\/index.php?rest_route=\/wp\/v2\/types\/post"}],"author":[{"embeddable":true,"href":"https:\/\/www.automakers.cz\/index.php?rest_route=\/wp\/v2\/users\/1"}],"replies":[{"embeddable":true,"href":"https:\/\/www.automakers.cz\/index.php?rest_route=%2Fwp%2Fv2%2Fcomments&post=14840"}],"version-history":[{"count":4,"href":"https:\/\/www.automakers.cz\/index.php?rest_route=\/wp\/v2\/posts\/14840\/revisions"}],"predecessor-version":[{"id":14845,"href":"https:\/\/www.automakers.cz\/index.php?rest_route=\/wp\/v2\/posts\/14840\/revisions\/14845"}],"wp:featuredmedia":[{"embeddable":true,"href":"https:\/\/www.automakers.cz\/index.php?rest_route=\/wp\/v2\/media\/14842"}],"wp:attachment":[{"href":"https:\/\/www.automakers.cz\/index.php?rest_route=%2Fwp%2Fv2%2Fmedia&parent=14840"}],"wp:term":[{"taxonomy":"category","embeddable":true,"href":"https:\/\/www.automakers.cz\/index.php?rest_route=%2Fwp%2Fv2%2Fcategories&post=14840"},{"taxonomy":"post_tag","embeddable":true,"href":"https:\/\/www.automakers.cz\/index.php?rest_route=%2Fwp%2Fv2%2Ftags&post=14840"}],"curies":[{"name":"wp","href":"https:\/\/api.w.org\/{rel}","templated":true}]}}