{"id":14848,"date":"2025-07-23T05:57:42","date_gmt":"2025-07-23T05:57:42","guid":{"rendered":"https:\/\/www.automakers.cz\/?p=14848"},"modified":"2025-07-23T05:58:17","modified_gmt":"2025-07-23T05:58:17","slug":"schneider-charge-reaguje-na-smernici-eu-o-energeticke-narocnosti-budov","status":"publish","type":"post","link":"https:\/\/www.automakers.cz\/?p=14848","title":{"rendered":"Schneider Charge reaguje na sm\u011brnici EU o energetick\u00e9 n\u00e1ro\u010dnosti budov"},"content":{"rendered":"<p><strong>S rostouc\u00edm po\u010dtem elektromobil\u016f na evropsk\u00fdch silnic\u00edch reaguje Evropsk\u00e1 unie sm\u011brnic\u00ed o energetick\u00e9 n\u00e1ro\u010dnosti budov (EPBD), kter\u00e1 stanovuje po\u017eadavky na budov\u00e1n\u00ed dob\u00edjec\u00edch bod\u016f v komer\u010dn\u00edch i bytov\u00fdch objektech.<\/strong><!--more--><\/p>\n<p><strong> Schneider Electric<\/strong> p\u0159edstavuje inteligentn\u00ed nab\u00edjec\u00ed stanici Schneider Charge Pro, kter\u00e1 integraci nab\u00edjec\u00ed infrastruktury usnad\u0148uje.<\/p>\n<p><strong>Schneider Charge Pro<\/strong> je cenov\u011b dostupn\u00e1 nab\u00edjec\u00ed stanice, kter\u00e1 je pln\u011b funk\u010dn\u00ed samostatn\u011b a z\u00e1rove\u0148 nab\u00edz\u00ed mo\u017enost integrace do \u0161ir\u0161\u00edho ekosyst\u00e9mu \u0159e\u0161en\u00ed eMobility. Flexibilita z n\u00ed \u010din\u00ed ide\u00e1ln\u00ed volbu pro majitele a spr\u00e1vce komer\u010dn\u00edch i reziden\u010dn\u00edch budov, kte\u0159\u00ed hledaj\u00ed efektivn\u00ed cestu k pln\u011bn\u00ed nov\u00fdch legislativn\u00edch po\u017eadavk\u016f.<\/p>\n<p>\u201eNa\u0161e nab\u00edjec\u00ed stanice pom\u00e1h\u00e1 splnit po\u017eadavky sm\u011brnice EPBD s minim\u00e1ln\u00edmi z\u00e1sahy do st\u00e1vaj\u00edc\u00ed elektrick\u00e9 infrastruktury budov,\u201c vysv\u011btluje Leo\u0161 Kab\u00e1t, expert na elektromobilitu ze spole\u010dnosti Schneider Electric. \u201eSchneider Charge Pro v kombinaci s inteligentn\u00edm syst\u00e9mem EcoStruxure EV Charging Expert dynamicky p\u0159izp\u016fsobuje nab\u00edjec\u00ed v\u00fdkon podle aktu\u00e1ln\u00ed situace v budov\u011b, \u010d\u00edm\u017e eliminuje nutnost n\u00e1kladn\u00e9ho posilov\u00e1n\u00ed elektrick\u00fdch p\u0159\u00edvod\u016f.\u201c<\/p>\n<p><strong>Sm\u011brnice EPBD<\/strong> klade r\u016fzn\u00e9 n\u00e1roky podle typu budovy. U existuj\u00edc\u00edch nebytov\u00fdch budov s v\u00edce ne\u017e 20 parkovac\u00edmi m\u00edsty je t\u0159eba do roku 2027 zajistit nejm\u00e9n\u011b jeden dob\u00edjec\u00ed bod na ka\u017ed\u00fdch deset parkovac\u00edch m\u00edst nebo kabelovody pro nejm\u00e9n\u011b 50 % parkovac\u00edch m\u00edst. Pro nov\u00e9 nebo v\u00fdznamn\u011b renovovan\u00e9 nebytov\u00e9 budovy jsou p\u0159itom po\u017eadavky je\u0161t\u011b p\u0159\u00edsn\u011bj\u0161\u00ed.<\/p>\n<p><img loading=\"lazy\" decoding=\"async\" class=\"alignnone wp-image-14850\" src=\"http:\/\/www.automakers.cz\/wp-content\/uploads\/2025\/07\/3_SE_Schneider-Charge-Pro_S-small-3-900x506.jpg\" alt=\"\" width=\"982\" height=\"552\" srcset=\"https:\/\/www.automakers.cz\/wp-content\/uploads\/2025\/07\/3_SE_Schneider-Charge-Pro_S-small-3-900x506.jpg 900w, https:\/\/www.automakers.cz\/wp-content\/uploads\/2025\/07\/3_SE_Schneider-Charge-Pro_S-small-3-1024x576.jpg 1024w, https:\/\/www.automakers.cz\/wp-content\/uploads\/2025\/07\/3_SE_Schneider-Charge-Pro_S-small-3-768x432.jpg 768w, https:\/\/www.automakers.cz\/wp-content\/uploads\/2025\/07\/3_SE_Schneider-Charge-Pro_S-small-3-1536x864.jpg 1536w, https:\/\/www.automakers.cz\/wp-content\/uploads\/2025\/07\/3_SE_Schneider-Charge-Pro_S-small-3-2048x1152.jpg 2048w, https:\/\/www.automakers.cz\/wp-content\/uploads\/2025\/07\/3_SE_Schneider-Charge-Pro_S-small-3-1280x720.jpg 1280w\" sizes=\"auto, (max-width: 982px) 100vw, 982px\" \/><\/p>\n<p><strong>V\u00fdhody pro r\u016fzn\u00e9 typy u\u017eivatel\u016f <\/strong><\/p>\n<p>Schneider Charge Pro p\u0159in\u00e1\u0161\u00ed v\u00fdhody pro r\u016fzn\u00e9 typy u\u017eivatel\u016f v oblasti elektromobility. V reziden\u010dn\u00edch budov\u00e1ch syst\u00e9m efektivn\u011b rozd\u011bluje dostupnou elektrickou energii, \u010d\u00edm\u017e zaji\u0161\u0165uje, \u017ee nab\u00edjen\u00ed elektromobil\u016f nep\u0159et\u011b\u017euje elektrickou s\u00ed\u0165 a obyvatel\u00e9 nezaznamenaj\u00ed v\u00fdpadky. Pohodln\u00e1 mo\u017enost nab\u00edjen\u00ed p\u0159\u00edmo v m\u00edst\u011b bydli\u0161t\u011b se nav\u00edc st\u00e1v\u00e1 st\u00e1le d\u016fle\u017eit\u011bj\u0161\u00edm krit\u00e9riem p\u0159i v\u00fdb\u011bru nemovitosti pro sou\u010dasn\u00e9 i potenci\u00e1ln\u00ed n\u00e1jemn\u00edky.<\/p>\n<p>Vlastn\u00edci a spr\u00e1vci komer\u010dn\u00edch budov ocen\u00ed p\u0159ehledn\u00fd softwarov\u00fd syst\u00e9m, kter\u00fd sleduje, kdo a kdy nab\u00edjel, co\u017e usnad\u0148uje vy\u00fa\u010dtov\u00e1n\u00ed t\u011bchto n\u00e1klad\u016f zam\u011bstnanc\u016fm s firemn\u00edmi elektromobily. Spole\u010dnosti tak mohou postupn\u011b p\u0159ech\u00e1zet na elektromobilitu bez administrativn\u00ed z\u00e1t\u011b\u017ee a sou\u010dasn\u011b napl\u0148ovat sv\u00e9 c\u00edle v oblasti udr\u017eiteln\u00e9ho rozvoje.<\/p>\n<p>Provozovatel\u00e9 s\u00edt\u00ed nab\u00edjec\u00edch stanic pak z\u00edsk\u00e1vaj\u00ed efektivn\u00ed \u0159e\u0161en\u00ed pro rozs\u00e1hl\u00e9 instalace s mo\u017enost\u00ed snadn\u00e9 integrace do existuj\u00edc\u00edch syst\u00e9m\u016f d\u00edky standardizovan\u00fdm komunika\u010dn\u00edm protokol\u016fm. Stanice je t\u00e9\u017e vybavena certifikovan\u00fdm m\u011b\u0159en\u00edm spot\u0159ebovan\u00e9 elektrick\u00e9 energie, kter\u00e9 umo\u017e\u0148uje p\u0159esn\u00e9 vy\u00fa\u010dtov\u00e1n\u00ed z\u00e1kazn\u00edk\u016fm.<\/p>\n<p><img loading=\"lazy\" decoding=\"async\" class=\"alignnone wp-image-14851\" src=\"http:\/\/www.automakers.cz\/wp-content\/uploads\/2025\/07\/2_SE_Schneider-Charge-Pro_S-small-2-900x600.jpg\" alt=\"\" width=\"990\" height=\"660\" srcset=\"https:\/\/www.automakers.cz\/wp-content\/uploads\/2025\/07\/2_SE_Schneider-Charge-Pro_S-small-2-900x600.jpg 900w, https:\/\/www.automakers.cz\/wp-content\/uploads\/2025\/07\/2_SE_Schneider-Charge-Pro_S-small-2-1024x683.jpg 1024w, https:\/\/www.automakers.cz\/wp-content\/uploads\/2025\/07\/2_SE_Schneider-Charge-Pro_S-small-2-768x512.jpg 768w, https:\/\/www.automakers.cz\/wp-content\/uploads\/2025\/07\/2_SE_Schneider-Charge-Pro_S-small-2-1536x1024.jpg 1536w, https:\/\/www.automakers.cz\/wp-content\/uploads\/2025\/07\/2_SE_Schneider-Charge-Pro_S-small-2-2048x1366.jpg 2048w\" sizes=\"auto, (max-width: 990px) 100vw, 990px\" \/><strong>Jednoduch\u00e1 instalace a uveden\u00ed do provozu<\/strong><\/p>\n<p>Instalaci Schneider Charge Pro zvl\u00e1dne b\u011b\u017en\u00fd elektrik\u00e1\u0159 jednodu\u0161e a rychle. Cel\u00fd proces uveden\u00ed do provozu je podpo\u0159en nov\u00fdm n\u00e1strojem, d\u00edky kter\u00e9mu je mo\u017en\u00e9 p\u0159edb\u011b\u017en\u00e9 nastaven\u00ed mimo m\u00edsto instalace a rychlej\u0161\u00ed zprovozn\u011bn\u00ed p\u0159\u00edmo na m\u00edst\u011b, to v\u0161e prost\u0159ednictv\u00edm jedn\u00e9 intuitivn\u00ed mobiln\u00ed aplikace.<\/p>\n<p>Nab\u00edjec\u00ed stanice Schneider Charge Pro je pro z\u00e1kazn\u00edky v \u010cesk\u00e9 republice a na Slovensku k dispozici od dubna leto\u0161n\u00edho roku.<\/p>\n<p><img loading=\"lazy\" decoding=\"async\" class=\"alignnone wp-image-14852\" src=\"http:\/\/www.automakers.cz\/wp-content\/uploads\/2025\/07\/4_SE_Schneider_Charge_Pro_S-small-4-900x900.jpg\" alt=\"\" width=\"967\" height=\"967\" srcset=\"https:\/\/www.automakers.cz\/wp-content\/uploads\/2025\/07\/4_SE_Schneider_Charge_Pro_S-small-4-900x900.jpg 900w, https:\/\/www.automakers.cz\/wp-content\/uploads\/2025\/07\/4_SE_Schneider_Charge_Pro_S-small-4-1024x1024.jpg 1024w, https:\/\/www.automakers.cz\/wp-content\/uploads\/2025\/07\/4_SE_Schneider_Charge_Pro_S-small-4-768x768.jpg 768w, https:\/\/www.automakers.cz\/wp-content\/uploads\/2025\/07\/4_SE_Schneider_Charge_Pro_S-small-4-1536x1536.jpg 1536w, https:\/\/www.automakers.cz\/wp-content\/uploads\/2025\/07\/4_SE_Schneider_Charge_Pro_S-small-4.jpg 1700w\" sizes=\"auto, (max-width: 967px) 100vw, 967px\" \/><\/p>\n","protected":false},"excerpt":{"rendered":"<p>S rostouc\u00edm po\u010dtem elektromobil\u016f na evropsk\u00fdch silnic\u00edch reaguje Evropsk\u00e1 unie sm\u011brnic\u00ed o energetick\u00e9 n\u00e1ro\u010dnosti budov&#8230;<\/p>\n","protected":false},"author":2,"featured_media":14849,"comment_status":"closed","ping_status":"closed","sticky":false,"template":"","format":"standard","meta":{"footnotes":""},"categories":[9,25],"tags":[],"class_list":["post-14848","post","type-post","status-publish","format-standard","has-post-thumbnail","hentry","category-elektromobily","category-legislativa"],"_links":{"self":[{"href":"https:\/\/www.automakers.cz\/index.php?rest_route=\/wp\/v2\/posts\/14848","targetHints":{"allow":["GET"]}}],"collection":[{"href":"https:\/\/www.automakers.cz\/index.php?rest_route=\/wp\/v2\/posts"}],"about":[{"href":"https:\/\/www.automakers.cz\/index.php?rest_route=\/wp\/v2\/types\/post"}],"author":[{"embeddable":true,"href":"https:\/\/www.automakers.cz\/index.php?rest_route=\/wp\/v2\/users\/2"}],"replies":[{"embeddable":true,"href":"https:\/\/www.automakers.cz\/index.php?rest_route=%2Fwp%2Fv2%2Fcomments&post=14848"}],"version-history":[{"count":7,"href":"https:\/\/www.automakers.cz\/index.php?rest_route=\/wp\/v2\/posts\/14848\/revisions"}],"predecessor-version":[{"id":14867,"href":"https:\/\/www.automakers.cz\/index.php?rest_route=\/wp\/v2\/posts\/14848\/revisions\/14867"}],"wp:featuredmedia":[{"embeddable":true,"href":"https:\/\/www.automakers.cz\/index.php?rest_route=\/wp\/v2\/media\/14849"}],"wp:attachment":[{"href":"https:\/\/www.automakers.cz\/index.php?rest_route=%2Fwp%2Fv2%2Fmedia&parent=14848"}],"wp:term":[{"taxonomy":"category","embeddable":true,"href":"https:\/\/www.automakers.cz\/index.php?rest_route=%2Fwp%2Fv2%2Fcategories&post=14848"},{"taxonomy":"post_tag","embeddable":true,"href":"https:\/\/www.automakers.cz\/index.php?rest_route=%2Fwp%2Fv2%2Ftags&post=14848"}],"curies":[{"name":"wp","href":"https:\/\/api.w.org\/{rel}","templated":true}]}}