{"id":1486,"date":"2024-01-17T11:06:23","date_gmt":"2024-01-17T11:06:23","guid":{"rendered":"https:\/\/www.automakers.cz\/?p=1486"},"modified":"2024-01-19T10:26:17","modified_gmt":"2024-01-19T10:26:17","slug":"mitsubishi-ukazalo-v-praze-novy-colt-video","status":"publish","type":"post","link":"https:\/\/www.automakers.cz\/?p=1486","title":{"rendered":"Mitsubishi uk\u00e1zalo v Praze nov\u00fd Colt (Video)"},"content":{"rendered":"<p><strong>Mana\u017ee\u0159i zna\u010dky Mitsubishi p\u0159edvedli 16. ledna v pra\u017esk\u00e9m resortu Volcano Spa novou verzi modelu Colt. V prodeji bude u\u017e od ledna. Novinku prezentoval \u0161\u00e9f M Motors Kamil \u0160ilhav\u00fd. Cena startuje na 380 000 korun.<\/strong><!--more--><\/p>\n<p>Nov\u00fd Colt, v\u016fz segmentu B, byl navr\u017een pro evropsk\u00e9 trhy a p\u0159in\u00e1\u0161\u00ed nejnov\u011bj\u0161\u00ed technologie pohonu v\u010detn\u011b hybridn\u00edho \u00fastroj\u00ed, vysp\u011bl\u00fdch bezpe\u010dnostn\u00edch syst\u00e9m\u016f a komfortn\u00edch prvk\u016f v\u00fdbavy. Nejmodern\u011bj\u0161\u00ed syst\u00e9m palubn\u00edho infotainmentu dovoluje u\u017eivateli p\u0159en\u00e9st sv\u00e9 digit\u00e1ln\u00ed prost\u0159ed\u00ed p\u0159\u00edmo do kabiny vozu, kde k ovl\u00e1d\u00e1n\u00ed slou\u017e\u00ed multidotykov\u00e1 obrazovka a syst\u00e9m rozpozn\u00e1v\u00e1n\u00ed hlasu,&#8220; uvedl \u0160ilhav\u00fd.<\/p>\n<p><img loading=\"lazy\" decoding=\"async\" class=\"alignnone size-medium wp-image-1490\" src=\"http:\/\/www.automakers.cz\/wp-content\/uploads\/2024\/01\/Mitsubishi-Silhavy-900x675.jpg\" alt=\"\" width=\"900\" height=\"675\" srcset=\"https:\/\/www.automakers.cz\/wp-content\/uploads\/2024\/01\/Mitsubishi-Silhavy-900x675.jpg 900w, https:\/\/www.automakers.cz\/wp-content\/uploads\/2024\/01\/Mitsubishi-Silhavy-1024x768.jpg 1024w, https:\/\/www.automakers.cz\/wp-content\/uploads\/2024\/01\/Mitsubishi-Silhavy-768x576.jpg 768w, https:\/\/www.automakers.cz\/wp-content\/uploads\/2024\/01\/Mitsubishi-Silhavy-1536x1152.jpg 1536w, https:\/\/www.automakers.cz\/wp-content\/uploads\/2024\/01\/Mitsubishi-Silhavy.jpg 2040w\" sizes=\"auto, (max-width: 900px) 100vw, 900px\" \/><\/p>\n<p><strong>V\u00fdbavov\u00e9 stupn\u011b a design<\/strong><\/p>\n<p>Na m\u011bsto zam\u011b\u0159en\u00fd vn\u011bj\u0161\u00ed design zcela nov\u00e9ho COLTu je mo\u017en\u00e9 je\u0161t\u011b vylep\u0161it v z\u00e1vislosti na stupni v\u00fdbavy*: INFORM, INVITE, INTENSE a INSTYLE. Prost\u0159ednictv\u00edm jednodu\u0161e postaven\u00e9 nab\u00eddky v\u00fdbav lze decentn\u011b zm\u011bnit v\u00fdsledn\u00fd vn\u011bj\u0161\u00ed charakter vozu, nap\u0159\u00edklad pomoc\u00ed r\u016fzn\u00fdch barev vn\u011bj\u0161\u00edch prvk\u016f vozu (zrc\u00e1tek, bo\u010dn\u00edch li\u0161t, spoileru a ochrann\u00e9ho krytu n\u00e1razn\u00edku), resp. proveden\u00ed kol (15&#8243; ocelov\u00e1 kola a 16 nebo 17&#8243; lit\u00e1 kola).<\/p>\n<p>V interi\u00e9ru zcela nov\u00e9ho COLTu pak nab\u00edzen\u00e9 stylistick\u00e9 prvky prop\u016fj\u010duj\u00ed kabin\u011b specifick\u00fd charakter prost\u0159ednictv\u00edm r\u016fzn\u00fdch materi\u00e1l\u016f vylep\u0161uj\u00edc\u00edch vzhled a atmosf\u00e9ru. Agiln\u00ed p\u0159\u00edstup k designu zcela nov\u00e9ho COLTu jde ruku v ruce s digit\u00e1ln\u00edm prost\u0159ed\u00edm na palub\u011b vozu, za n\u00edm\u017e stoj\u00ed syst\u00e9m SDA (se 7&#8243; nebo 9,3&#8243; displejem) a digit\u00e1ln\u00ed p\u0159\u00edstrojov\u00fd \u0161t\u00edt (7&#8243; nebo 10&#8243;).<\/p>\n<p><img loading=\"lazy\" decoding=\"async\" class=\"alignnone size-medium wp-image-1492\" src=\"http:\/\/www.automakers.cz\/wp-content\/uploads\/2024\/01\/Mitsubishi-Colt-graf-1-900x675.jpg\" alt=\"\" width=\"900\" height=\"675\" srcset=\"https:\/\/www.automakers.cz\/wp-content\/uploads\/2024\/01\/Mitsubishi-Colt-graf-1-900x675.jpg 900w, https:\/\/www.automakers.cz\/wp-content\/uploads\/2024\/01\/Mitsubishi-Colt-graf-1-1024x768.jpg 1024w, https:\/\/www.automakers.cz\/wp-content\/uploads\/2024\/01\/Mitsubishi-Colt-graf-1-768x576.jpg 768w, https:\/\/www.automakers.cz\/wp-content\/uploads\/2024\/01\/Mitsubishi-Colt-graf-1-1536x1152.jpg 1536w, https:\/\/www.automakers.cz\/wp-content\/uploads\/2024\/01\/Mitsubishi-Colt-graf-1.jpg 2040w\" sizes=\"auto, (max-width: 900px) 100vw, 900px\" \/><\/p>\n<p><strong>Pohony<\/strong><\/p>\n<p>Zcela nov\u00fd COLT p\u0159in\u00e1\u0161\u00ed nejnov\u011bj\u0161\u00ed technologie pohonu a nab\u00edz\u00ed n\u011bkolik mo\u017enost\u00ed v\u00fdb\u011bru v souladu s\u00a0pot\u0159ebami n\u00e1ro\u010dn\u00e9ho evropsk\u00e9ho segmentu mal\u00fdch voz\u016f \u2013 zejm\u00e9na ve smyslu j\u00edzdn\u00edch vlastnost\u00ed a hospod\u00e1rnosti provozu.<\/p>\n<ul>\n<li><strong>1,0 MPI:\u00a0<\/strong>Benz\u00ednov\u00fd t\u0159\u00edv\u00e1lec s v\u00edcebodov\u00fdm vst\u0159ikov\u00e1n\u00edm a p\u011btistup\u0148ovou manu\u00e1ln\u00ed p\u0159evodovkou. V\u00fdkon: 65 k, emise CO<sub>2<\/sub>: 119-122 g\/km<\/li>\n<li><strong>1,0 MPI-T:\u00a0<\/strong>P\u0159epl\u0148ovan\u00fd benz\u00ednov\u00fd t\u0159\u00edv\u00e1lec s v\u00edcebodov\u00fdm vst\u0159ikov\u00e1n\u00edm a \u0161estistup\u0148ovou manu\u00e1ln\u00ed p\u0159evodovkou. V\u00fdkon: 90 k, emise CO<sub>2<\/sub>: 118-121 g\/km.<\/li>\n<li><strong>1,6 Hybrid (HEV):\u00a0<\/strong>Benz\u00ednov\u00fd motor se dv\u011bma elektromotory a bateri\u00ed o kapacit\u011b 1,2 kWh v kombinaci s automatickou p\u0159evodovkou podporuj\u00edc\u00ed v\u00edce re\u017eim\u016f. Syst\u00e9mov\u00fd v\u00fdkon: 145 k, emise CO<sub>2<\/sub>: 93-101 g\/km.<\/li>\n<\/ul>\n<figure id=\"attachment_1495\" aria-describedby=\"caption-attachment-1495\" style=\"width: 900px\" class=\"wp-caption alignnone\"><img loading=\"lazy\" decoding=\"async\" class=\"size-medium wp-image-1495\" src=\"http:\/\/www.automakers.cz\/wp-content\/uploads\/2024\/01\/Mitsubishi-Colt-1-generace-900x675.jpg\" alt=\"\" width=\"900\" height=\"675\" srcset=\"https:\/\/www.automakers.cz\/wp-content\/uploads\/2024\/01\/Mitsubishi-Colt-1-generace-900x675.jpg 900w, https:\/\/www.automakers.cz\/wp-content\/uploads\/2024\/01\/Mitsubishi-Colt-1-generace-1024x768.jpg 1024w, https:\/\/www.automakers.cz\/wp-content\/uploads\/2024\/01\/Mitsubishi-Colt-1-generace-768x576.jpg 768w, https:\/\/www.automakers.cz\/wp-content\/uploads\/2024\/01\/Mitsubishi-Colt-1-generace-1536x1152.jpg 1536w, https:\/\/www.automakers.cz\/wp-content\/uploads\/2024\/01\/Mitsubishi-Colt-1-generace.jpg 2040w\" sizes=\"auto, (max-width: 900px) 100vw, 900px\" \/><figcaption id=\"caption-attachment-1495\" class=\"wp-caption-text\"><strong>Ve Volcano SPA se uk\u00e1zala i prvn\u00ed generace Coltu<\/strong><\/figcaption><\/figure>\n<p><strong>Z\u00e1ruky<\/strong><\/p>\n<p>Na zcela nov\u00fd COLT se podobn\u011b jako na dal\u0161\u00ed vozidla z modelov\u00e9 nab\u00eddky t\u00e9to zna\u010dky vztahuj\u00ed tyto v\u00fdhody:<\/p>\n<ul>\n<li>P\u011btilet\u00e1 tov\u00e1rn\u00ed z\u00e1ruka (s omezen\u00edm na 100 000 km)<\/li>\n<li>Dvan\u00e1ctilet\u00e1 z\u00e1ruka proti proreziv\u011bn\u00ed karoserie<\/li>\n<li>Osmilet\u00e1 z\u00e1ruka na baterii syst\u00e9mu pohonu a zachov\u00e1n\u00ed jej\u00ed kapacity (s omezen\u00edm na 160 000 km)<\/li>\n<li>A\u017e 15let\u00e1 asisten\u010dn\u00ed slu\u017eba (Asisten\u010dn\u00ed paket Mitsubishi Motors)<\/li>\n<\/ul>\n<p><strong>Zdroj: TK Mitsubishi, Erich Handl, Video: Lud\u011bk Kortus<\/strong><\/p>\n<figure class=\"wp-block-embed wp-block-embed-youtube is-type-video is-provider-youtube epyt-figure\"><div class=\"wp-block-embed__wrapper\"><iframe loading=\"lazy\"  id=\"_ytid_47351\"  width=\"640\" height=\"360\"  data-origwidth=\"640\" data-origheight=\"360\" src=\"https:\/\/www.youtube.com\/embed\/ieFx9P_dHyA?enablejsapi=1&autoplay=0&cc_load_policy=0&cc_lang_pref=&iv_load_policy=1&loop=0&modestbranding=0&rel=1&fs=1&playsinline=0&autohide=2&theme=dark&color=red&controls=1&\" class=\"__youtube_prefs__  no-lazyload\" title=\"YouTube player\"  allow=\"accelerometer; autoplay; clipboard-write; encrypted-media; gyroscope; picture-in-picture\" allowfullscreen data-no-lazy=\"1\" data-skipgform_ajax_framebjll=\"\"><\/iframe><\/div><\/figure>\n","protected":false},"excerpt":{"rendered":"<p>Mana\u017ee\u0159i zna\u010dky Mitsubishi p\u0159edvedli 16. ledna v pra\u017esk\u00e9m resortu Volcano Spa novou verzi modelu Colt&#8230;.<\/p>\n","protected":false},"author":1,"featured_media":1489,"comment_status":"open","ping_status":"open","sticky":false,"template":"","format":"standard","meta":{"footnotes":""},"categories":[59,37,12],"tags":[],"class_list":["post-1486","post","type-post","status-publish","format-standard","has-post-thumbnail","hentry","category-automakers-tv","category-ceny-novinek","category-premiery"],"_links":{"self":[{"href":"https:\/\/www.automakers.cz\/index.php?rest_route=\/wp\/v2\/posts\/1486","targetHints":{"allow":["GET"]}}],"collection":[{"href":"https:\/\/www.automakers.cz\/index.php?rest_route=\/wp\/v2\/posts"}],"about":[{"href":"https:\/\/www.automakers.cz\/index.php?rest_route=\/wp\/v2\/types\/post"}],"author":[{"embeddable":true,"href":"https:\/\/www.automakers.cz\/index.php?rest_route=\/wp\/v2\/users\/1"}],"replies":[{"embeddable":true,"href":"https:\/\/www.automakers.cz\/index.php?rest_route=%2Fwp%2Fv2%2Fcomments&post=1486"}],"version-history":[{"count":6,"href":"https:\/\/www.automakers.cz\/index.php?rest_route=\/wp\/v2\/posts\/1486\/revisions"}],"predecessor-version":[{"id":1500,"href":"https:\/\/www.automakers.cz\/index.php?rest_route=\/wp\/v2\/posts\/1486\/revisions\/1500"}],"wp:featuredmedia":[{"embeddable":true,"href":"https:\/\/www.automakers.cz\/index.php?rest_route=\/wp\/v2\/media\/1489"}],"wp:attachment":[{"href":"https:\/\/www.automakers.cz\/index.php?rest_route=%2Fwp%2Fv2%2Fmedia&parent=1486"}],"wp:term":[{"taxonomy":"category","embeddable":true,"href":"https:\/\/www.automakers.cz\/index.php?rest_route=%2Fwp%2Fv2%2Fcategories&post=1486"},{"taxonomy":"post_tag","embeddable":true,"href":"https:\/\/www.automakers.cz\/index.php?rest_route=%2Fwp%2Fv2%2Ftags&post=1486"}],"curies":[{"name":"wp","href":"https:\/\/api.w.org\/{rel}","templated":true}]}}