{"id":14916,"date":"2025-07-24T15:32:55","date_gmt":"2025-07-24T15:32:55","guid":{"rendered":"https:\/\/www.automakers.cz\/?p=14916"},"modified":"2025-07-24T15:34:04","modified_gmt":"2025-07-24T15:34:04","slug":"skoda-hleda-koordinatora-motorsportu","status":"publish","type":"post","link":"https:\/\/www.automakers.cz\/?p=14916","title":{"rendered":"\u0160kodovka hled\u00e1 koordin\u00e1tora motorsportu"},"content":{"rendered":"<p><strong>Person\u00e1ln\u00ed odd\u011blen\u00ed \u0160kody Auto vypsalo tendr na pozici projektov\u00e9ho koordin\u00e1tora strategie motorsportu. M\u011bl by tak\u00e9 z\u00e1stupovat automobilku ve FIA.<\/strong><!--more--><\/p>\n<p>Odd\u011blen\u00ed \u0160koda Motorsport se zab\u00fdv\u00e1 aktivitami spojen\u00fdmi s rallye sportem. V prvn\u00ed \u0159ad\u011b se jedn\u00e1 o komplexn\u00ed v\u00fdvoj rallye voz\u016f, na kter\u00e9m \u0160koda Motorsport pracuje ve spolupr\u00e1ci s dal\u0161\u00edmi odd\u011blen\u00edmi \u0160A. Nejnov\u011bj\u0161\u00edm projektem je \u0160koda Fabia RS Rally2, kter\u00e1 vych\u00e1z\u00ed ze \u010dtvrt\u00e9 generace vozu \u0160koda Fabia. Ned\u00edlnou sou\u010d\u00e1st\u00ed aktivit je stavba voz\u016f pro z\u00e1kazn\u00edky, jejich prodej a n\u00e1sledn\u00fd z\u00e1kaznick\u00fd servis.<\/p>\n<p>I p\u0159esto, \u017ee se jedn\u00e1 o odd\u011blen\u00ed technick\u00e9ho v\u00fdvoje, je odd\u011blen\u00ed EM tak\u00e9 ozna\u010dov\u00e1no jako jeden ze t\u0159\u00ed marketingov\u00fdch a komunika\u010dn\u00edch pil\u00ed\u0159\u016f zna\u010dky \u0160koda v oblasti sportu, jeliko\u017e sv\u00fdmi aktivitami p\u0159isp\u00edv\u00e1 k roz\u0161i\u0159ov\u00e1n\u00ed pov\u011bdom\u00ed o zna\u010dce a jej\u00ed emocionalizaci.<\/p>\n<p><img loading=\"lazy\" decoding=\"async\" class=\"alignnone size-medium wp-image-3954\" src=\"http:\/\/www.automakers.cz\/wp-content\/uploads\/2024\/05\/Skoda_200RS_49-21-900x600.jpg\" alt=\"\" width=\"900\" height=\"600\" \/>Ve spolupr\u00e1ci s dal\u0161\u00edmi odd\u011blen\u00edmi \u0160A se \u0160koda Motorsport \u00fa\u010dastn\u00ed tak\u00e9 mnoha ve\u0159ejn\u00fdch akc\u00ed, v r\u00e1mci kter\u00fdch si z\u00e1vodn\u00ed v\u016fz m\u016f\u017ee prohl\u00e9dnout z bl\u00edzka \u00fapln\u011b ka\u017ed\u00fd.<\/p>\n<p><strong><em>Hlavn\u00ed \u010dinnosti odd\u011blen\u00ed EM\u00a0 jsou:<\/em><\/strong><\/p>\n<ul>\n<li><em>v\u00fdvoj rallye voz\u016f<\/em><\/li>\n<li><em>stavba rallye voz\u016f pro z\u00e1kaznick\u00fd program<\/em><\/li>\n<li><em>repase kl\u00ed\u010dov\u00fdch komponent (motor, p\u0159evodovka, tlumi\u010de)<\/em><\/li>\n<li><em>prodej voz\u016f soukrom\u00fdm t\u00fdm\u016fm a n\u00e1sledn\u00e1 komplexn\u00ed p\u00e9\u010de o z\u00e1kazn\u00edka<\/em><\/li>\n<li><em>\u00fa\u010dast na eventech \u2013 Kolo pro \u017eivot, Muzejn\u00ed noc \u0160koda Auto, Auta na N\u00e1plavce, Formula Student, Mlad\u00fd design\u00e9r apod.<\/em><\/li>\n<\/ul>\n<p><strong>Co bude nov\u00fd mana\u017eer d\u011blat?<\/strong><\/p>\n<ul>\n<li>Koordinovat komunikaci a spolupr\u00e1ci s ostatn\u00edmi koncernov\u00fdmi zna\u010dkami v oblasti motorsportu<\/li>\n<li>Ve spolupr\u00e1ci s vedouc\u00edm organiza\u010dn\u00ed jednotky koordinovat strategii rozvoje zna\u010dky \u0160koda Motorsport v t\u00e9matu udr\u017eitelnosti a dal\u0161\u00edch sv\u011b\u0159en\u00fdch oblastech<\/li>\n<li>Organizovat gr\u00e9mia \u0160koda Motorsport relevantn\u00ed pro \u0160koda Auto (Motorsportbeirat, Steuerkreis \u0160koda Motorsport) a koordinovat realizaci opat\u0159en\u00ed a rozhodnut\u00ed z nich<\/li>\n<li>Koordinovat tvorbu podklad\u016f a re\u0161er\u0161\u00ed pro vedouc\u00edho odd\u011blen\u00ed a projekty \u0160koda Motorsport<\/li>\n<li>Koordinovat a prov\u00e1d\u011bt jazykovou korekturu a p\u0159eklady materi\u00e1l\u016f organiza\u010dn\u00ed jednotky (tiskov\u00e9 a audiovizu\u00e1ln\u00ed materi\u00e1ly, rozhovory, publikace pro m\u00e9dia, podklady pro d\u016fle\u017eit\u00e1 jedn\u00e1n\u00ed) a dohl\u00ed\u017eet na komunika\u010dn\u00ed materi\u00e1ly vedouc\u00edho odd\u011blen\u00ed (rozhovory, obsah na Linkedin)<\/li>\n<li>Organizovat VIP n\u00e1v\u0161t\u011bvy \u0160koda Motorsport a eventy s nimi p\u0159\u00edmo spojen\u00e9<\/li>\n<\/ul>\n<p><strong>Co mus\u00ed zn\u00e1t, m\u00edt a um\u011bt?<\/strong><\/p>\n<ul>\n<li>Dokon\u010den\u00e9 vysoko\u0161kolsk\u00e9 vzd\u011bl\u00e1n\u00ed v technick\u00e9m oboru<\/li>\n<li><span class=\"tvm-operation__underline\"><strong>Znalost AJ (\u00farove\u0148 B2) nebo NJ (\u00farove\u0148 B1) pro denn\u00ed komunikaci se zahrani\u010dn\u00edmi kolegy a dodavateli i n\u011bkter\u00e9 na\u0161e intern\u00ed sch\u016fzky jsou v AJ\/NJ<\/strong><\/span><\/li>\n<li><span class=\"tvm-operation__underline\"><strong>Znalost \u010cJ (\u00farove\u0148 C2)<\/strong><\/span><\/li>\n<li>Odbornou praxi: 1-2 roky v oboru<\/li>\n<li><\/li>\n<li><strong>Benefity mana\u017eera:<\/strong><\/li>\n<\/ul>\n<ul>\n<li>Dobr\u00e9 platov\u00e9 ohodnocen\u00ed, pravideln\u00e9 variabiln\u00ed finan\u010dn\u00ed bonusy<\/li>\n<li>5 t\u00fddn\u016f dovolen\u00e9<\/li>\n<li>Home Office, flexibiln\u00ed pracovn\u00ed doba<\/li>\n<li>P\u0159\u00edsp\u011bvek na penzijn\u00ed p\u0159ipoji\u0161t\u011bn\u00ed<\/li>\n<li>Slu\u017eebn\u00ed mobil a notebook<\/li>\n<li>Dotovan\u00e9 stravov\u00e1n\u00ed<\/li>\n<li>Zv\u00fdhodn\u011bn\u00fd n\u00e1kup v\u00fdpo\u010detn\u00ed techniky nebo tarif\u016f u mob. oper\u00e1tora<\/li>\n<li>V\u00fdhodn\u00fd pron\u00e1jem a prodej vozu \u0160KODA<\/li>\n<li>Bez\u00faro\u010dn\u00e9 p\u016fj\u010dky na bydlen\u00ed a\u017e do v\u00fd\u0161e 600 tis. K\u010d<\/li>\n<\/ul>\n<p><strong>Zdroj: Michal Kor\u010dak, Recruitment &amp; Employer Branding at \u0160koda Auto<\/strong><\/p>\n<p>&nbsp;<\/p>\n","protected":false},"excerpt":{"rendered":"<p>Person\u00e1ln\u00ed odd\u011blen\u00ed \u0160kody Auto vypsalo tendr na pozici projektov\u00e9ho koordin\u00e1tora strategie motorsportu. M\u011bl by tak\u00e9&#8230;<\/p>\n","protected":false},"author":1,"featured_media":5026,"comment_status":"closed","ping_status":"closed","sticky":false,"template":"","format":"standard","meta":{"footnotes":""},"categories":[7,19,5],"tags":[],"class_list":["post-14916","post","type-post","status-publish","format-standard","has-post-thumbnail","hentry","category-kariera","category-motorsport","category-personalie"],"_links":{"self":[{"href":"https:\/\/www.automakers.cz\/index.php?rest_route=\/wp\/v2\/posts\/14916","targetHints":{"allow":["GET"]}}],"collection":[{"href":"https:\/\/www.automakers.cz\/index.php?rest_route=\/wp\/v2\/posts"}],"about":[{"href":"https:\/\/www.automakers.cz\/index.php?rest_route=\/wp\/v2\/types\/post"}],"author":[{"embeddable":true,"href":"https:\/\/www.automakers.cz\/index.php?rest_route=\/wp\/v2\/users\/1"}],"replies":[{"embeddable":true,"href":"https:\/\/www.automakers.cz\/index.php?rest_route=%2Fwp%2Fv2%2Fcomments&post=14916"}],"version-history":[{"count":4,"href":"https:\/\/www.automakers.cz\/index.php?rest_route=\/wp\/v2\/posts\/14916\/revisions"}],"predecessor-version":[{"id":14919,"href":"https:\/\/www.automakers.cz\/index.php?rest_route=\/wp\/v2\/posts\/14916\/revisions\/14919"}],"wp:featuredmedia":[{"embeddable":true,"href":"https:\/\/www.automakers.cz\/index.php?rest_route=\/wp\/v2\/media\/5026"}],"wp:attachment":[{"href":"https:\/\/www.automakers.cz\/index.php?rest_route=%2Fwp%2Fv2%2Fmedia&parent=14916"}],"wp:term":[{"taxonomy":"category","embeddable":true,"href":"https:\/\/www.automakers.cz\/index.php?rest_route=%2Fwp%2Fv2%2Fcategories&post=14916"},{"taxonomy":"post_tag","embeddable":true,"href":"https:\/\/www.automakers.cz\/index.php?rest_route=%2Fwp%2Fv2%2Ftags&post=14916"}],"curies":[{"name":"wp","href":"https:\/\/api.w.org\/{rel}","templated":true}]}}