{"id":14924,"date":"2025-07-25T06:54:47","date_gmt":"2025-07-25T06:54:47","guid":{"rendered":"https:\/\/www.automakers.cz\/?p=14924"},"modified":"2025-07-25T06:54:47","modified_gmt":"2025-07-25T06:54:47","slug":"ghosn-celi-ve-francii-obvineni-z-korupce","status":"publish","type":"post","link":"https:\/\/www.automakers.cz\/?p=14924","title":{"rendered":"Ghosn \u010del\u00ed ve Francii obvin\u011bn\u00ed z korupce"},"content":{"rendered":"<p><strong>Carlos Ghosn, b\u00fdval\u00fd \u0161\u00e9f Nissanu a Renaultu, byl povol\u00e1n p\u0159ed francouzsk\u00fd soud spolu s ministryn\u00ed kultury Rachidou Datiovou kv\u016fli \u00fadajn\u00e9 korupci spojen\u00e9 s poplatky za konzultace, kter\u00e9 dost\u00e1vala p\u0159ed v\u00edce ne\u017e deseti lety.<\/strong><!--more--><\/p>\n<p><span class=\"highlight-E2id0 highlight-E2M\">Ghosn ji\u017e v minulosti \u010delil trestn\u00edmu \u0159\u00edzen\u00ed\u00a0 v Japonsku<\/span>, odkud v prosinci 2019 uprchl, aby se vyhnul soudu kv\u016fli obvin\u011bn\u00ed z finan\u010dn\u00edch pochyben\u00ed.<\/p>\n<p>Z Japonska \u00fadajn\u011b utekl v krabici na klav\u00edr. Francouzsk\u00e9mu obvin\u011bn\u00ed z\u0159ejm\u011b bude \u010delit ze sv\u00e9ho sou\u010dasn\u00e9ho p\u016fsobi\u0161t\u011b v <span class=\"highlight-E0id1 highlight-E0M\">Libanonu<\/span>.<\/p>\n<p><strong>Zdroj: Bloomberg<\/strong><\/p>\n<p>&nbsp;<\/p>\n","protected":false},"excerpt":{"rendered":"<p>Carlos Ghosn, b\u00fdval\u00fd \u0161\u00e9f Nissanu a Renaultu, byl povol\u00e1n p\u0159ed francouzsk\u00fd soud spolu s ministryn\u00ed&#8230;<\/p>\n","protected":false},"author":1,"featured_media":12906,"comment_status":"closed","ping_status":"closed","sticky":false,"template":"","format":"standard","meta":{"footnotes":""},"categories":[51,31],"tags":[],"class_list":["post-14924","post","type-post","status-publish","format-standard","has-post-thumbnail","hentry","category-kauza","category-news"],"_links":{"self":[{"href":"https:\/\/www.automakers.cz\/index.php?rest_route=\/wp\/v2\/posts\/14924","targetHints":{"allow":["GET"]}}],"collection":[{"href":"https:\/\/www.automakers.cz\/index.php?rest_route=\/wp\/v2\/posts"}],"about":[{"href":"https:\/\/www.automakers.cz\/index.php?rest_route=\/wp\/v2\/types\/post"}],"author":[{"embeddable":true,"href":"https:\/\/www.automakers.cz\/index.php?rest_route=\/wp\/v2\/users\/1"}],"replies":[{"embeddable":true,"href":"https:\/\/www.automakers.cz\/index.php?rest_route=%2Fwp%2Fv2%2Fcomments&post=14924"}],"version-history":[{"count":3,"href":"https:\/\/www.automakers.cz\/index.php?rest_route=\/wp\/v2\/posts\/14924\/revisions"}],"predecessor-version":[{"id":14927,"href":"https:\/\/www.automakers.cz\/index.php?rest_route=\/wp\/v2\/posts\/14924\/revisions\/14927"}],"wp:featuredmedia":[{"embeddable":true,"href":"https:\/\/www.automakers.cz\/index.php?rest_route=\/wp\/v2\/media\/12906"}],"wp:attachment":[{"href":"https:\/\/www.automakers.cz\/index.php?rest_route=%2Fwp%2Fv2%2Fmedia&parent=14924"}],"wp:term":[{"taxonomy":"category","embeddable":true,"href":"https:\/\/www.automakers.cz\/index.php?rest_route=%2Fwp%2Fv2%2Fcategories&post=14924"},{"taxonomy":"post_tag","embeddable":true,"href":"https:\/\/www.automakers.cz\/index.php?rest_route=%2Fwp%2Fv2%2Ftags&post=14924"}],"curies":[{"name":"wp","href":"https:\/\/api.w.org\/{rel}","templated":true}]}}