{"id":14933,"date":"2025-07-25T15:30:47","date_gmt":"2025-07-25T15:30:47","guid":{"rendered":"https:\/\/www.automakers.cz\/?p=14933"},"modified":"2025-07-27T09:33:16","modified_gmt":"2025-07-27T09:33:16","slug":"skladon-s-novym-generalnim-reditelem","status":"publish","type":"post","link":"https:\/\/www.automakers.cz\/?p=14933","title":{"rendered":"Skladon s nov\u00fdm gener\u00e1ln\u00edm \u0159editelem"},"content":{"rendered":"<p><strong>Fulfillmentov\u00e1 spole\u010dnost Skladon m\u011bn\u00ed od \u010dervence veden\u00ed. Do \u010dela spole\u010dnosti byl jmenov\u00e1n Martin Kolouch, kter\u00fd p\u0159in\u00e1\u0161\u00ed zku\u0161enosti z vrcholov\u00e9ho managementu v bankovnictv\u00ed, logistice a finan\u010dn\u00edch slu\u017eb\u00e1ch.<\/strong><!--more--><\/p>\n<p>Je z\u00e1rove\u0148 dlouholet\u00fdm investorem Skladonu a v minulosti zde p\u016fsobil jako finan\u010dn\u00ed \u0159editel. Ve sv\u00e9 nov\u00e9 roli CEO bude odpov\u011bdn\u00fd nejen za \u0159\u00edzen\u00ed cel\u00e9 spole\u010dnosti, ale tak\u00e9 za obchod, z\u00e1kaznickou p\u00e9\u010di a marketing.<\/p>\n<p>\u201e<em><i>Intern\u011b n\u00e1s \u010dek\u00e1 zaj\u00edmav\u00fd a n\u00e1ro\u010dn\u00fd rok, na kter\u00fd se osobn\u011b velmi t\u011b\u0161\u00edm. Jsme na za\u010d\u00e1tku nov\u00e9 etapy firmy, kter\u00e1 bude zam\u011b\u0159ena trochu jin\u00fdm sm\u011brem ne\u017e dosud, a jsem r\u00e1d, \u017ee se na n\u00ed mohu pod\u00edlet. Skladon m\u00e1 v m\u00fdch o\u010d\u00edch ve\u0161ker\u00e9 p\u0159edpoklady k tomu, aby se dlouhodob\u011b dostal do komfortn\u00ed pozice a poskytoval kvalitn\u00ed fulfillment slu\u017eby, z nich\u017e budou profitovat na\u0161i klienti i zam\u011bstnanci,\u201c <\/i><\/em>uvedl<strong> Martin Kolouch.<\/strong><\/p>\n<p><strong><b>Spolupr\u00e1ce s Funk Engineering pokra\u010duje<\/b><\/strong><\/p>\n<p>Spole\u010dnost Skladon i nad\u00e1le spolupracuje se specializovanou poradenskou firmou Funk Engineering, kter\u00e1 se pod\u00edl\u00ed na restrukturalizaci a optimalizaci skladov\u00fdch proces\u016f. Tato spolupr\u00e1ce, nav\u00e1zan\u00e1 ji\u017e v p\u0159edchoz\u00edm obdob\u00ed, umo\u017e\u0148uje spole\u010dnosti ka\u017edodenn\u011b \u010derpat z hlubok\u00e9 odbornosti v oblasti provozn\u00ed logistiky, nez\u00e1visl\u00e9ho pohledu a ov\u011b\u0159en\u00fdch metod pro efektivn\u00ed implementaci zm\u011bn p\u0159\u00edmo do praxe.<\/p>\n<p><strong><b>Kate\u0159ina Funk p\u0159eb\u00edr\u00e1 veden\u00ed HR<\/b><\/strong><\/p>\n<p>Na pozici HR mana\u017eerky nastupuje<strong> Kate\u0159ina Funk,<\/strong> kter\u00e1 p\u0159ich\u00e1z\u00ed se zku\u0161enostmi z pr\u016fmyslov\u00fdch a logistick\u00fdch spole\u010dnost\u00ed z \u010cesk\u00e9 republiky i zahrani\u010d\u00ed. Nahrad\u00ed Zuzanu Wojewodovou, kter\u00e1 tuto funkci zast\u00e1vala posledn\u00ed dva roky. Kate\u0159ina m\u00e1 hlubok\u00e9 znalosti specifik pracovn\u00edho prost\u0159ed\u00ed v oblasti logistiky a fulfillmentu.<\/p>\n<p><img loading=\"lazy\" decoding=\"async\" class=\"alignnone size-medium wp-image-14936\" src=\"http:\/\/www.automakers.cz\/wp-content\/uploads\/2025\/07\/Skladon-Baleni_31-900x600.jpg\" alt=\"\" width=\"900\" height=\"600\" srcset=\"https:\/\/www.automakers.cz\/wp-content\/uploads\/2025\/07\/Skladon-Baleni_31-900x600.jpg 900w, https:\/\/www.automakers.cz\/wp-content\/uploads\/2025\/07\/Skladon-Baleni_31-1024x682.jpg 1024w, https:\/\/www.automakers.cz\/wp-content\/uploads\/2025\/07\/Skladon-Baleni_31-768x512.jpg 768w, https:\/\/www.automakers.cz\/wp-content\/uploads\/2025\/07\/Skladon-Baleni_31-1536x1024.jpg 1536w, https:\/\/www.automakers.cz\/wp-content\/uploads\/2025\/07\/Skladon-Baleni_31.jpg 2000w\" sizes=\"auto, (max-width: 900px) 100vw, 900px\" \/>Veden\u00ed spole\u010dnosti nad\u00e1le tvo\u0159\u00ed <strong>Milo\u0161 Haleck\u00fd (CTO), Max Kov\u00e1\u0159 (CLO), Dalibor Knecht (CFO).<\/strong> Posilov\u00e1n\u00ed managementu nad\u00e1le prob\u00edh\u00e1.<\/p>\n<p><strong><b>Zm\u011bny v rol\u00edch zakladatel\u016f spole\u010dnosti<\/b><\/strong><\/p>\n<p>Po deseti letech od zalo\u017een\u00ed firmy doch\u00e1z\u00ed tak\u00e9 ke zm\u011bn\u00e1m v p\u016fsoben\u00ed zakladatel\u016f Konstantina Margaretise a Patrika Babince.<\/p>\n<p><strong>Konstantin Margaretis<\/strong> p\u0159ech\u00e1z\u00ed na pozici mana\u017eera Improvement teamu, kde se ve spolupr\u00e1ci s Funk Engineering zam\u011b\u0159uje na optimalizaci skladov\u00fdch proces\u016f. D\u00edky sv\u00e9 znalosti firmy a mana\u017eersk\u00fdm zku\u0161enostem bude kl\u00ed\u010dov\u00fdm prvkem pro efektivn\u00ed implementaci zm\u011bn.<\/p>\n<p>\u201e<em><i>Jsem stoprocentn\u011b p\u0159esv\u011bd\u010den\u00fd, \u017ee v\u0161echny v\u00fd\u0161e uveden\u00e9 zm\u011bny povedou ke zv\u00fd\u0161en\u00ed profesionality fungov\u00e1n\u00ed na\u0161\u00ed spole\u010dnosti, co\u017e brzy poc\u00edt\u00ed i na\u0161i klienti. U\u017e te\u010f jsem zv\u011bdav\u00fd, co n\u00e1m bl\u00edzk\u00e1 budoucnost p\u0159inese,\u201c <\/i><\/em>dodal Margaretis.<\/p>\n<p>Patrik Babinec se rozhodl odej\u00edt z v\u00fdkonn\u00e9ho managementu, nad\u00e1le v\u0161ak z\u016fst\u00e1v\u00e1 spoluvlastn\u00edkem Skladonu. Bude se v\u011bnovat vybran\u00fdm projekt\u016fm zam\u011b\u0159en\u00fdm na rozvoj slu\u017eeb pro klienty.<\/p>\n<p><strong>Zdroj: Skladon<\/strong><\/p>\n","protected":false},"excerpt":{"rendered":"<p>Fulfillmentov\u00e1 spole\u010dnost Skladon m\u011bn\u00ed od \u010dervence veden\u00ed. Do \u010dela spole\u010dnosti byl jmenov\u00e1n Martin Kolouch, kter\u00fd&#8230;<\/p>\n","protected":false},"author":1,"featured_media":14935,"comment_status":"closed","ping_status":"closed","sticky":false,"template":"","format":"standard","meta":{"footnotes":""},"categories":[43,6,5],"tags":[],"class_list":["post-14933","post","type-post","status-publish","format-standard","has-post-thumbnail","hentry","category-logistika","category-management","category-personalie"],"_links":{"self":[{"href":"https:\/\/www.automakers.cz\/index.php?rest_route=\/wp\/v2\/posts\/14933","targetHints":{"allow":["GET"]}}],"collection":[{"href":"https:\/\/www.automakers.cz\/index.php?rest_route=\/wp\/v2\/posts"}],"about":[{"href":"https:\/\/www.automakers.cz\/index.php?rest_route=\/wp\/v2\/types\/post"}],"author":[{"embeddable":true,"href":"https:\/\/www.automakers.cz\/index.php?rest_route=\/wp\/v2\/users\/1"}],"replies":[{"embeddable":true,"href":"https:\/\/www.automakers.cz\/index.php?rest_route=%2Fwp%2Fv2%2Fcomments&post=14933"}],"version-history":[{"count":2,"href":"https:\/\/www.automakers.cz\/index.php?rest_route=\/wp\/v2\/posts\/14933\/revisions"}],"predecessor-version":[{"id":14937,"href":"https:\/\/www.automakers.cz\/index.php?rest_route=\/wp\/v2\/posts\/14933\/revisions\/14937"}],"wp:featuredmedia":[{"embeddable":true,"href":"https:\/\/www.automakers.cz\/index.php?rest_route=\/wp\/v2\/media\/14935"}],"wp:attachment":[{"href":"https:\/\/www.automakers.cz\/index.php?rest_route=%2Fwp%2Fv2%2Fmedia&parent=14933"}],"wp:term":[{"taxonomy":"category","embeddable":true,"href":"https:\/\/www.automakers.cz\/index.php?rest_route=%2Fwp%2Fv2%2Fcategories&post=14933"},{"taxonomy":"post_tag","embeddable":true,"href":"https:\/\/www.automakers.cz\/index.php?rest_route=%2Fwp%2Fv2%2Ftags&post=14933"}],"curies":[{"name":"wp","href":"https:\/\/api.w.org\/{rel}","templated":true}]}}