{"id":14943,"date":"2025-07-25T15:27:12","date_gmt":"2025-07-25T15:27:12","guid":{"rendered":"https:\/\/www.automakers.cz\/?p=14943"},"modified":"2025-07-25T15:27:12","modified_gmt":"2025-07-25T15:27:12","slug":"gentleman-silnic-vyprostil-matku-z-auta-v-nadrzi","status":"publish","type":"post","link":"https:\/\/www.automakers.cz\/?p=14943","title":{"rendered":"Gentleman silnic vyprostil matku z auta v n\u00e1dr\u017ei"},"content":{"rendered":"<p><strong>Letos v \u010dervnu do\u0161lo v Praze 9 k v\u00e1\u017en\u00e9 dopravn\u00ed nehod\u011b. \u0158idi\u010dka s dcerou v aut\u011b ztratila kontrolu nad vozem a auto skon\u010dilo p\u0159evr\u00e1cen\u00e9 na st\u0159e\u0161e ve vodn\u00ed n\u00e1dr\u017ei. V tu chv\u00edli m\u00edstem proj\u00ed\u017ed\u011bl Ji\u0159\u00ed Poljakov, kter\u00fd zastavil a p\u0159isp\u011bchal na pomoc. Za sv\u016fj \u010din z\u00edskal ocen\u011bn\u00ed Gentleman silnic.<\/strong><!--more--><\/p>\n<p>Ji\u0159\u00ed Poljakov byl v t\u00e9 dob\u011b na cest\u011b do pr\u00e1ce, kdy\u017e jeho pozornost upoutalo auto, kter\u00e9 za n\u00edm za\u010dalo neobvykle man\u00e9vrovat. P\u0159ekvapilo ho, \u017ee v\u016fz t\u011bsn\u011b p\u0159ed odbo\u010dkou na n\u00e1jezd nezpomaloval. \u201eV tu chv\u00edli mi do\u0161lo, \u017ee je n\u011bco \u0161patn\u011b. Auto m\u011b p\u0159edjelo, narazilo do dopravn\u00ed zna\u010dky a ve vzduchu se asi t\u0159ikr\u00e1t p\u0159eto\u010dilo. Myslel jsem si, \u017ee \u0159idi\u010d dostal z\u00e1chvat a upadl do bezv\u011bdom\u00ed,\u201d popisuje okam\u017eik pan Poljakov. Ihned zastavil a rozb\u011bhnul se k vozidlu, kter\u00e9 vlet\u011blo do vodn\u00ed n\u00e1dr\u017ee a p\u0159evr\u00e1tilo se na st\u0159echu. \u201eBylo mi jasn\u00e9, \u017ee mus\u00edm jednat rychle. Auto bylo toti\u017e z velk\u00e9 \u010d\u00e1sti pod vodou a m\u011bl jsem obavy, \u017ee se uvnit\u0159 n\u011bkdo top\u00ed,\u201c dod\u00e1v\u00e1.<\/p>\n<p>Dve\u0159e auta ne\u0161ly pod t\u00edhou vody a bahna otev\u0159\u00edt. V\u016fz m\u011bl ale rozbit\u00e1 okna, a tak se pan Poljakov pono\u0159il do vody a rukama se ve voze sna\u017eil n\u011bkoho nahmatat. Nejd\u0159\u00edv prohledal m\u00edsto \u0159idi\u010de, potom i sedadlo spolujezdce. Nikoho ale nena\u0161el. Netu\u0161il, \u017ee \u017eena se po n\u00e1razu p\u0159esunula dozadu za svou dcerou. \u201eLekl jsem se, \u017ee \u0159idi\u010d p\u0159i n\u00e1razu vypadl ven. Cht\u011bl jsem ho za\u010d\u00edt hledat v okoln\u00edm bahn\u011b, ale n\u00e1sledn\u011b jsem v zadn\u00ed \u010d\u00e1sti auta usly\u0161el n\u011bjak\u00fd hluk,\u201d popisuje napjat\u00e9 chv\u00edle.<\/p>\n<p><img loading=\"lazy\" decoding=\"async\" class=\"alignnone wp-image-14945\" src=\"http:\/\/www.automakers.cz\/wp-content\/uploads\/2025\/07\/zleva_Jan-Marek-reditel-projektu-Gentleman-silnic-zachrance-Jiri-Poljakov-reditel-prazske-policie-Petr-Matejcek-small-900x600.jpg\" alt=\"\" width=\"962\" height=\"641\" srcset=\"https:\/\/www.automakers.cz\/wp-content\/uploads\/2025\/07\/zleva_Jan-Marek-reditel-projektu-Gentleman-silnic-zachrance-Jiri-Poljakov-reditel-prazske-policie-Petr-Matejcek-small-900x600.jpg 900w, https:\/\/www.automakers.cz\/wp-content\/uploads\/2025\/07\/zleva_Jan-Marek-reditel-projektu-Gentleman-silnic-zachrance-Jiri-Poljakov-reditel-prazske-policie-Petr-Matejcek-small-1024x683.jpg 1024w, https:\/\/www.automakers.cz\/wp-content\/uploads\/2025\/07\/zleva_Jan-Marek-reditel-projektu-Gentleman-silnic-zachrance-Jiri-Poljakov-reditel-prazske-policie-Petr-Matejcek-small-768x512.jpg 768w, https:\/\/www.automakers.cz\/wp-content\/uploads\/2025\/07\/zleva_Jan-Marek-reditel-projektu-Gentleman-silnic-zachrance-Jiri-Poljakov-reditel-prazske-policie-Petr-Matejcek-small-1536x1024.jpg 1536w, https:\/\/www.automakers.cz\/wp-content\/uploads\/2025\/07\/zleva_Jan-Marek-reditel-projektu-Gentleman-silnic-zachrance-Jiri-Poljakov-reditel-prazske-policie-Petr-Matejcek-small-2048x1365.jpg 2048w\" sizes=\"auto, (max-width: 962px) 100vw, 962px\" \/>Skrze rozbit\u00e9 okno u spolujezdce se mu poda\u0159ilo vyp\u00e1trat p\u00e1ku od zadn\u00edch dve\u0159\u00ed. Musel n\u011bkolikr\u00e1t siln\u011b zabrat a zkou\u0161et, jestli se mu poda\u0159\u00ed dve\u0159e t\u00edmto zp\u016fsobem otev\u0159\u00edt. Po n\u011bkolika pokusech skute\u010dn\u011b povolily a z vody se b\u011bhem chv\u00edle vyno\u0159ily dv\u011b postavy. \u201eOb\u011b byly na\u0161t\u011bst\u00ed p\u0159i v\u011bdom\u00ed. Rychle jsem je vyt\u00e1hl na b\u0159eh a p\u0159inesl jim deky, kter\u00e9 s sebou v\u017edy voz\u00edm v aut\u011b. Teprve potom jsem zavolal policii,\u201d vzpom\u00edn\u00e1 pan Poljakov. Na m\u00edsto po chv\u00edli dorazily v\u0161echny z\u00e1chrann\u00e9 slo\u017eky.<\/p>\n<p>\u201eVe chv\u00edl\u00edch, kdy auto skon\u010d\u00ed pod vodou, rozhoduj\u00ed \u010dasto i pouh\u00e9 vte\u0159iny. Pr\u00e1v\u011b d\u00edky pohotov\u00e9 reakci Ji\u0159\u00edho Poljakova se \u017eena s dcerou dostaly do bezpe\u010d\u00ed bez v\u00e1\u017en\u011bj\u0161\u00edch n\u00e1sledk\u016f. V\u011b\u0159\u00edme, \u017ee tento p\u0159\u00edb\u011bh bude inspirovat i dal\u0161\u00ed \u0159idi\u010de nebo cestuj\u00edc\u00ed, kte\u0159\u00ed se n\u011bkdy stanou sv\u011bdky dopravn\u00ed nehody,\u201c pod\u011bkoval zachr\u00e1nci Jan Marek, \u0159editel projektu Gentleman silnic.<\/p>\n<p>\u201ePan Poljakov se zachoval p\u0159esn\u011b tak, jak si to situace \u017e\u00e1dala. Rychle, klidn\u011b a hlavn\u011b lidsky. Jednal s rozvahou a bez ohledu na vlastn\u00ed bezpe\u010d\u00ed pomohl t\u011bm, kte\u0159\u00ed to pot\u0159ebovali. Takov\u00e9 jedn\u00e1n\u00ed si zaslou\u017e\u00ed uzn\u00e1n\u00ed, proto\u017ee ne ka\u017ed\u00fd by se v takov\u00e9 situaci zachoval stejn\u011b,\u201c uvedl \u0159editel pra\u017esk\u00e9 policie Petr Mat\u011bj\u010dek.<\/p>\n<p>Ocen\u011bn\u00ed z rukou z\u00e1stupc\u016f Generali \u010cesk\u00e9 poji\u0161\u0165ovny a Policie \u010cR p\u0159evzal Ji\u0159\u00ed Poljakov dne 23. \u010dervence 2025 v Praze. Jedn\u00e1 se tak ji\u017e o 236. dr\u017eitele titulu Gentleman silnic.<\/p>\n<p><img loading=\"lazy\" decoding=\"async\" class=\"alignnone wp-image-14946\" src=\"http:\/\/www.automakers.cz\/wp-content\/uploads\/2025\/07\/Nehoda-small-900x658.jpg\" alt=\"\" width=\"992\" height=\"725\" srcset=\"https:\/\/www.automakers.cz\/wp-content\/uploads\/2025\/07\/Nehoda-small-900x658.jpg 900w, https:\/\/www.automakers.cz\/wp-content\/uploads\/2025\/07\/Nehoda-small-1024x748.jpg 1024w, https:\/\/www.automakers.cz\/wp-content\/uploads\/2025\/07\/Nehoda-small-768x561.jpg 768w, https:\/\/www.automakers.cz\/wp-content\/uploads\/2025\/07\/Nehoda-small.jpg 1125w\" sizes=\"auto, (max-width: 992px) 100vw, 992px\" \/><\/p>\n","protected":false},"excerpt":{"rendered":"<p>Letos v \u010dervnu do\u0161lo v Praze 9 k v\u00e1\u017en\u00e9 dopravn\u00ed nehod\u011b. \u0158idi\u010dka s dcerou v&#8230;<\/p>\n","protected":false},"author":2,"featured_media":14944,"comment_status":"closed","ping_status":"closed","sticky":false,"template":"","format":"standard","meta":{"footnotes":""},"categories":[47,31],"tags":[],"class_list":["post-14943","post","type-post","status-publish","format-standard","has-post-thumbnail","hentry","category-doprava","category-news"],"_links":{"self":[{"href":"https:\/\/www.automakers.cz\/index.php?rest_route=\/wp\/v2\/posts\/14943","targetHints":{"allow":["GET"]}}],"collection":[{"href":"https:\/\/www.automakers.cz\/index.php?rest_route=\/wp\/v2\/posts"}],"about":[{"href":"https:\/\/www.automakers.cz\/index.php?rest_route=\/wp\/v2\/types\/post"}],"author":[{"embeddable":true,"href":"https:\/\/www.automakers.cz\/index.php?rest_route=\/wp\/v2\/users\/2"}],"replies":[{"embeddable":true,"href":"https:\/\/www.automakers.cz\/index.php?rest_route=%2Fwp%2Fv2%2Fcomments&post=14943"}],"version-history":[{"count":6,"href":"https:\/\/www.automakers.cz\/index.php?rest_route=\/wp\/v2\/posts\/14943\/revisions"}],"predecessor-version":[{"id":14962,"href":"https:\/\/www.automakers.cz\/index.php?rest_route=\/wp\/v2\/posts\/14943\/revisions\/14962"}],"wp:featuredmedia":[{"embeddable":true,"href":"https:\/\/www.automakers.cz\/index.php?rest_route=\/wp\/v2\/media\/14944"}],"wp:attachment":[{"href":"https:\/\/www.automakers.cz\/index.php?rest_route=%2Fwp%2Fv2%2Fmedia&parent=14943"}],"wp:term":[{"taxonomy":"category","embeddable":true,"href":"https:\/\/www.automakers.cz\/index.php?rest_route=%2Fwp%2Fv2%2Fcategories&post=14943"},{"taxonomy":"post_tag","embeddable":true,"href":"https:\/\/www.automakers.cz\/index.php?rest_route=%2Fwp%2Fv2%2Ftags&post=14943"}],"curies":[{"name":"wp","href":"https:\/\/api.w.org\/{rel}","templated":true}]}}