{"id":15000,"date":"2025-07-28T09:04:44","date_gmt":"2025-07-28T09:04:44","guid":{"rendered":"https:\/\/www.automakers.cz\/?p=15000"},"modified":"2025-07-28T15:42:34","modified_gmt":"2025-07-28T15:42:34","slug":"martin-jenik-se-zapracovava-v-segmentu-cerpadel","status":"publish","type":"post","link":"https:\/\/www.automakers.cz\/?p=15000","title":{"rendered":"Martin Jen\u00edk se zapracov\u00e1v\u00e1 v segmentu \u010derpadel"},"content":{"rendered":"<p><strong>Redakci Sv\u011bta motor\u016f (Czech News Center) opustil v dubnu jeho dlouholet\u00fd redaktor Martin Jen\u00edk. Nyn\u00ed se zapracov\u00e1v\u00e1 jako market\u00e9r v byznyse s \u010derpadly.<\/strong><span id=\"more-12327\"><\/span><!--more--><\/p>\n<p>Po deseti letech p\u016fsoben\u00ed v redakci (jako vedouc\u00ed technick\u00e9ho odd\u011blen\u00ed) <strong>se Jen\u00edk rozhodl pro korpor\u00e1tn\u00ed kari\u00e9ru<\/strong>.<\/p>\n<p>\u201eMartin se rozhodl vyu\u017e\u00edt sv\u00e9 technick\u00e9 vzd\u011bl\u00e1n\u00ed mimo oblast m\u00e9di\u00ed, odch\u00e1z\u00ed do soukrom\u00e9ho byznysu s \u010derpadly a sol\u00e1rn\u00edmi elektr\u00e1rnami,\u201c up\u0159esnil n\u00e1m na ja\u0159e <strong>\u0161\u00e9fredaktor SM Petr Slov\u00e1\u010dek<\/strong> s t\u00edm, \u017ee redakce t\u00fdden\u00edku uspo\u0159\u00e1dala Martinovi dojemnou rozlu\u010dkovou oslavu.<\/p>\n<p><strong>Co Martin nyn\u00ed d\u011bl\u00e1?<\/strong> Pracuje jako marketingov\u00fd specialista ve spole\u010dnosti <strong>Master Therm Heat Pumps<\/strong>. Firma se zab\u00fdv\u00e1 byznysem s tepeln\u00fdmi \u010derpadly.<\/p>\n<p>&#8222;Je to trochu neco jin\u00e9ho, ale u\u017e se trochu orientuji, tak\u017ee dobr\u00fd,&#8220; shrnul pro n\u00e1\u0161 \u010dasopis Jen\u00edk prvn\u00ed \u010dty\u0159i m\u011bs\u00edce na nov\u00e9 pozici.<\/p>\n<p><strong>Zdroj: archiv a Martin Jen\u00edk<\/strong><\/p>\n<p><strong>S Martinem jsme je\u0161t\u011b ned\u00e1vno b\u011b\u017eeli Gladiatora v novin\u00e1\u0159sk\u00e9m t\u00fdmu FMC<\/strong><\/p>\n<p><img loading=\"lazy\" decoding=\"async\" class=\"alignnone size-medium wp-image-2508\" src=\"http:\/\/www.automakers.cz\/wp-content\/uploads\/2024\/02\/Gladiator-tym-Pardubice-900x506.png\" alt=\"\" width=\"900\" height=\"506\" \/><\/p>\n","protected":false},"excerpt":{"rendered":"<p>Redakci Sv\u011bta motor\u016f (Czech News Center) opustil v dubnu jeho dlouholet\u00fd redaktor Martin Jen\u00edk. Nyn\u00ed&#8230;<\/p>\n","protected":false},"author":1,"featured_media":12329,"comment_status":"closed","ping_status":"closed","sticky":false,"template":"","format":"standard","meta":{"footnotes":""},"categories":[27,5],"tags":[],"class_list":["post-15000","post","type-post","status-publish","format-standard","has-post-thumbnail","hentry","category-novinari","category-personalie"],"_links":{"self":[{"href":"https:\/\/www.automakers.cz\/index.php?rest_route=\/wp\/v2\/posts\/15000","targetHints":{"allow":["GET"]}}],"collection":[{"href":"https:\/\/www.automakers.cz\/index.php?rest_route=\/wp\/v2\/posts"}],"about":[{"href":"https:\/\/www.automakers.cz\/index.php?rest_route=\/wp\/v2\/types\/post"}],"author":[{"embeddable":true,"href":"https:\/\/www.automakers.cz\/index.php?rest_route=\/wp\/v2\/users\/1"}],"replies":[{"embeddable":true,"href":"https:\/\/www.automakers.cz\/index.php?rest_route=%2Fwp%2Fv2%2Fcomments&post=15000"}],"version-history":[{"count":9,"href":"https:\/\/www.automakers.cz\/index.php?rest_route=\/wp\/v2\/posts\/15000\/revisions"}],"predecessor-version":[{"id":15012,"href":"https:\/\/www.automakers.cz\/index.php?rest_route=\/wp\/v2\/posts\/15000\/revisions\/15012"}],"wp:featuredmedia":[{"embeddable":true,"href":"https:\/\/www.automakers.cz\/index.php?rest_route=\/wp\/v2\/media\/12329"}],"wp:attachment":[{"href":"https:\/\/www.automakers.cz\/index.php?rest_route=%2Fwp%2Fv2%2Fmedia&parent=15000"}],"wp:term":[{"taxonomy":"category","embeddable":true,"href":"https:\/\/www.automakers.cz\/index.php?rest_route=%2Fwp%2Fv2%2Fcategories&post=15000"},{"taxonomy":"post_tag","embeddable":true,"href":"https:\/\/www.automakers.cz\/index.php?rest_route=%2Fwp%2Fv2%2Ftags&post=15000"}],"curies":[{"name":"wp","href":"https:\/\/api.w.org\/{rel}","templated":true}]}}