{"id":15013,"date":"2025-07-29T06:27:19","date_gmt":"2025-07-29T06:27:19","guid":{"rendered":"https:\/\/www.automakers.cz\/?p=15013"},"modified":"2025-07-29T06:35:32","modified_gmt":"2025-07-29T06:35:32","slug":"daimler-truck-otevrel-global-parts-center-v-halberstadtu","status":"publish","type":"post","link":"https:\/\/www.automakers.cz\/?p=15013","title":{"rendered":"Daimler Truck otev\u0159el Global Parts Center v Halberstadtu"},"content":{"rendered":"<p><strong>Daimler Truck otev\u0159el Global Parts Center (GPC) v Halberstadtu. V budoucnu bude z nov\u00e9ho logistick\u00e9ho centra dod\u00e1v\u00e1no a\u017e 300 000 r\u016fzn\u00fdch polo\u017eek \u2013 od nejmen\u0161\u00edho \u0161roubku a\u017e po kompletn\u00ed kabinu n\u00e1kladn\u00edho vozu \u2013 prodejc\u016fm vozidel ve v\u00edce ne\u017e <\/strong><strong>170 zem\u00edch sv\u011bta.<\/strong><!--more--><\/p>\n<p>Glob\u00e1ln\u00ed centrum n\u00e1hradn\u00edch d\u00edl\u016f tak hraje kl\u00ed\u010dovou roli v zaji\u0161t\u011bn\u00ed mezin\u00e1rodn\u00edch dodavatelsk\u00fdch \u0159et\u011bzc\u016f. Flexibiln\u00ed a efektivn\u00ed logistika n\u00e1hradn\u00edch d\u00edl\u016f je d\u016fle\u017eit\u00fdm faktorem \u00fasp\u011bchu pro Mercedes-Benz Trucks a jej\u00ed z\u00e1kazn\u00edky po cel\u00e9m sv\u011bt\u011b: rychl\u00e9 a komplexn\u00ed dod\u00e1vky d\u00edl\u016f umo\u017e\u0148uj\u00ed vozov\u00fdm park\u016fm maximalizovat provozuschopnost a minimalizovat prostoje.<\/p>\n<p>Spole\u010dnost Daimler Truck investuje v Halberstadtu celkem p\u0159ibli\u017en\u011b 500 milion\u016f eur. Do za\u010d\u00e1tku roku 2026 bude v z\u00e1vod\u011b GPC vytvo\u0159eno p\u0159ibli\u017en\u011b 650 kvalifikovan\u00fdch pracovn\u00edch m\u00edst. V sou\u010dasn\u00e9 dob\u011b v z\u00e1vod\u011b ji\u017e pracuje t\u00e9m\u011b\u0159 200 zam\u011bstnanc\u016f.<\/p>\n<p><a href=\"https:\/\/www.daimlertruck.com\/en\/newsroom\/events\/2025\/official-opening-daimler-truck-global-parts-center-halberstadt\">Official Opening Daimler Truck Global Parts Center Halberstadt | Daimler Truck<\/a><\/p>\n<p><strong>Z Halberstadtu do cel\u00e9ho sv\u011bta:<\/strong> Poprodejn\u00ed d\u00edly pro n\u00e1kladn\u00ed vozidla Mercedes-Benz V budoucnu bude na logistick\u00e9 m\u00edsto dod\u00e1vat sv\u00e9 d\u00edly p\u0159ibli\u017en\u011b 2 600 dodavatel\u016f d\u00edl\u016f n\u00e1kladn\u00edch vozidel Mercedes-Benz. P\u0159\u00edjem zbo\u017e\u00ed v GPC za\u010dal v polovin\u011b kv\u011btna leto\u0161n\u00edho roku, tak\u017ee logistick\u00e9 prostory a reg\u00e1ly se postupn\u011b pln\u00ed. Od za\u010d\u00e1tku roku 2026 bude toto nov\u00e9 centrum obsluhovat v\u00edce ne\u017e 20 region\u00e1ln\u00edch logistick\u00fdch center a t\u00e9m\u011b\u0159 3 000 prodejc\u016f po cel\u00e9m sv\u011bt\u011b \u2013 nap\u0159\u00edklad v r\u016fzn\u00fdch evropsk\u00fdch zem\u00edch, Turecku, Spojen\u00fdch arabsk\u00fdch emir\u00e1tech, Braz\u00edlii a Austr\u00e1lii. Halberstadt se tak stane srdcem glob\u00e1ln\u00edch dod\u00e1vek n\u00e1hradn\u00edch d\u00edl\u016f pro Mercedes-Benz Trucks.<\/p>\n<p>D\u00edky <strong>nejmodern\u011bj\u0161\u00ed skladovac\u00ed a dopravn\u00edkov\u00e9 technologii<\/strong> budou v\u0161echny d\u00edly pro vozidla okam\u017eit\u011b k dispozici v automatizovan\u00e9m v\u00fd\u0161kov\u00e9m skladu a automatizovan\u00e9m skladu mal\u00fdch d\u00edl\u016f. Zbo\u017e\u00ed se p\u0159ij\u00edm\u00e1 a odes\u00edl\u00e1 p\u0159es dv\u011b velk\u00e9, paraleln\u00ed haly. Ka\u017ed\u00e1 z nich m\u00e1 \u0161\u00ed\u0159ku p\u0159ibli\u017en\u011b 200 metr\u016f a d\u00e9lku 600 metr\u016f. Od polo\u017een\u00ed z\u00e1kladn\u00edho kamene byla postavena \u0159ada men\u0161\u00edch budov, jako nap\u0159\u00edklad haly na pr\u00e1zdn\u00e9 a recykla\u010dn\u00ed kontejnery a kancel\u00e1\u0159sk\u00e1 budova.<\/p>\n<p><img loading=\"lazy\" decoding=\"async\" class=\"alignnone size-medium wp-image-15016\" src=\"http:\/\/www.automakers.cz\/wp-content\/uploads\/2025\/07\/Daimler-Truck-logistika-bedny-900x487.jpg\" alt=\"\" width=\"900\" height=\"487\" srcset=\"https:\/\/www.automakers.cz\/wp-content\/uploads\/2025\/07\/Daimler-Truck-logistika-bedny-900x487.jpg 900w, https:\/\/www.automakers.cz\/wp-content\/uploads\/2025\/07\/Daimler-Truck-logistika-bedny-768x416.jpg 768w, https:\/\/www.automakers.cz\/wp-content\/uploads\/2025\/07\/Daimler-Truck-logistika-bedny.jpg 1024w\" sizes=\"auto, (max-width: 900px) 100vw, 900px\" \/>Nov\u00e1 budova v pr\u016fmyslov\u00e9m parku <strong>Halberstadt East<\/strong> bude m\u00edt v prvn\u00ed f\u00e1zi v\u00fdstavby hrubou podlahovou plochu p\u0159ibli\u017en\u011b 270 000 metr\u016f \u010dtvere\u010dn\u00edch a v n\u00ed bude k dispozici zhruba 260000 metr\u016f \u010dtvere\u010dn\u00edch logistick\u00fdch prostor. To je v\u00edce ne\u017e 35 fotbalov\u00fdch h\u0159i\u0161\u0165.<\/p>\n<p>Spole\u010dnost Daimler Truck si zajistila p\u0159evzet\u00ed ka\u017edodenn\u00edho provozu v GPC glob\u00e1ln\u00ed logistickou spole\u010dnost\u00ed DP World. To zahrnuje logistick\u00e9 procesy pro p\u0159\u00edchoz\u00ed a odchoz\u00ed zbo\u017e\u00ed a sklad d\u00edl\u016f. Spole\u010dnost m\u00e1 rozs\u00e1hl\u00e9 zku\u0161enosti v cel\u00e9m logistick\u00e9m \u0159et\u011bzci a navzdory sv\u00e9 glob\u00e1ln\u00ed struktu\u0159e m\u00e1 jasn\u00e9 region\u00e1ln\u00ed zam\u011b\u0159en\u00ed.<\/p>\n<p><img loading=\"lazy\" decoding=\"async\" class=\"alignnone size-medium wp-image-15017\" src=\"http:\/\/www.automakers.cz\/wp-content\/uploads\/2025\/07\/Daimler-Truck-centrum-Halberstadt-900x673.jpg\" alt=\"\" width=\"900\" height=\"673\" srcset=\"https:\/\/www.automakers.cz\/wp-content\/uploads\/2025\/07\/Daimler-Truck-centrum-Halberstadt-900x673.jpg 900w, https:\/\/www.automakers.cz\/wp-content\/uploads\/2025\/07\/Daimler-Truck-centrum-Halberstadt-768x575.jpg 768w, https:\/\/www.automakers.cz\/wp-content\/uploads\/2025\/07\/Daimler-Truck-centrum-Halberstadt.jpg 1024w\" sizes=\"auto, (max-width: 900px) 100vw, 900px\" \/><strong>Udr\u017eitelnost v nov\u00e9m are\u00e1lu: energetick\u00fd koncept <\/strong><br \/>\nNov\u00e9 logistick\u00e9 centrum bylo od za\u010d\u00e1tku navr\u017eeno pro CO\u2082-neutr\u00e1ln\u00ed provoz s energetickou koncepc\u00ed, kter\u00e1 zcela eliminuje fosiln\u00ed paliva. Nen\u00ed pot\u0159eba ani zemn\u00ed plyn, ani ropa. Energii pot\u0159ebnou v are\u00e1lu vyr\u00e1b\u00ed jeden z nejv\u011bt\u0161\u00edch st\u0159e\u0161n\u00edch fotovoltaick\u00fdch syst\u00e9m\u016f v Evrop\u011b, uv\u00e1d\u00ed spole\u010dnost. V\u00edce ne\u017e 90 procent ve\u0161ker\u00e9 st\u0159e\u0161n\u00ed plochy are\u00e1lu, p\u0159ibli\u017en\u011b 250 000 metr\u016f \u010dtvere\u010dn\u00edch, je vybaveno fotovoltaick\u00fdmi moduly.<\/p>\n<p>O\u010dek\u00e1v\u00e1 se, \u017ee fotovoltaick\u00fd syst\u00e9m s vrcholov\u00fdm v\u00fdkonem p\u0159es 22 megawatt\u016f (MWp) v budoucnu vyrob\u00ed v\u00edce ne\u017e 20 milion\u016f kilowatthodin (kWh) elekt\u0159iny ro\u010dn\u011b. To je v\u00fdrazn\u011b v\u00edce, ne\u017e se bude v dan\u00e9m m\u00edst\u011b spot\u0159ebov\u00e1vat. P\u0159ebyte\u010dn\u00e1 energie z Glob\u00e1ln\u00edho centra n\u00e1hradn\u00edch d\u00edl\u016f bude dod\u00e1v\u00e1na do s\u00edt\u011b. Pro udr\u017een\u00ed co nejvy\u0161\u0161\u00ed \u00farovn\u011b sob\u011bsta\u010dnosti po celou dobu pou\u017e\u00edv\u00e1n\u00ed jsou pl\u00e1nov\u00e1na dal\u0161\u00ed \u00falo\u017ei\u0161t\u011b energie. V prvn\u00ed f\u00e1zi se pl\u00e1nuje \u00falo\u017ei\u0161t\u011b energie o kapacit\u011b p\u0159ibli\u017en\u011b 2 000 kWh, kter\u00e9 bude pozd\u011bji dopln\u011bno dal\u0161\u00edm \u00falo\u017ei\u0161t\u011bm.<\/p>\n<p>Are\u00e1l bude vyt\u00e1p\u011bn elektrick\u00fdmi tepeln\u00fdmi \u010derpadly, kter\u00e1 budou teplo do budovy p\u0159en\u00e1\u0161et prost\u0159ednictv\u00edm podlahov\u00e9ho vyt\u00e1p\u011bn\u00ed. Vysok\u00e9 energetick\u00e9 \u00fa\u010dinnosti bude dosa\u017eeno d\u00edky n\u00edzk\u00fdm teplot\u00e1m topn\u00e9 vody a akumula\u010dn\u00edmu efektu pr\u016fmyslov\u00fdch podlah.<\/p>\n<p>Pro usnadn\u011bn\u00ed p\u0159\u00edstupu zam\u011bstnanc\u016f k elektromobilit\u011b bude z\u0159\u00edzeno p\u0159ibli\u017en\u011b 30 nab\u00edjec\u00edch stanic pro elektromobily. Infrastruktura se ji\u017e p\u0159ipravuje na dal\u0161\u00ed roz\u0161\u00ed\u0159en\u00ed nab\u00edjec\u00ed infrastruktury v budoucnu.<\/p>\n<p>Pro n\u00e1kladn\u00ed vozidla dodavatel\u016f, jejich\u017e vozov\u00e9 parky budou postupn\u011b elektrifikov\u00e1ny, jsou k dispozici tak\u00e9 vhodn\u00e1 nab\u00edjec\u00ed za\u0159\u00edzen\u00ed: pro tento \u00fa\u010del je k dispozici 16 nab\u00edjec\u00edch stanic s nab\u00edjec\u00edm v\u00fdkonem 200 kW a \u010dty\u0159i nab\u00edjec\u00ed stanice s nab\u00edjec\u00edm v\u00fdkonem 400 kW. Spole\u010dnost Daimler Truck elektrifikuje svou prvn\u00ed trasu ji\u017e v srpnu 2025 mezi Oscherslebenem, vzd\u00e1len\u00fdm p\u0159ibli\u017en\u011b 30 kilometr\u016f, kde poskytovatel slu\u017eeb p\u0159edbal\u00ed ur\u010dit\u00e9 objemy, a GPC Halberstadt. Dal\u0161\u00ed trasy pro elektrifikovan\u00e1 n\u00e1kladn\u00ed vozidla budou n\u00e1sledovat.<\/p>\n<p><img loading=\"lazy\" decoding=\"async\" class=\"size-medium wp-image-15025\" src=\"http:\/\/www.automakers.cz\/wp-content\/uploads\/2025\/07\/Daimler-Truck-Opening-900x599.jpg\" alt=\"\" width=\"900\" height=\"599\" \/><\/p>\n<p>Otev\u0159en\u00ed centra se z\u00fa\u010dastnili <strong>Dr. Reiner Haseloff , ministersk\u00fd p\u0159edseda Saska-Anhaltska<\/strong>, Sven Schulze , ministr hospod\u00e1\u0159stv\u00ed, cestovn\u00edho ruchu, zem\u011bd\u011blstv\u00ed a lesnictv\u00ed Saska-Anhaltska, Thomas Balcerowski , okresn\u00ed spr\u00e1vce okresu Harz, Daniel Szarata , vrchn\u00ed starosta Halberstadtu, Karin R\u00e5dstr\u00f6m , gener\u00e1ln\u00ed \u0159editelka Daimler Truck, Achim Puchert , gener\u00e1ln\u00ed\u00a0 \u0159editel Mercedes-Benz Trucks, Stina Fagerman , vedouc\u00ed marketingu, prodeje a slu\u017eeb ve spole\u010dnosti Mercedes-Benz Trucks, Uwe Kazmeier , projektov\u00fd mana\u017eer a vedouc\u00ed odd\u011blen\u00ed z\u00e1kaznick\u00fdch slu\u017eeb a n\u00e1hradn\u00edch d\u00edl\u016f ve spole\u010dnosti Mercedes-Benz Trucks, Dries Van Hoeymissen , v\u00fdkonn\u00fd viceprezident DP World pro st\u0159edn\u00ed Evropu, a mnoho dal\u0161\u00edch host\u016f.<\/p>\n<p><strong>Karin R\u00e5dstr\u00f6m, gener\u00e1ln\u00ed \u0159editelka Daimler Truck :<\/strong> \u201eNa\u0161e nov\u00e9 Glob\u00e1ln\u00ed centrum n\u00e1hradn\u00edch d\u00edl\u016f n\u00e1m umo\u017e\u0148uje je\u0161t\u011b l\u00e9pe slou\u017eit na\u0161im z\u00e1kazn\u00edk\u016fm. Z Halberstadtu jim m\u016f\u017eeme rychle a efektivn\u011b dod\u00e1vat n\u00e1hradn\u00ed d\u00edly pro Mercedes-Benz Trucks ve v\u00edce ne\u017e 170 zem\u00edch a zajistit tak maxim\u00e1ln\u00ed provozuschopnost jejich n\u00e1kladn\u00edch vozidel. To d\u00e1le pos\u00edl\u00ed na\u0161i schopnost plnit posl\u00e1n\u00ed Daimler Truck: Pro v\u0161echny, kte\u0159\u00ed udr\u017euj\u00ed sv\u011bt v pohybu.\u201c<\/p>\n<p><strong>Dr. Reiner Haseloff, ministersk\u00fd p\u0159edseda Saska-Anhaltska:<\/strong> \u201eDne\u0161ek je pro Halberstadt a celou spolkovou zemi Sasko-Anhaltsko velk\u00fd den. Investice tohoto typu nejsou b\u011b\u017en\u00e9, zvl\u00e1\u0161t\u011b v t\u011bchto t\u011b\u017ek\u00fdch \u010dasech. Skute\u010dnost, \u017ee si Halberstadt vybrala glob\u00e1ln\u00ed spole\u010dnost, jako je Daimler Truck, ukazuje, \u017ee Sasko-Anhaltsko neztratilo nic ze sv\u00e9 atraktivity jako m\u00edsto\u00a0 pro podnik\u00e1n\u00ed. Investice dlouhodob\u011b pos\u00edl\u00ed region a vy\u0161le sign\u00e1l dal\u0161\u00edm potenci\u00e1ln\u00edm investor\u016fm.\u201c<\/p>\n<p><strong>Zdroj: Daimler Truck, David Chleboun<\/strong><\/p>\n<figure id=\"attachment_15020\" aria-describedby=\"caption-attachment-15020\" style=\"width: 700px\" class=\"wp-caption alignnone\"><img loading=\"lazy\" decoding=\"async\" class=\"size-full wp-image-15020\" src=\"http:\/\/www.automakers.cz\/wp-content\/uploads\/2025\/07\/Daimler-Truck-bedna-pas.jpeg\" alt=\"\" width=\"700\" height=\"467\" \/><figcaption id=\"caption-attachment-15020\" class=\"wp-caption-text\">Daimler Truck Global Parts Center in Halberstadt, Sachsen-Anhalt<\/figcaption><\/figure>\n<p>&nbsp;<\/p>\n","protected":false},"excerpt":{"rendered":"<p>Daimler Truck otev\u0159el Global Parts Center (GPC) v Halberstadtu. V budoucnu bude z nov\u00e9ho logistick\u00e9ho&#8230;<\/p>\n","protected":false},"author":1,"featured_media":15015,"comment_status":"closed","ping_status":"closed","sticky":false,"template":"","format":"standard","meta":{"footnotes":""},"categories":[3,43],"tags":[],"class_list":["post-15013","post","type-post","status-publish","format-standard","has-post-thumbnail","hentry","category-investice","category-logistika"],"_links":{"self":[{"href":"https:\/\/www.automakers.cz\/index.php?rest_route=\/wp\/v2\/posts\/15013","targetHints":{"allow":["GET"]}}],"collection":[{"href":"https:\/\/www.automakers.cz\/index.php?rest_route=\/wp\/v2\/posts"}],"about":[{"href":"https:\/\/www.automakers.cz\/index.php?rest_route=\/wp\/v2\/types\/post"}],"author":[{"embeddable":true,"href":"https:\/\/www.automakers.cz\/index.php?rest_route=\/wp\/v2\/users\/1"}],"replies":[{"embeddable":true,"href":"https:\/\/www.automakers.cz\/index.php?rest_route=%2Fwp%2Fv2%2Fcomments&post=15013"}],"version-history":[{"count":8,"href":"https:\/\/www.automakers.cz\/index.php?rest_route=\/wp\/v2\/posts\/15013\/revisions"}],"predecessor-version":[{"id":15019,"href":"https:\/\/www.automakers.cz\/index.php?rest_route=\/wp\/v2\/posts\/15013\/revisions\/15019"}],"wp:featuredmedia":[{"embeddable":true,"href":"https:\/\/www.automakers.cz\/index.php?rest_route=\/wp\/v2\/media\/15015"}],"wp:attachment":[{"href":"https:\/\/www.automakers.cz\/index.php?rest_route=%2Fwp%2Fv2%2Fmedia&parent=15013"}],"wp:term":[{"taxonomy":"category","embeddable":true,"href":"https:\/\/www.automakers.cz\/index.php?rest_route=%2Fwp%2Fv2%2Fcategories&post=15013"},{"taxonomy":"post_tag","embeddable":true,"href":"https:\/\/www.automakers.cz\/index.php?rest_route=%2Fwp%2Fv2%2Ftags&post=15013"}],"curies":[{"name":"wp","href":"https:\/\/api.w.org\/{rel}","templated":true}]}}