{"id":15028,"date":"2025-07-29T06:51:12","date_gmt":"2025-07-29T06:51:12","guid":{"rendered":"https:\/\/www.automakers.cz\/?p=15028"},"modified":"2025-07-29T06:52:39","modified_gmt":"2025-07-29T06:52:39","slug":"cesko-uz-ma-pres-3000-dobijecich-stanic","status":"publish","type":"post","link":"https:\/\/www.automakers.cz\/?p=15028","title":{"rendered":"\u010cesko u\u017e m\u00e1 p\u0159es 3000 dob\u00edjec\u00edch stanic"},"content":{"rendered":"<p><strong>Po\u010det nov\u011b registrovan\u00fdch elektromobil\u016f byl v prvn\u00edm pololet\u00ed leto\u0161n\u00edho roku meziro\u010dn\u011b o dv\u011b t\u0159etiny vy\u0161\u0161\u00ed a celkov\u011b se po\u010det BEV p\u0159ibl\u00ed\u017eil k 50 tis\u00edc\u016fm. Dob\u00edjec\u00edch stanic je v \u010cesku u\u017e p\u0159es 3000, jejich se po\u010det za posledn\u00ed 3 roky v\u00edce ne\u017e zdvojn\u00e1sobil.<\/strong><!--more--><\/p>\n<p>Nejv\u011bt\u0161\u00ed provozovatel dob\u00edjec\u00edch stanic, spole\u010dnost <strong>\u010cEZ<\/strong>, u\u017e letos zprovoznila 74 nov\u00fdch nab\u00edje\u010dek. V s\u00edti jich moment\u00e1ln\u011b m\u00e1 916 a do konce roku dos\u00e1hne 1000 stojan\u016f.<strong> Pra\u017esk\u00e1 energetika (PRE)<\/strong>, kter\u00e1 provozuje druhou nejv\u011bt\u0161\u00ed dob\u00edjec\u00ed s\u00ed\u0165 v \u010cesku PRE POINT, v leto\u0161n\u00edm druh\u00e9m \u010dtvrtlet\u00ed zprovoznila 33 a za cel\u00e9 prvn\u00ed pololet\u00ed u\u017e 67 nov\u00fdch ve\u0159ejn\u00fdch dob\u00edjec\u00edch stanic. Celkov\u011b tak provozuje 868 nab\u00edje\u010dek.<\/p>\n<figure id=\"attachment_9136\" aria-describedby=\"caption-attachment-9136\" style=\"width: 900px\" class=\"wp-caption alignnone\"><img loading=\"lazy\" decoding=\"async\" class=\"size-medium wp-image-9136\" src=\"http:\/\/www.automakers.cz\/wp-content\/uploads\/2024\/11\/02_100.-ultrarychla-dobijeci-stanice-CEZ-small-3-900x600.jpg\" alt=\"\" width=\"900\" height=\"600\" srcset=\"https:\/\/www.automakers.cz\/wp-content\/uploads\/2024\/11\/02_100.-ultrarychla-dobijeci-stanice-CEZ-small-3-900x600.jpg 900w, https:\/\/www.automakers.cz\/wp-content\/uploads\/2024\/11\/02_100.-ultrarychla-dobijeci-stanice-CEZ-small-3-1024x683.jpg 1024w, https:\/\/www.automakers.cz\/wp-content\/uploads\/2024\/11\/02_100.-ultrarychla-dobijeci-stanice-CEZ-small-3-768x512.jpg 768w, https:\/\/www.automakers.cz\/wp-content\/uploads\/2024\/11\/02_100.-ultrarychla-dobijeci-stanice-CEZ-small-3-1536x1024.jpg 1536w, https:\/\/www.automakers.cz\/wp-content\/uploads\/2024\/11\/02_100.-ultrarychla-dobijeci-stanice-CEZ-small-3-2048x1365.jpg 2048w\" sizes=\"auto, (max-width: 900px) 100vw, 900px\" \/><figcaption id=\"caption-attachment-9136\" class=\"wp-caption-text\">Foto: \u010cEZ<\/figcaption><\/figure>\n<p><strong><b>Dvojn\u00e1sobn\u00fd po\u010det nab\u00edje\u010dek<\/b><\/strong><\/p>\n<p>Po\u010det v\u0161ech ve\u0159ejn\u00fdch dob\u00edjec\u00edch stanic v \u010cesku letos ji\u017e<strong> p\u0159ekonal hranici 3000 a aktu\u00e1ln\u011b \u010din\u00ed 3182<\/strong>. Celkov\u011b nab\u00edzej\u00ed 5 603 dob\u00edjec\u00edch bod\u016f k dob\u00edjen\u00ed elektromobil\u016f nebo plug-in hybrid\u016f. Vypl\u00fdv\u00e1 to z aktu\u00e1ln\u00edch dat Ministerstva pr\u016fmyslu a obchodu (MPO) platn\u00fdch k 30. 6. 2025. To je v\u00edce ne\u017e dvojn\u00e1sobek oproti pololet\u00ed roku 2022, kdy nab\u00edje\u010dek nebylo je\u0161t\u011b ani 1500.<\/p>\n<p>Dob\u00edt baterii elektromobilu nebo plug-in hybridu je tak ji\u017e mo\u017en\u00e9 na v\u00edce m\u00edstech, ne\u017e natankovat benz\u00edn nebo naftu. Tzv. \u201estandardn\u00edch\u201c ve\u0159ejn\u00fdch \u010derpac\u00edch stanic s v\u00fddejem prim\u00e1rn\u011b naturalu a nafty je toti\u017e dle evidence MPO m\u00e9n\u011b ne\u017e 3000. Takov\u00e9 srovn\u00e1n\u00ed samoz\u0159ejm\u011b pokulh\u00e1v\u00e1, proto\u017ee nab\u00edje\u010dky disponuj\u00ed zpravidla pouze jedn\u00edm nebo dv\u011bma dob\u00edjec\u00edmi body a dobit\u00ed baterie je \u010dasov\u011b n\u00e1ro\u010dn\u011bj\u0161\u00ed ne\u017e dopln\u011bn\u00ed n\u00e1dr\u017ee konven\u010dn\u00edm palivem.<\/p>\n<p><strong><b>50000 elektromobil\u016f a rekordn\u00ed dob\u00edjen\u00ed<\/b><\/strong><\/p>\n<p>Podle Centra dopravn\u00edho v\u00fdzkumu (CDV) bylo letos od ledna do konce \u010dervna na \u010desk\u00e9m trhu registrov\u00e1no 122 639 nov\u00fdch osobn\u00edch vozidel, z nich 6 910 bylo bateriov\u00fdch elektrick\u00fdch (BEV). Bateriov\u00e9 elektromobily byly s pod\u00edlem 5,6 % t\u0159et\u00ed nejobl\u00edben\u011bj\u0161\u00ed z\u00e1kaznickou volbou po konven\u010dn\u00edch vozech na benz\u00edn a naftu. <em><i>\u201eJen za prvn\u00ed pololet\u00ed bylo registrov\u00e1no t\u00e9m\u011b\u0159 sedm tis\u00edc elektromobil\u016f, co\u017e p\u0159edstavuje meziro\u010dn\u00ed n\u00e1r\u016fst o 66 %. Celkov\u00fd po\u010det provozovan\u00fdch osobn\u00edch bateriov\u00fdch vozidel se tak v\u00fdznamn\u011b p\u0159ibl\u00ed\u017eil hranici 50 tis\u00edc,\u201c<\/i><\/em>\u00a0p\u0159ibli\u017euje Luk\u00e1\u0161 Kadula z Centra dopravn\u00edho v\u00fdzkumu.<\/p>\n<p>Ruku v ruce s t\u00edmto trendem logicky roste z\u00e1jem o nab\u00edjen\u00ed. T\u0159eba \u010cEZ letos na sv\u00fdch nab\u00edje\u010dk\u00e1ch eviduje 76% meziro\u010dn\u00ed r\u016fst objemu odb\u011br\u016f elektrick\u00e9 energie a v\u00edce ne\u017e 50% skok v po\u010dtu dob\u00edjen\u00ed. Na stanic\u00edch PRE rostly v prvn\u00edm pololet\u00ed odb\u011bry meziro\u010dn\u011b o 52,5 %, po\u010det dob\u00edjec\u00edch transakc\u00ed narostl v\u00edce ne\u017e o t\u0159etinu.<\/p>\n<figure id=\"attachment_14709\" aria-describedby=\"caption-attachment-14709\" style=\"width: 900px\" class=\"wp-caption alignnone\"><img loading=\"lazy\" decoding=\"async\" class=\"size-medium wp-image-14709\" src=\"http:\/\/www.automakers.cz\/wp-content\/uploads\/2025\/07\/DKV-nabijecka-25-07-16-Ilustracni-foto1-900x600.jpg\" alt=\"\" width=\"900\" height=\"600\" srcset=\"https:\/\/www.automakers.cz\/wp-content\/uploads\/2025\/07\/DKV-nabijecka-25-07-16-Ilustracni-foto1-900x600.jpg 900w, https:\/\/www.automakers.cz\/wp-content\/uploads\/2025\/07\/DKV-nabijecka-25-07-16-Ilustracni-foto1-1024x683.jpg 1024w, https:\/\/www.automakers.cz\/wp-content\/uploads\/2025\/07\/DKV-nabijecka-25-07-16-Ilustracni-foto1-768x512.jpg 768w, https:\/\/www.automakers.cz\/wp-content\/uploads\/2025\/07\/DKV-nabijecka-25-07-16-Ilustracni-foto1-1536x1025.jpg 1536w, https:\/\/www.automakers.cz\/wp-content\/uploads\/2025\/07\/DKV-nabijecka-25-07-16-Ilustracni-foto1-2048x1366.jpg 2048w\" sizes=\"auto, (max-width: 900px) 100vw, 900px\" \/><figcaption id=\"caption-attachment-14709\" class=\"wp-caption-text\">Ilustra\u010dn\u00ed foto: DKV<\/figcaption><\/figure>\n<p><strong><b>Elektromobily ve firm\u00e1ch<\/b><\/strong><\/p>\n<p>V kategorii nov\u00fdch osobn\u00edch automobil\u016f (M1) jsou asi t\u0159i \u010dtvrtiny vozidel registrov\u00e1ny firmami, letos v prvn\u00edm pololet\u00ed \u010din\u00ed pod\u00edl firemn\u00edch vozidel na celkov\u00fdch registrac\u00edch dle Svazu dovozc\u016f automobil\u016f 73,5 %. Nov\u00e9 elektromobily si ale po\u0159izuj\u00ed firmy\u00a0o n\u011bco \u010dast\u011bji, dle CDV je t\u00e9m\u011b\u0159 77 % nov\u00fdch BEV letos registrov\u00e1no firmou nebo jinou organizac\u00ed.<\/p>\n<p>Elektromobilita p\u0159itom u\u017e nen\u00ed jen dom\u00e9nou velk\u00fdch firem. <em><i>\u201eSt\u00e1le v\u00edce men\u0161\u00edch podnikatel\u016f nebo \u017eivnostn\u00edk\u016f v r\u016fzn\u00e9 m\u00ed\u0159e s\u00e1z\u00ed na elektromobilitu a hled\u00e1 proto jednoduch\u00e9 a efektivn\u00ed \u0159e\u0161en\u00ed pro pravideln\u00e9 dob\u00edjen\u00ed,\u201c<\/i><\/em>\u00a0\u0159\u00edk\u00e1 <strong>Damir Durakovi\u0107, gener\u00e1ln\u00ed \u0159editel spole\u010dnosti Axigon<\/strong>, kter\u00e1 je autorizovan\u00fdm distributorem tankovac\u00edch karet i Energokaret se 70% pokryt\u00edm ve\u0159ejn\u00fdch nab\u00edje\u010dek v \u010cesku (PRE, \u010cEZ, E.ON a dal\u0161\u00ed) i v\u00edce ne\u017e 100 tis\u00edc dob\u00edjec\u00edch bod\u016f po cel\u00e9 Evrop\u011b.<\/p>\n<p><em><i>\u201eEnergokaret poskytujeme o t\u0159etinu v\u00edce ne\u017e p\u0159ed rokem a jen za leto\u0161n\u00edch prvn\u00edch 6 m\u011bs\u00edc\u016f jejich po\u010det narostl ve srovn\u00e1n\u00ed s koncem lo\u0148sk\u00e9ho roku o 20 %. A zat\u00edmco loni \u201aproteklo\u2018 p\u0159es na\u0161e Energokarty v\u00edce ne\u017e jedna gigawatthodina elektrick\u00e9 energie, v tomto roce to bude sou\u010dasn\u00fdm tempem r\u016fstu dob\u00edjen\u00ed minim\u00e1ln\u011b o 30 % v\u00edce,\u201c<\/i><\/em>\u00a0dod\u00e1v\u00e1 Damir Durakovi\u0107.<\/p>\n<p><strong>Zdroj: CDV<\/strong><\/p>\n<p><img loading=\"lazy\" decoding=\"async\" class=\"alignnone size-medium wp-image-9555\" src=\"http:\/\/www.automakers.cz\/wp-content\/uploads\/2024\/12\/03_Nejvetsi-ultrarychly-dob\ufffd\ufffdjeci-hub-Ceske-republiky-96.-km-D1-Mikulasov-3-900x675.jpg\" alt=\"\" width=\"900\" height=\"675\" srcset=\"https:\/\/www.automakers.cz\/wp-content\/uploads\/2024\/12\/03_Nejvetsi-ultrarychly-dob\ufffd\ufffdjeci-hub-Ceske-republiky-96.-km-D1-Mikulasov-3-900x675.jpg 900w, https:\/\/www.automakers.cz\/wp-content\/uploads\/2024\/12\/03_Nejvetsi-ultrarychly-dob\ufffd\ufffdjeci-hub-Ceske-republiky-96.-km-D1-Mikulasov-3-1024x768.jpg 1024w, https:\/\/www.automakers.cz\/wp-content\/uploads\/2024\/12\/03_Nejvetsi-ultrarychly-dob\ufffd\ufffdjeci-hub-Ceske-republiky-96.-km-D1-Mikulasov-3-768x576.jpg 768w, https:\/\/www.automakers.cz\/wp-content\/uploads\/2024\/12\/03_Nejvetsi-ultrarychly-dob\ufffd\ufffdjeci-hub-Ceske-republiky-96.-km-D1-Mikulasov-3-1536x1152.jpg 1536w, https:\/\/www.automakers.cz\/wp-content\/uploads\/2024\/12\/03_Nejvetsi-ultrarychly-dob\ufffd\ufffdjeci-hub-Ceske-republiky-96.-km-D1-Mikulasov-3-2048x1536.jpg 2048w\" sizes=\"auto, (max-width: 900px) 100vw, 900px\" \/><\/p>\n","protected":false},"excerpt":{"rendered":"<p>Po\u010det nov\u011b registrovan\u00fdch elektromobil\u016f byl v prvn\u00edm pololet\u00ed leto\u0161n\u00edho roku meziro\u010dn\u011b o dv\u011b t\u0159etiny vy\u0161\u0161\u00ed&#8230;<\/p>\n","protected":false},"author":1,"featured_media":10097,"comment_status":"closed","ping_status":"closed","sticky":false,"template":"","format":"standard","meta":{"footnotes":""},"categories":[9,10,40],"tags":[],"class_list":["post-15028","post","type-post","status-publish","format-standard","has-post-thumbnail","hentry","category-elektromobily","category-statistika","category-technologie"],"_links":{"self":[{"href":"https:\/\/www.automakers.cz\/index.php?rest_route=\/wp\/v2\/posts\/15028","targetHints":{"allow":["GET"]}}],"collection":[{"href":"https:\/\/www.automakers.cz\/index.php?rest_route=\/wp\/v2\/posts"}],"about":[{"href":"https:\/\/www.automakers.cz\/index.php?rest_route=\/wp\/v2\/types\/post"}],"author":[{"embeddable":true,"href":"https:\/\/www.automakers.cz\/index.php?rest_route=\/wp\/v2\/users\/1"}],"replies":[{"embeddable":true,"href":"https:\/\/www.automakers.cz\/index.php?rest_route=%2Fwp%2Fv2%2Fcomments&post=15028"}],"version-history":[{"count":3,"href":"https:\/\/www.automakers.cz\/index.php?rest_route=\/wp\/v2\/posts\/15028\/revisions"}],"predecessor-version":[{"id":15031,"href":"https:\/\/www.automakers.cz\/index.php?rest_route=\/wp\/v2\/posts\/15028\/revisions\/15031"}],"wp:featuredmedia":[{"embeddable":true,"href":"https:\/\/www.automakers.cz\/index.php?rest_route=\/wp\/v2\/media\/10097"}],"wp:attachment":[{"href":"https:\/\/www.automakers.cz\/index.php?rest_route=%2Fwp%2Fv2%2Fmedia&parent=15028"}],"wp:term":[{"taxonomy":"category","embeddable":true,"href":"https:\/\/www.automakers.cz\/index.php?rest_route=%2Fwp%2Fv2%2Fcategories&post=15028"},{"taxonomy":"post_tag","embeddable":true,"href":"https:\/\/www.automakers.cz\/index.php?rest_route=%2Fwp%2Fv2%2Ftags&post=15028"}],"curies":[{"name":"wp","href":"https:\/\/api.w.org\/{rel}","templated":true}]}}