{"id":15043,"date":"2025-07-30T06:03:56","date_gmt":"2025-07-30T06:03:56","guid":{"rendered":"https:\/\/www.automakers.cz\/?p=15043"},"modified":"2025-07-30T06:03:56","modified_gmt":"2025-07-30T06:03:56","slug":"sleis-posilil-prazsky-tym-cee-attorneys","status":"publish","type":"post","link":"https:\/\/www.automakers.cz\/?p=15043","title":{"rendered":"\u0160leis pos\u00edlil pra\u017esk\u00fd t\u00fdm CEE Attorneys"},"content":{"rendered":"<p><strong>Pra\u017esk\u00fd t\u00fdm mezin\u00e1rodn\u00ed advok\u00e1tn\u00ed kancel\u00e1\u0159e CEE Attorneys roz\u0161\u00ed\u0159il nov\u00fd kolega \u2013 Mgr. Jan \u0160leis, LL.M., advok\u00e1t s bohat\u00fdmi zku\u0161enostmi z oblasti real estate.<\/strong><!--more--><\/p>\n<p>B\u011bhem sv\u00e9 dosavadn\u00ed praxe p\u016fsobil Jan \u0160leis mimo jin\u00e9 ve spole\u010dnosti SKANSKA, kde se pod\u00edlel na akvizic\u00edch, spr\u00e1v\u011b a prodeji developersk\u00fdch projekt\u016f. Profesn\u00ed zku\u0161enosti d\u00e1le z\u00edskal v n\u011bmeck\u00e9 advok\u00e1tn\u00ed kancel\u00e1\u0159i v Praze a rovn\u011b\u017e ve Velk\u00e9 Brit\u00e1nii, kde je kvalifikov\u00e1n jako Solicitor. Ve sv\u00e9 pr\u00e1vn\u00ed praxi se dlouhodob\u011b v\u011bnuje tak\u00e9 pr\u00e1vu obchodn\u00edch korporac\u00ed, mezin\u00e1rodn\u00edmu pr\u00e1vu a sporov\u00e9 agend\u011b.<\/p>\n<p>Je absolventem Pr\u00e1vnick\u00e9 fakulty Univerzity Karlovy v Praze a City University London.<\/p>\n","protected":false},"excerpt":{"rendered":"<p>Pra\u017esk\u00fd t\u00fdm mezin\u00e1rodn\u00ed advok\u00e1tn\u00ed kancel\u00e1\u0159e CEE Attorneys roz\u0161\u00ed\u0159il nov\u00fd kolega \u2013 Mgr. Jan \u0160leis, LL.M.,&#8230;<\/p>\n","protected":false},"author":2,"featured_media":15048,"comment_status":"closed","ping_status":"closed","sticky":false,"template":"","format":"standard","meta":{"footnotes":""},"categories":[6,5],"tags":[],"class_list":["post-15043","post","type-post","status-publish","format-standard","has-post-thumbnail","hentry","category-management","category-personalie"],"_links":{"self":[{"href":"https:\/\/www.automakers.cz\/index.php?rest_route=\/wp\/v2\/posts\/15043","targetHints":{"allow":["GET"]}}],"collection":[{"href":"https:\/\/www.automakers.cz\/index.php?rest_route=\/wp\/v2\/posts"}],"about":[{"href":"https:\/\/www.automakers.cz\/index.php?rest_route=\/wp\/v2\/types\/post"}],"author":[{"embeddable":true,"href":"https:\/\/www.automakers.cz\/index.php?rest_route=\/wp\/v2\/users\/2"}],"replies":[{"embeddable":true,"href":"https:\/\/www.automakers.cz\/index.php?rest_route=%2Fwp%2Fv2%2Fcomments&post=15043"}],"version-history":[{"count":4,"href":"https:\/\/www.automakers.cz\/index.php?rest_route=\/wp\/v2\/posts\/15043\/revisions"}],"predecessor-version":[{"id":15056,"href":"https:\/\/www.automakers.cz\/index.php?rest_route=\/wp\/v2\/posts\/15043\/revisions\/15056"}],"wp:featuredmedia":[{"embeddable":true,"href":"https:\/\/www.automakers.cz\/index.php?rest_route=\/wp\/v2\/media\/15048"}],"wp:attachment":[{"href":"https:\/\/www.automakers.cz\/index.php?rest_route=%2Fwp%2Fv2%2Fmedia&parent=15043"}],"wp:term":[{"taxonomy":"category","embeddable":true,"href":"https:\/\/www.automakers.cz\/index.php?rest_route=%2Fwp%2Fv2%2Fcategories&post=15043"},{"taxonomy":"post_tag","embeddable":true,"href":"https:\/\/www.automakers.cz\/index.php?rest_route=%2Fwp%2Fv2%2Ftags&post=15043"}],"curies":[{"name":"wp","href":"https:\/\/api.w.org\/{rel}","templated":true}]}}