{"id":15057,"date":"2025-07-30T06:22:26","date_gmt":"2025-07-30T06:22:26","guid":{"rendered":"https:\/\/www.automakers.cz\/?p=15057"},"modified":"2025-07-30T06:22:26","modified_gmt":"2025-07-30T06:22:26","slug":"toyota-chysta-v-cesku-vyrobu-elektromobilu","status":"publish","type":"post","link":"https:\/\/www.automakers.cz\/?p=15057","title":{"rendered":"Toyota chyst\u00e1 v \u010cesku v\u00fdrobu elektromobil\u016f"},"content":{"rendered":"<div class=\"_608bd5f5042d89402533b190 c_kN\"><\/div>\n<div class=\"_608bd6b73316103f15d31ccc c_kN\">\n<div class=\"c_c\" data-e2e=\"ogm-article-layout\">\n<article class=\"c_iT\" role=\"article\" aria-labelledby=\"accessibility-article\">\n<div class=\"c_fl\" data-dot=\"ogm-article-content\">\n<div class=\"h_fm h_bO h_bO\">\n<div class=\"h_bt speakable\" data-dot=\"mol-paragraph\">\n<p class=\"e_bt\"><strong><span class=\"atm-text-decorator\">Kol\u00ednsk\u00e1 Toyota Motor zah\u00e1j\u00ed v roce 2028 v\u00fdrobu elektromobil\u016f, objem produkce by m\u011bl \u010dinit kolem 100 tis\u00edc voz\u016f ro\u010dn\u011b. Informoval o tom v \u00fater\u00fd japonsk\u00fd list Nikkei ve zpr\u00e1v\u011b, na kterou upozornil server iDnes. Toyota v sou\u010dasnosti ve sv\u00e9 kol\u00ednsk\u00e9 tov\u00e1rn\u011b vyr\u00e1b\u00ed vozy Aygo X a Yaris.<\/span><\/strong><\/p>\n<\/div>\n<div class=\"h_bt speakable\" data-dot=\"mol-paragraph\">\n<p class=\"e_bt\"><span class=\"atm-text-decorator\">Podle listu se p\u0159edpokl\u00e1d\u00e1, \u017ee Toyota bude v \u010cesku vyr\u00e1b\u011bt sportovn\u011b-u\u017eitkov\u00fd v\u016fz (SUV) s elektrick\u00fdm pohonem. Tento v\u016fz by m\u011bl b\u00fdt prvn\u00edm elektromobilem spole\u010dnosti Toyota vyr\u00e1b\u011bn\u00fdm v Evrop\u011b, p\u00ed\u0161eNikkei.<\/span><\/p>\n<\/div>\n<div class=\"h_bt speakable\" data-dot=\"mol-paragraph\">\n<p class=\"e_bt\"><span class=\"atm-text-decorator\">O mo\u017enosti vyr\u00e1b\u011bt elektromobily v\u00a0kol\u00ednsk\u00e9 tov\u00e1rn\u011b Toyoty se za\u010dalo hovo\u0159it ji\u017e v\u00a0roce 2023.\u00a0Gener\u00e1ln\u00ed \u0159editel Toyoty pro \u010cesko Martin Pele\u0161ka tehdy podle serveru e15.cz uvedl, \u017ee tov\u00e1rna by mohla vyr\u00e1b\u011bt mal\u00e9 a\u00a0cenov\u011b dostupn\u00e9 elektromobily.<\/span><\/p>\n<\/div>\n<div class=\"h_fn\" data-dot=\"mol-self-promo\"><\/div>\n<div class=\"h_bt speakable\" data-dot=\"mol-paragraph\">\n<p class=\"e_bt\"><span class=\"atm-text-decorator\">Kol\u00ednsk\u00e1 tov\u00e1rna vznikla jako spole\u010dn\u00fd podnik japonsk\u00e9 automobilky Toyota a\u00a0francouzsk\u00e9ho koncernu PSA Peugeot Citro\u00ebn a\u00a0nesla n\u00e1zev Toyota Peugeot Citro\u00ebn Automobile (TPCA). Od 1.\u00a0ledna 2021\u00a0ji p\u0159evzala Toyota a\u00a0p\u0159ejmenovala na Toyota Motor Manufacturing Czech Republic. Jde o\u00a0osm\u00fd z\u00e1vod Toyoty v\u00a0Evropsk\u00e9 unii.<\/span><\/p>\n<p><img loading=\"lazy\" decoding=\"async\" class=\"alignnone size-medium wp-image-8780\" src=\"http:\/\/www.automakers.cz\/wp-content\/uploads\/2024\/11\/toyotamegahubinkolincz-05-900x600.jpg\" alt=\"\" width=\"900\" height=\"600\" \/><span class=\"atm-text-decorator\">V lo\u0148sk\u00e9m roce kol\u00ednsk\u00e1 tov\u00e1rna zv\u00fd\u0161ila v\u00fdrobu o zhruba 17 procent na 225 058 voz\u016f. Tov\u00e1rna, kter\u00e1 zam\u011bstn\u00e1v\u00e1 p\u0159es 3200 lid\u00ed, vyr\u00e1b\u00ed vozy Aygo X a Yaris se spalovac\u00edmi motory, model Yaris produkuje rovn\u011b\u017e v hybridn\u00ed verzi.<\/span><\/p>\n<\/div>\n<div class=\"h_bt speakable\" data-dot=\"mol-paragraph\">\n<p><strong>Zdroj: idnes, novinky.cz, archiv<\/strong><\/p>\n<\/div>\n<\/div>\n<\/div>\n<\/article>\n<\/div>\n<\/div>\n<p><!--more--><\/p>\n","protected":false},"excerpt":{"rendered":"<p>Kol\u00ednsk\u00e1 Toyota Motor zah\u00e1j\u00ed v roce 2028 v\u00fdrobu elektromobil\u016f, objem produkce by m\u011bl \u010dinit kolem&#8230;<\/p>\n","protected":false},"author":1,"featured_media":8453,"comment_status":"closed","ping_status":"closed","sticky":false,"template":"","format":"standard","meta":{"footnotes":""},"categories":[9,18],"tags":[],"class_list":["post-15057","post","type-post","status-publish","format-standard","has-post-thumbnail","hentry","category-elektromobily","category-vyroba"],"_links":{"self":[{"href":"https:\/\/www.automakers.cz\/index.php?rest_route=\/wp\/v2\/posts\/15057","targetHints":{"allow":["GET"]}}],"collection":[{"href":"https:\/\/www.automakers.cz\/index.php?rest_route=\/wp\/v2\/posts"}],"about":[{"href":"https:\/\/www.automakers.cz\/index.php?rest_route=\/wp\/v2\/types\/post"}],"author":[{"embeddable":true,"href":"https:\/\/www.automakers.cz\/index.php?rest_route=\/wp\/v2\/users\/1"}],"replies":[{"embeddable":true,"href":"https:\/\/www.automakers.cz\/index.php?rest_route=%2Fwp%2Fv2%2Fcomments&post=15057"}],"version-history":[{"count":1,"href":"https:\/\/www.automakers.cz\/index.php?rest_route=\/wp\/v2\/posts\/15057\/revisions"}],"predecessor-version":[{"id":15058,"href":"https:\/\/www.automakers.cz\/index.php?rest_route=\/wp\/v2\/posts\/15057\/revisions\/15058"}],"wp:featuredmedia":[{"embeddable":true,"href":"https:\/\/www.automakers.cz\/index.php?rest_route=\/wp\/v2\/media\/8453"}],"wp:attachment":[{"href":"https:\/\/www.automakers.cz\/index.php?rest_route=%2Fwp%2Fv2%2Fmedia&parent=15057"}],"wp:term":[{"taxonomy":"category","embeddable":true,"href":"https:\/\/www.automakers.cz\/index.php?rest_route=%2Fwp%2Fv2%2Fcategories&post=15057"},{"taxonomy":"post_tag","embeddable":true,"href":"https:\/\/www.automakers.cz\/index.php?rest_route=%2Fwp%2Fv2%2Ftags&post=15057"}],"curies":[{"name":"wp","href":"https:\/\/api.w.org\/{rel}","templated":true}]}}