{"id":15087,"date":"2025-07-31T06:40:53","date_gmt":"2025-07-31T06:40:53","guid":{"rendered":"https:\/\/www.automakers.cz\/?p=15087"},"modified":"2025-07-31T06:40:53","modified_gmt":"2025-07-31T06:40:53","slug":"mercedes-benz-werk-worth-slavi-60-let","status":"publish","type":"post","link":"https:\/\/www.automakers.cz\/?p=15087","title":{"rendered":"Mercedes-Benz Werk W\u00f6rth slav\u00ed 60 let"},"content":{"rendered":"<p><strong>P\u0159esn\u011b p\u0159ed 60 lety smontovali pracovn\u00edci z\u00e1vodu Mercedes-Benz ve W\u00f6rthu prvn\u00ed kompletn\u00ed n\u00e1kladn\u00ed v\u016fz, kter\u00fd sjel z v\u00fdrobn\u00ed linky v \u010dervenci 1965. Byl to zelen\u00fd Mercedes-Benz LP 608.<\/strong><!--more--><\/p>\n<p>V\u00fdroba v z\u00e1vod\u011b za\u010dala t\u00e9m\u011b\u0159 o dva roky d\u0159\u00edve, v \u0159\u00edjnu 1963, s p\u0159ibli\u017en\u011b 100 zam\u011bstnanci. Zpo\u010d\u00e1tku se vyr\u00e1b\u011bly kabiny n\u00e1kladn\u00edch vozidel, kter\u00e9 se pot\u00e9 dod\u00e1valy do z\u00e1vod\u016f v Gaggenau (t\u011b\u017ek\u00e9 n\u00e1kladn\u00ed vozy) nebo Mannheimu (st\u0159edn\u00ed a lehk\u00e9 n\u00e1kladn\u00ed vozy) k dal\u0161\u00ed mont\u00e1\u017ei.<\/p>\n<p>Od roku 1965 se W\u00f6rth stal centrem v\u00fdroby u\u017eitkov\u00fdch vozidel spole\u010dnosti Mercedes-Benz, kde se v centr\u00e1ln\u00edm mont\u00e1\u017en\u00edm z\u00e1vod\u011b od t\u00e9 doby montovala a dod\u00e1vala kompletn\u00ed vozidla. Z\u00e1vody v Gaggenau a Kasselu se specializovaly na v\u00fdrobu p\u0159evodovek a n\u00e1prav pro n\u00e1kladn\u00ed vozy, Mannheim na motory a tak\u00e9 na v\u00fdrobu autobus\u016f.<\/p>\n<p>M\u00e1lokdo dnes v\u00ed, \u017ee z\u00e1vod ve W\u00f6rthu byl p\u016fvodn\u011b pl\u00e1novan\u00fd jako \u201ev\u00fdrobn\u00ed z\u00e1vod na agreg\u00e1ty\u201c. Tehdej\u0161\u00ed spole\u010dnost Daimler-Benz AG na za\u010d\u00e1tku 60. let 20. stolet\u00ed p\u0159ehodnotila svou strategii v oblasti u\u017eitkov\u00fdch vozidel. V r\u00e1mci toho byla reorganizov\u00e1na i v\u00fdroba: z\u00e1vod ve W\u00f6rthu nem\u011bl dod\u00e1vat motory, jak bylo p\u016fvodn\u011b pl\u00e1nov\u00e1no, ale byl ur\u010den jako z\u00e1vod pro velkov\u00fdrobu v\u0161ech t\u0159\u00edd n\u00e1kladn\u00edch vozidel, kde m\u011bla prob\u00edhat ve\u0161ker\u00e1 v\u00fdroba a fin\u00e1ln\u00ed mont\u00e1\u017e. V\u00fdroba n\u00e1kladn\u00edch vozidel v koncernu byla tak rozd\u011blena na v\u00fdrobu agreg\u00e1t\u016f a mont\u00e1\u017e vozidel.<\/p>\n<p><img loading=\"lazy\" decoding=\"async\" class=\"alignnone wp-image-15089 alignleft\" src=\"http:\/\/www.automakers.cz\/wp-content\/uploads\/2025\/07\/25DT168_001_lowres_-900x635.jpg\" alt=\"\" width=\"971\" height=\"685\" srcset=\"https:\/\/www.automakers.cz\/wp-content\/uploads\/2025\/07\/25DT168_001_lowres_-900x635.jpg 900w, https:\/\/www.automakers.cz\/wp-content\/uploads\/2025\/07\/25DT168_001_lowres_-768x542.jpg 768w, https:\/\/www.automakers.cz\/wp-content\/uploads\/2025\/07\/25DT168_001_lowres_.jpg 1024w\" sizes=\"auto, (max-width: 971px) 100vw, 971px\" \/><\/p>\n<p style=\"text-align: left;\">Ji\u017e od za\u010d\u00e1tku v\u00fdroby se na mont\u00e1\u017en\u00ed lince vyr\u00e1b\u011bly r\u016fzn\u00e9 modelov\u00e9 \u0159ady, od \u201elehk\u00e9ho W\u00f6rtheru\u201c a\u017e po \u201et\u011b\u017ek\u00fd W\u00f6rther\u201c \u2013 v\u00fdroba byla proto ji\u017e tehdy pova\u017eov\u00e1na za extr\u00e9mn\u011b flexibiln\u00ed.<\/p>\n<p style=\"text-align: left;\">Za v\u00edce ne\u017e 60 let od zah\u00e1jen\u00ed v\u00fdroby bylo ve W\u00f6rthu vyrobeno v\u00edce ne\u017e 4,4 milionu n\u00e1kladn\u00edch vozidel \u2013 z nich\u017e v\u00edce ne\u017e 800 000 bylo dod\u00e1no kompletn\u011b rozebran\u00fdch (CKD \u2013 completely knocked down), co\u017e jsou stavebnice vozidel, kter\u00e9 se dod\u00e1vaj\u00ed na \u0159adu z\u00e1mo\u0159sk\u00fdch trh\u016f k fin\u00e1ln\u00ed mont\u00e1\u017ei na m\u00edst\u011b.<\/p>\n<p style=\"text-align: left;\">Dnes z\u00e1vod Mercedes-Benz ve W\u00f6rthu vyr\u00e1b\u00ed modely Actros, Arocs a Atego. Ve W\u00f6rthu se vyr\u00e1b\u011bj\u00ed tak\u00e9 speci\u00e1ln\u00ed n\u00e1kladn\u00ed vozy Mercedes-Benz Econic , Unimog a Zetros . S\u00e9riov\u00e1 v\u00fdroba bateriov\u011b elektrick\u00e9ho modelu Mercedes-Benz eActros 300\/400 pro distribu\u010dn\u00ed dopravu za\u010dala v roce 2021.<\/p>\n<p style=\"text-align: left;\">V roce 2022 n\u00e1sledoval druh\u00fd elektrick\u00fd s\u00e9riov\u00fd n\u00e1kladn\u00ed v\u016fz Mercedes-Benz eEconic pro komun\u00e1ln\u00ed pou\u017eit\u00ed. Na konci roku 2024 oslavila spole\u010dnost Daimler Truck ve W\u00f6rthu zah\u00e1jen\u00ed s\u00e9riov\u00e9 v\u00fdroby nejnov\u011bj\u0161\u00edho modelu Mercedes-Benz eActros 600 pro d\u00e1lkovou dopravu.<\/p>\n<p><img loading=\"lazy\" decoding=\"async\" class=\" wp-image-15090\" src=\"http:\/\/www.automakers.cz\/wp-content\/uploads\/2025\/07\/25DT168_006-900x621.jpg\" alt=\"\" width=\"994\" height=\"686\" srcset=\"https:\/\/www.automakers.cz\/wp-content\/uploads\/2025\/07\/25DT168_006-900x621.jpg 900w, https:\/\/www.automakers.cz\/wp-content\/uploads\/2025\/07\/25DT168_006-768x530.jpg 768w, https:\/\/www.automakers.cz\/wp-content\/uploads\/2025\/07\/25DT168_006.jpg 1024w\" sizes=\"auto, (max-width: 994px) 100vw, 994px\" \/><\/p>\n","protected":false},"excerpt":{"rendered":"<p>P\u0159esn\u011b p\u0159ed 60 lety smontovali pracovn\u00edci z\u00e1vodu Mercedes-Benz ve W\u00f6rthu prvn\u00ed kompletn\u00ed n\u00e1kladn\u00ed v\u016fz, kter\u00fd&#8230;<\/p>\n","protected":false},"author":2,"featured_media":15088,"comment_status":"closed","ping_status":"closed","sticky":false,"template":"","format":"standard","meta":{"footnotes":""},"categories":[34,18,4],"tags":[],"class_list":["post-15087","post","type-post","status-publish","format-standard","has-post-thumbnail","hentry","category-veterani","category-vyroba","category-vyroci"],"_links":{"self":[{"href":"https:\/\/www.automakers.cz\/index.php?rest_route=\/wp\/v2\/posts\/15087","targetHints":{"allow":["GET"]}}],"collection":[{"href":"https:\/\/www.automakers.cz\/index.php?rest_route=\/wp\/v2\/posts"}],"about":[{"href":"https:\/\/www.automakers.cz\/index.php?rest_route=\/wp\/v2\/types\/post"}],"author":[{"embeddable":true,"href":"https:\/\/www.automakers.cz\/index.php?rest_route=\/wp\/v2\/users\/2"}],"replies":[{"embeddable":true,"href":"https:\/\/www.automakers.cz\/index.php?rest_route=%2Fwp%2Fv2%2Fcomments&post=15087"}],"version-history":[{"count":4,"href":"https:\/\/www.automakers.cz\/index.php?rest_route=\/wp\/v2\/posts\/15087\/revisions"}],"predecessor-version":[{"id":15100,"href":"https:\/\/www.automakers.cz\/index.php?rest_route=\/wp\/v2\/posts\/15087\/revisions\/15100"}],"wp:featuredmedia":[{"embeddable":true,"href":"https:\/\/www.automakers.cz\/index.php?rest_route=\/wp\/v2\/media\/15088"}],"wp:attachment":[{"href":"https:\/\/www.automakers.cz\/index.php?rest_route=%2Fwp%2Fv2%2Fmedia&parent=15087"}],"wp:term":[{"taxonomy":"category","embeddable":true,"href":"https:\/\/www.automakers.cz\/index.php?rest_route=%2Fwp%2Fv2%2Fcategories&post=15087"},{"taxonomy":"post_tag","embeddable":true,"href":"https:\/\/www.automakers.cz\/index.php?rest_route=%2Fwp%2Fv2%2Ftags&post=15087"}],"curies":[{"name":"wp","href":"https:\/\/api.w.org\/{rel}","templated":true}]}}