{"id":15094,"date":"2025-07-31T06:42:15","date_gmt":"2025-07-31T06:42:15","guid":{"rendered":"https:\/\/www.automakers.cz\/?p=15094"},"modified":"2025-07-31T06:42:15","modified_gmt":"2025-07-31T06:42:15","slug":"logio-uci-logistiku-na-skoda-auto-vs","status":"publish","type":"post","link":"https:\/\/www.automakers.cz\/?p=15094","title":{"rendered":"Logio u\u010d\u00ed logistiku na \u0160koda Auto V\u0160"},"content":{"rendered":"<p><strong>Spole\u010dnost Logio nav\u00e1zala dlouhodobou spolupr\u00e1ci se \u0160koda Auto Vysokou \u0160kolou (\u0160AV\u0160). Odborn\u00edci z Logia se zapoj\u00ed do v\u00fduky a od podzimn\u00edho semestru povedou semestr\u00e1ln\u00ed p\u0159edm\u011bt zam\u011b\u0159en\u00fd na logistiku.<\/strong><!--more--><\/p>\n<p>Z\u00e1stupci obou instituc\u00ed dnes podepsali smlouvu, kter\u00e1 umo\u017en\u00ed student\u016fm neomezen\u00fd p\u0159\u00edstup k praktick\u00fdm znalostem v oboru, propojen\u00ed akademick\u00e9ho prost\u0159ed\u00ed s prax\u00ed a rozvoj odborn\u00fdch dovednost\u00ed student\u016f v modern\u00ed logistice. Po\u010d\u00edt\u00e1 se tak\u00e9 se vz\u00e1jemnou spoluprac\u00ed ve v\u00fdzkumn\u00fdch i profesn\u00edch aktivit\u00e1ch.<\/p>\n<p>\u201eD\u00edky spolupr\u00e1ci se \u0160koda Auto Vysokou \u0160kolou m\u016f\u017eeme student\u016fm zprost\u0159edkovat nejen \u0161pi\u010dkov\u00e9 know-how v \u0159\u00edzen\u00ed dodavatelsk\u00fdch \u0159et\u011bzc\u016f, ale tak\u00e9 jim pomoci naj\u00edt cestu k pr\u00e1ci, kter\u00e1 pro n\u011b m\u00e1 skute\u010dn\u00fd dopad a hodnotu. V\u011b\u0159\u00edm, \u017ee \u0159adu z nich nadchneme pro tuto oblast a t\u0159eba se z nich jednou stanou na\u0161i kolegov\u00e9,\u201c \u0159\u00edk\u00e1 P\u0159emysl Zeman, \u0159editel consultingu v Logio a garant kurzu.<\/p>\n<p>\u201eV\u00edt\u00e1me Logio jako nov\u00e9ho partnera \u0161koly. V\u011b\u0159\u00edme, \u017ee spojen\u00ed s firmou, kter\u00e1 pat\u0159\u00ed ke \u0161pi\u010dce v oboru pokro\u010dil\u00e9ho pl\u00e1nov\u00e1n\u00ed a optimalizace logistiky, student\u016fm p\u0159inese cenn\u00e9 zku\u0161enosti, roz\u0161\u00ed\u0159\u00ed jejich obzory a p\u0159ibl\u00ed\u017e\u00ed jim mo\u017enosti budouc\u00edho uplatn\u011bn\u00ed,\u201c dopl\u0148uje Radim Lenort, vedouc\u00ed katedry \u0159\u00edzen\u00ed v\u00fdroby, logistiky a kvality ze \u0160AV\u0160.<\/p>\n<p>V\u00fduka bude stav\u011bt na praktick\u00fdch zku\u0161enostech z re\u00e1ln\u00fdch projekt\u016f a nav\u00e1\u017ee na tradici p\u0159edn\u00e1\u0161ek zvan\u00fdch odborn\u00edk\u016f z praxe, kter\u00e9 jsou na \u0161kole dlouhodobou sou\u010d\u00e1st\u00ed studia.<\/p>\n<p>Studenti bezplatn\u011b vyu\u017eij\u00ed analytick\u00fd a simula\u010dn\u00ed software Veritico FLOW, kter\u00fd Logio vyv\u00edj\u00ed pro pl\u00e1nov\u00e1n\u00ed distribu\u010dn\u00edch strategi\u00ed. D\u00edky n\u011bmu l\u00e9pe pochop\u00ed v\u00fdzvy modern\u00ed logistiky v kontextu re\u00e1ln\u00e9ho byznysu.<\/p>\n<p>Sou\u010d\u00e1st\u00ed partnerstv\u00ed bude rovn\u011b\u017e podpora student\u016f p\u0159i hled\u00e1n\u00ed t\u00e9mat pro z\u00e1v\u011bre\u010dn\u00e9 pr\u00e1ce a aktivn\u00ed spolupr\u00e1ce v r\u00e1mci veletrhu pracovn\u00edch p\u0159\u00edle\u017eitost\u00ed Career Day, kter\u00fd je ka\u017edoro\u010dn\u00edm m\u00edstem setk\u00e1v\u00e1n\u00ed student\u016f a zam\u011bstnavatel\u016f.<\/p>\n<p><img loading=\"lazy\" decoding=\"async\" class=\"alignnone wp-image-15098\" src=\"http:\/\/www.automakers.cz\/wp-content\/uploads\/2025\/07\/250730_Logio_SAVS_podpis-small-735x900.jpg\" alt=\"\" width=\"995\" height=\"1218\" srcset=\"https:\/\/www.automakers.cz\/wp-content\/uploads\/2025\/07\/250730_Logio_SAVS_podpis-small-735x900.jpg 735w, https:\/\/www.automakers.cz\/wp-content\/uploads\/2025\/07\/250730_Logio_SAVS_podpis-small-836x1024.jpg 836w, https:\/\/www.automakers.cz\/wp-content\/uploads\/2025\/07\/250730_Logio_SAVS_podpis-small-768x940.jpg 768w, https:\/\/www.automakers.cz\/wp-content\/uploads\/2025\/07\/250730_Logio_SAVS_podpis-small-1254x1536.jpg 1254w, https:\/\/www.automakers.cz\/wp-content\/uploads\/2025\/07\/250730_Logio_SAVS_podpis-small-1024x1254.jpg 1024w, https:\/\/www.automakers.cz\/wp-content\/uploads\/2025\/07\/250730_Logio_SAVS_podpis-small.jpg 1448w\" sizes=\"auto, (max-width: 995px) 100vw, 995px\" \/><\/p>\n","protected":false},"excerpt":{"rendered":"<p>Spole\u010dnost Logio nav\u00e1zala dlouhodobou spolupr\u00e1ci se \u0160koda Auto Vysokou \u0160kolou (\u0160AV\u0160). Odborn\u00edci z Logia se&#8230;<\/p>\n","protected":false},"author":2,"featured_media":15097,"comment_status":"closed","ping_status":"closed","sticky":false,"template":"","format":"standard","meta":{"footnotes":""},"categories":[43,46],"tags":[],"class_list":["post-15094","post","type-post","status-publish","format-standard","has-post-thumbnail","hentry","category-logistika","category-vzdelani"],"_links":{"self":[{"href":"https:\/\/www.automakers.cz\/index.php?rest_route=\/wp\/v2\/posts\/15094","targetHints":{"allow":["GET"]}}],"collection":[{"href":"https:\/\/www.automakers.cz\/index.php?rest_route=\/wp\/v2\/posts"}],"about":[{"href":"https:\/\/www.automakers.cz\/index.php?rest_route=\/wp\/v2\/types\/post"}],"author":[{"embeddable":true,"href":"https:\/\/www.automakers.cz\/index.php?rest_route=\/wp\/v2\/users\/2"}],"replies":[{"embeddable":true,"href":"https:\/\/www.automakers.cz\/index.php?rest_route=%2Fwp%2Fv2%2Fcomments&post=15094"}],"version-history":[{"count":3,"href":"https:\/\/www.automakers.cz\/index.php?rest_route=\/wp\/v2\/posts\/15094\/revisions"}],"predecessor-version":[{"id":15101,"href":"https:\/\/www.automakers.cz\/index.php?rest_route=\/wp\/v2\/posts\/15094\/revisions\/15101"}],"wp:featuredmedia":[{"embeddable":true,"href":"https:\/\/www.automakers.cz\/index.php?rest_route=\/wp\/v2\/media\/15097"}],"wp:attachment":[{"href":"https:\/\/www.automakers.cz\/index.php?rest_route=%2Fwp%2Fv2%2Fmedia&parent=15094"}],"wp:term":[{"taxonomy":"category","embeddable":true,"href":"https:\/\/www.automakers.cz\/index.php?rest_route=%2Fwp%2Fv2%2Fcategories&post=15094"},{"taxonomy":"post_tag","embeddable":true,"href":"https:\/\/www.automakers.cz\/index.php?rest_route=%2Fwp%2Fv2%2Ftags&post=15094"}],"curies":[{"name":"wp","href":"https:\/\/api.w.org\/{rel}","templated":true}]}}