{"id":15110,"date":"2025-07-31T10:39:25","date_gmt":"2025-07-31T10:39:25","guid":{"rendered":"https:\/\/www.automakers.cz\/?p=15110"},"modified":"2025-07-31T10:57:17","modified_gmt":"2025-07-31T10:57:17","slug":"chery-posila-prvni-auta-do-cr-astana-stavi-importni-tym","status":"publish","type":"post","link":"https:\/\/www.automakers.cz\/?p=15110","title":{"rendered":"Chery pos\u00edl\u00e1 prvn\u00ed auta do \u010cR, Astana stav\u00ed importn\u00ed t\u00fdm"},"content":{"rendered":"<p><b><span lang=\"EN-US\">\u010c\u00ednsk\u00e1 automobilka Chery poslala prvn\u00ed z\u00e1silku vozidel do \u010cesk\u00e9 republiky. Jej\u00ed dovozce do \u010cR, kaza\u0161sk\u00e1 Astana, z\u00e1rove\u0148 up\u0159esnila mana\u017eersk\u00e9 obsazen\u00ed \u010desk\u00e9ho importu.\u00a0\u00a0<\/span><\/b><!--more--><\/p>\n<p>Vrcholov\u00ed mana\u017ee\u0159i Chery uspo\u0159\u00e1dali 30. \u010dervna v polsk\u00e9 Var\u0161av\u011b <strong>zahajovac\u00ed event na evropsk\u00e9m trhu<\/strong>. Pro akci zvolila ob\u0159\u00ed televizn\u00ed studio Polsatu na okraji Var\u0161avy a sezvala tam n\u011bkolik stovek novin\u00e1\u0159\u016f.<\/p>\n<p><img loading=\"lazy\" decoding=\"async\" class=\"alignnone size-medium wp-image-14399\" src=\"http:\/\/www.automakers.cz\/wp-content\/uploads\/2025\/07\/Chery-Zhang-tiskovka-Varsava-900x506.jpeg\" alt=\"\" width=\"900\" height=\"506\" srcset=\"https:\/\/www.automakers.cz\/wp-content\/uploads\/2025\/07\/Chery-Zhang-tiskovka-Varsava-900x506.jpeg 900w, https:\/\/www.automakers.cz\/wp-content\/uploads\/2025\/07\/Chery-Zhang-tiskovka-Varsava-1024x576.jpeg 1024w, https:\/\/www.automakers.cz\/wp-content\/uploads\/2025\/07\/Chery-Zhang-tiskovka-Varsava-768x432.jpeg 768w, https:\/\/www.automakers.cz\/wp-content\/uploads\/2025\/07\/Chery-Zhang-tiskovka-Varsava-1536x864.jpeg 1536w, https:\/\/www.automakers.cz\/wp-content\/uploads\/2025\/07\/Chery-Zhang-tiskovka-Varsava-1280x720.jpeg 1280w, https:\/\/www.automakers.cz\/wp-content\/uploads\/2025\/07\/Chery-Zhang-tiskovka-Varsava.jpeg 2048w\" sizes=\"auto, (max-width: 900px) 100vw, 900px\" \/>\u010casopis Automakers se na tiskov\u00e9 konferenci ptal na pl\u00e1ny automobilky pro \u010desk\u00fd trh. Automobilka se nedohodla na importu s <strong>AutoBinckem, pro n\u011bj byly po\u017eadavky \u010c\u00ed\u0148an\u016f na prvn\u00ed objedn\u00e1vky aut p\u0159\u00edli\u0161 intenzivn\u00ed.<\/strong><\/p>\n<figure id=\"attachment_14450\" aria-describedby=\"caption-attachment-14450\" style=\"width: 900px\" class=\"wp-caption alignnone\"><img loading=\"lazy\" decoding=\"async\" class=\"size-medium wp-image-14450\" src=\"http:\/\/www.automakers.cz\/wp-content\/uploads\/2025\/07\/Chery-TK-Cang-orez-900x503.jpg\" alt=\"\" width=\"900\" height=\"503\" srcset=\"https:\/\/www.automakers.cz\/wp-content\/uploads\/2025\/07\/Chery-TK-Cang-orez-900x503.jpg 900w, https:\/\/www.automakers.cz\/wp-content\/uploads\/2025\/07\/Chery-TK-Cang-orez-1024x572.jpg 1024w, https:\/\/www.automakers.cz\/wp-content\/uploads\/2025\/07\/Chery-TK-Cang-orez-768x429.jpg 768w, https:\/\/www.automakers.cz\/wp-content\/uploads\/2025\/07\/Chery-TK-Cang-orez-1536x859.jpg 1536w, https:\/\/www.automakers.cz\/wp-content\/uploads\/2025\/07\/Chery-TK-Cang-orez.jpg 1705w\" sizes=\"auto, (max-width: 900px) 100vw, 900px\" \/><figcaption id=\"caption-attachment-14450\" class=\"wp-caption-text\">Foto: Alena Hor\u00e1\u010dkov\u00e1<\/figcaption><\/figure>\n<p>Chery tak nakonec smlouvu podepsala s kaza\u0161skou <strong>Astanou.<\/strong> Ta za\u010dala v \u010dervnu rozes\u00edlat nab\u00eddky na spolupr\u00e1ci \u010desk\u00fdm dealer\u016fm a prvn\u00ed auta chce v tuzemsku prod\u00e1vat u\u017e v z\u00e1\u0159\u00ed.<\/p>\n<p><strong>Slo\u017een\u00ed import\u00e9rsk\u00e9ho t\u00fdmu Astany pro \u010cesko:<\/strong><\/p>\n<p><strong><span lang=\"EN-US\">Alex<\/span><span lang=\"EN-US\">\u00a0<\/span><span lang=\"EN-US\">Zhang<\/span><\/strong> je \u0159<span lang=\"EN-US\">editelem<\/span> <span lang=\"EN-US\">Chery<\/span><span lang=\"EN-US\">\u00a0<\/span><span lang=\"EN-US\">Czechia<\/span>,<\/p>\n<p style=\"text-align: left;\"><span lang=\"EN-US\">Mana\u017eerem prodejn\u00ed s\u00edt\u011b Chery Czechia bude <strong>Conan<\/strong><\/span><strong><span lang=\"EN-US\">\u00a0<\/span><\/strong><span lang=\"EN-US\"><strong>Ke<\/strong>,<\/span><\/p>\n<p style=\"text-align: left;\"><strong><span lang=\"EN-US\">Yicheng<\/span><span lang=\"EN-US\">\u00a0<\/span><\/strong><span lang=\"EN-US\"><strong>Liu<\/strong> byl jmenov\u00e1n <\/span><span lang=\"EN-US\">produktov<\/span>\u00fdm <span lang=\"EN-US\">mana<\/span>\u017e<span lang=\"EN-US\">erem<\/span> pro \u010cR<\/p>\n<p style=\"text-align: left;\"><strong><span lang=\"EN-US\">Gabriel<\/span><span lang=\"EN-US\">\u00a0<\/span><span lang=\"EN-US\">Wang<\/span><\/strong> je <span lang=\"EN-US\">mana<\/span>\u017e<span lang=\"EN-US\">er<\/span><span lang=\"EN-US\">\u00a0<\/span><span lang=\"EN-US\">zna<\/span>\u010d<span lang=\"EN-US\">ky v <\/span><span lang=\"EN-US\">Chery Czechia<\/span>)<\/p>\n<p>O PR z\u00e1le\u017eitosti se star\u00e1 agentura<strong> Fleishman a Hillard<\/strong>, se kterou Astana prodlou\u017eila smlouvu<\/p>\n<p><img loading=\"lazy\" decoding=\"async\" class=\"alignnone size-medium wp-image-15118\" src=\"http:\/\/www.automakers.cz\/wp-content\/uploads\/2025\/07\/Chery-Czechia-departure-ceremony_2-900x493.jpg\" alt=\"\" width=\"900\" height=\"493\" \/><strong><span lang=\"EN-US\">Slavnostn\u00ed odesl\u00e1n\u00ed prvn\u00edch aut z \u010c\u00edny do Prahy<\/span><\/strong><\/p>\n<p><span lang=\"EN-US\">\u010cervencov\u00e9ho nalod\u011bn\u00ed prvn\u00edch aut byl p\u0159\u00edtomen z\u00e1stupce vrcholov\u00e9ho veden\u00ed Chery <strong>Shaodong Zhu<\/strong> (gener\u00e1ln\u00ed \u0159editel zna\u010dky Chery, viceprezident spole\u010dnosti Chery International). Vozidla se na p\u0159\u00edstavn\u00ed plo\u0161e se\u0159adila do \u010desk\u00e9ho pozdravu <strong>AHOJ.<\/strong><\/span><\/p>\n<p><strong>Kde bude vlajkov\u00fd showroom?<\/strong><\/p>\n<p><span lang=\"EN-US\">Astana chce v z\u00e1\u0159\u00ed uv\u00e9st na \u010desk\u00fd trh modely <strong>TIGGO 7 a TIGGO 8<\/strong>. Maj\u00ed se objevit v prvn\u00edm vlajkov\u00e9m showroomu v Praze, kter\u00fd bude slou\u017eit jako z\u00e1\u017eitekov\u00e9 centrum zna\u010dky a \u0161kolic\u00ed z\u00e1zem\u00ed pro partnery. <\/span><\/p>\n<p><span lang=\"EN-US\">Chery pak chce vybudovat <strong>&#8222;rychle lokalizovanou prodejn\u00ed s\u00ed\u0165&#8220;.<\/strong><\/span><\/p>\n<p><img loading=\"lazy\" decoding=\"async\" class=\"alignnone size-medium wp-image-14406\" src=\"http:\/\/www.automakers.cz\/wp-content\/uploads\/2025\/07\/Chery-Tiggo-8-orez-900x666.jpg\" alt=\"\" width=\"900\" height=\"666\" srcset=\"https:\/\/www.automakers.cz\/wp-content\/uploads\/2025\/07\/Chery-Tiggo-8-orez-900x666.jpg 900w, https:\/\/www.automakers.cz\/wp-content\/uploads\/2025\/07\/Chery-Tiggo-8-orez-1024x758.jpg 1024w, https:\/\/www.automakers.cz\/wp-content\/uploads\/2025\/07\/Chery-Tiggo-8-orez-768x569.jpg 768w, https:\/\/www.automakers.cz\/wp-content\/uploads\/2025\/07\/Chery-Tiggo-8-orez-1536x1137.jpg 1536w, https:\/\/www.automakers.cz\/wp-content\/uploads\/2025\/07\/Chery-Tiggo-8-orez.jpg 1556w\" sizes=\"auto, (max-width: 900px) 100vw, 900px\" \/>Kde bude<strong> vlajkov\u00fd showroom<\/strong> st\u00e1t se Chery nepochlubila. Podle dostupn\u00fdch informac\u00ed by to mohlo p\u0159eci jen b\u00fdt v r\u00e1mci s\u00edt\u011b Autobincku.<\/p>\n<p><strong>Zdroj: Erich Handl, Var\u0161ava, TZ Chery, archiv a dal\u0161\u00ed zdroje<\/strong><\/p>\n<p><img loading=\"lazy\" decoding=\"async\" class=\"alignnone size-medium wp-image-14387\" src=\"http:\/\/www.automakers.cz\/wp-content\/uploads\/2025\/07\/Chery-Varsava-podium-900x506.jpg\" alt=\"\" width=\"900\" height=\"506\" srcset=\"https:\/\/www.automakers.cz\/wp-content\/uploads\/2025\/07\/Chery-Varsava-podium-900x506.jpg 900w, https:\/\/www.automakers.cz\/wp-content\/uploads\/2025\/07\/Chery-Varsava-podium-1024x576.jpg 1024w, https:\/\/www.automakers.cz\/wp-content\/uploads\/2025\/07\/Chery-Varsava-podium-768x432.jpg 768w, https:\/\/www.automakers.cz\/wp-content\/uploads\/2025\/07\/Chery-Varsava-podium-1536x864.jpg 1536w, https:\/\/www.automakers.cz\/wp-content\/uploads\/2025\/07\/Chery-Varsava-podium-1280x720.jpg 1280w, https:\/\/www.automakers.cz\/wp-content\/uploads\/2025\/07\/Chery-Varsava-podium.jpg 2048w\" sizes=\"auto, (max-width: 900px) 100vw, 900px\" \/><\/p>\n<p>&nbsp;<\/p>\n<p>&nbsp;<\/p>\n","protected":false},"excerpt":{"rendered":"<p>\u010c\u00ednsk\u00e1 automobilka Chery poslala prvn\u00ed z\u00e1silku vozidel do \u010cesk\u00e9 republiky. Jej\u00ed dovozce do \u010cR, kaza\u0161sk\u00e1&#8230;<\/p>\n","protected":false},"author":1,"featured_media":15117,"comment_status":"closed","ping_status":"closed","sticky":false,"template":"","format":"standard","meta":{"footnotes":""},"categories":[17,11,31,5],"tags":[],"class_list":["post-15110","post","type-post","status-publish","format-standard","has-post-thumbnail","hentry","category-dealeri","category-importeri","category-news","category-personalie"],"_links":{"self":[{"href":"https:\/\/www.automakers.cz\/index.php?rest_route=\/wp\/v2\/posts\/15110","targetHints":{"allow":["GET"]}}],"collection":[{"href":"https:\/\/www.automakers.cz\/index.php?rest_route=\/wp\/v2\/posts"}],"about":[{"href":"https:\/\/www.automakers.cz\/index.php?rest_route=\/wp\/v2\/types\/post"}],"author":[{"embeddable":true,"href":"https:\/\/www.automakers.cz\/index.php?rest_route=\/wp\/v2\/users\/1"}],"replies":[{"embeddable":true,"href":"https:\/\/www.automakers.cz\/index.php?rest_route=%2Fwp%2Fv2%2Fcomments&post=15110"}],"version-history":[{"count":9,"href":"https:\/\/www.automakers.cz\/index.php?rest_route=\/wp\/v2\/posts\/15110\/revisions"}],"predecessor-version":[{"id":15121,"href":"https:\/\/www.automakers.cz\/index.php?rest_route=\/wp\/v2\/posts\/15110\/revisions\/15121"}],"wp:featuredmedia":[{"embeddable":true,"href":"https:\/\/www.automakers.cz\/index.php?rest_route=\/wp\/v2\/media\/15117"}],"wp:attachment":[{"href":"https:\/\/www.automakers.cz\/index.php?rest_route=%2Fwp%2Fv2%2Fmedia&parent=15110"}],"wp:term":[{"taxonomy":"category","embeddable":true,"href":"https:\/\/www.automakers.cz\/index.php?rest_route=%2Fwp%2Fv2%2Fcategories&post=15110"},{"taxonomy":"post_tag","embeddable":true,"href":"https:\/\/www.automakers.cz\/index.php?rest_route=%2Fwp%2Fv2%2Ftags&post=15110"}],"curies":[{"name":"wp","href":"https:\/\/api.w.org\/{rel}","templated":true}]}}