{"id":15134,"date":"2025-08-01T06:58:15","date_gmt":"2025-08-01T06:58:15","guid":{"rendered":"https:\/\/www.automakers.cz\/?p=15134"},"modified":"2025-08-01T06:58:15","modified_gmt":"2025-08-01T06:58:15","slug":"evropa-hlasi-rust-prodeje-elektrickych-luv","status":"publish","type":"post","link":"https:\/\/www.automakers.cz\/?p=15134","title":{"rendered":"Evropa hl\u00e1s\u00ed r\u016fst prodeje elektrick\u00fdch LUV"},"content":{"rendered":"<div>\n<p><strong>V prvn\u00ed polovin\u011b roku 2025 zaznamenal trh s nov\u00fdmi u\u017eitkov\u00fdmi elektromobily v Evropsk\u00e9 unii r\u016fst ve v\u0161ech kl\u00ed\u010dov\u00fdch segmentech. Lehk\u00e9 u\u017eitkov\u00e9 elektromobily s n\u00e1r\u016fstem o 42,1 % dos\u00e1hly celkem 68 966 registrovan\u00fdch vozidel a tr\u017en\u00edho pod\u00edlu 9,5 %.<\/strong><\/p>\n<p>Po\u010det nov\u011b registrovan\u00fdch elektrick\u00fdch n\u00e1kladn\u00edch vozidel vzrostl o 46,1 % na 5 568 kus\u016f, co\u017e p\u0159edstavuje tr\u017en\u00ed pod\u00edl 3,6 % a dod\u00e1vky nov\u00fdch elektrobus\u016f se zv\u00fd\u0161ily o 26,1 % na 3 915 vozidel, s tr\u017en\u00edm pod\u00edlem 21,6 %. V \u010cesku bylo registrov\u00e1no 652 nov\u00fdch lehk\u00fdch u\u017eitkov\u00fdch elektromobil\u016f, 57 elektrick\u00fdch n\u00e1kladn\u00edch vozidel a 14 elektrobus\u016f, vypl\u00fdv\u00e1 z aktualizovan\u00fdch informac\u00ed webu <a title=\"\u010cist\u00e1 doprava\" href=\"https:\/\/go.sparkpostmail2.com\/f\/a\/yUTn5_MBN_NQWwFZTxle9w~~\/AAA-fBA~\/wPI0vU3-7rQ-qtdsBIYou1pMadU-vvATZHPRLWtZj7q_WJnpxob-cLDTlll4bzd9-FgJS1ESEcQ_jGZ7fQvDAMTz4JS9cRZEuWDSwpqb-tpicv7TPDIfYEbWUw-2GMrm\" target=\"_blank\" rel=\"noopener noreferrer\">cistadoprava.cz<\/a>, kter\u00e9 vych\u00e1zej\u00ed ze zdrojov\u00fdch dat\u00a0<a title=\"Evropsk\u00e9 sdru\u017een\u00ed v\u00fdrobc\u016f automobil\u016f\" href=\"https:\/\/go.sparkpostmail2.com\/f\/a\/9Do1o6puLPn4eNHBk3f2HQ~~\/AAA-fBA~\/2y0cBb47dTN0g1McOuHrUTA36YG9YX7NDGiQqaXaT3XmrndSWB0fu3npYuAxfZAYD6T6Z1HvHz0GZplrqqGEj09XBndbLr4uMxQo9-gQiRBHRU02Yq3jJaiKiPDdR6uAvgOUq0Aaqi6V5lsLUgldXd2Ok2JZuASdt-9gUUXwGZU~\" target=\"_blank\" rel=\"noopener noreferrer\">Evropsk\u00e9ho sdru\u017een\u00ed v\u00fdrobc\u016f automobil\u016f<\/a>.<\/p>\n<p><img loading=\"lazy\" decoding=\"async\" class=\"alignnone size-medium wp-image-15139\" src=\"http:\/\/www.automakers.cz\/wp-content\/uploads\/2025\/08\/EU-eNA-1-6-2025-graf-900x513.png\" alt=\"\" width=\"900\" height=\"513\" srcset=\"https:\/\/www.automakers.cz\/wp-content\/uploads\/2025\/08\/EU-eNA-1-6-2025-graf-900x513.png 900w, https:\/\/www.automakers.cz\/wp-content\/uploads\/2025\/08\/EU-eNA-1-6-2025-graf-1024x583.png 1024w, https:\/\/www.automakers.cz\/wp-content\/uploads\/2025\/08\/EU-eNA-1-6-2025-graf-768x438.png 768w, https:\/\/www.automakers.cz\/wp-content\/uploads\/2025\/08\/EU-eNA-1-6-2025-graf.png 1225w\" sizes=\"auto, (max-width: 900px) 100vw, 900px\" \/><em><strong>\u201ePo\u010det nov\u011b registrovan\u00fdch bateriov\u00fdch elektrick\u00fdch vozidel (BEV) v segmentu lehk\u00fdch u\u017eitkov\u00fdch vozidel v leto\u0161n\u00edm roce v \u010cesk\u00e9 republice v\u00fdznamn\u011b narostl \u2013 za prvn\u00ed pololet\u00ed jich bylo registrov\u00e1no 652, co\u017e je prakticky trojn\u00e1sobek oproti stejn\u00e9mu obdob\u00ed lo\u0148sk\u00e9ho roku,\u201c<\/strong><\/em>\u00a0uv\u00e1d\u00ed Jind\u0159ich Fri\u010d, \u0159editel Centra dopravn\u00edho v\u00fdzkumu (CDV) a dod\u00e1v\u00e1:<\/p>\n<p><strong><em>\u201eObdobn\u00fd trend, by\u0165 v absolutn\u00edch \u010d\u00edslech zat\u00edm m\u00e9n\u011b v\u00fdrazn\u00fd, pozorujeme i u n\u00e1kladn\u00edch vozidel, kde bylo za stejn\u00e9 obdob\u00ed registrov\u00e1no 57 BEV, oproti 8 vloni.<\/em>\u00a0<\/strong><em>Mezi zna\u010dkami si letos u lehk\u00fdch u\u017eitkov\u00fdch vozidel p\u0159ipsaly nejv\u00edce registrac\u00ed Maxus (177 registrac\u00ed), Mercedes-Benz (101), Toyota a Renault. V n\u00e1kladn\u00edm segmentu pak dominuje Mercedes-Benz s 33 registracemi, n\u00e1sledovan\u00fd zna\u010dkami Fuso a Toyota.\u201c<\/em><\/p>\n<p><img loading=\"lazy\" decoding=\"async\" class=\"alignnone size-medium wp-image-15138\" src=\"http:\/\/www.automakers.cz\/wp-content\/uploads\/2025\/08\/EU-eLUV-1-6-2025-graf-900x527.png\" alt=\"\" width=\"900\" height=\"527\" srcset=\"https:\/\/www.automakers.cz\/wp-content\/uploads\/2025\/08\/EU-eLUV-1-6-2025-graf-900x527.png 900w, https:\/\/www.automakers.cz\/wp-content\/uploads\/2025\/08\/EU-eLUV-1-6-2025-graf-1024x599.png 1024w, https:\/\/www.automakers.cz\/wp-content\/uploads\/2025\/08\/EU-eLUV-1-6-2025-graf-768x449.png 768w, https:\/\/www.automakers.cz\/wp-content\/uploads\/2025\/08\/EU-eLUV-1-6-2025-graf.png 1229w\" sizes=\"auto, (max-width: 900px) 100vw, 900px\" \/><\/p>\n<\/div>\n<p><!--more--><\/p>\n<div>\n<p>&nbsp;<\/p>\n<\/div>\n","protected":false},"excerpt":{"rendered":"<p>V prvn\u00ed polovin\u011b roku 2025 zaznamenal trh s nov\u00fdmi u\u017eitkov\u00fdmi elektromobily v Evropsk\u00e9 unii r\u016fst&#8230;<\/p>\n","protected":false},"author":1,"featured_media":15137,"comment_status":"closed","ping_status":"closed","sticky":false,"template":"","format":"standard","meta":{"footnotes":""},"categories":[31,48,10],"tags":[],"class_list":["post-15134","post","type-post","status-publish","format-standard","has-post-thumbnail","hentry","category-news","category-registrace","category-statistika"],"_links":{"self":[{"href":"https:\/\/www.automakers.cz\/index.php?rest_route=\/wp\/v2\/posts\/15134","targetHints":{"allow":["GET"]}}],"collection":[{"href":"https:\/\/www.automakers.cz\/index.php?rest_route=\/wp\/v2\/posts"}],"about":[{"href":"https:\/\/www.automakers.cz\/index.php?rest_route=\/wp\/v2\/types\/post"}],"author":[{"embeddable":true,"href":"https:\/\/www.automakers.cz\/index.php?rest_route=\/wp\/v2\/users\/1"}],"replies":[{"embeddable":true,"href":"https:\/\/www.automakers.cz\/index.php?rest_route=%2Fwp%2Fv2%2Fcomments&post=15134"}],"version-history":[{"count":4,"href":"https:\/\/www.automakers.cz\/index.php?rest_route=\/wp\/v2\/posts\/15134\/revisions"}],"predecessor-version":[{"id":15141,"href":"https:\/\/www.automakers.cz\/index.php?rest_route=\/wp\/v2\/posts\/15134\/revisions\/15141"}],"wp:featuredmedia":[{"embeddable":true,"href":"https:\/\/www.automakers.cz\/index.php?rest_route=\/wp\/v2\/media\/15137"}],"wp:attachment":[{"href":"https:\/\/www.automakers.cz\/index.php?rest_route=%2Fwp%2Fv2%2Fmedia&parent=15134"}],"wp:term":[{"taxonomy":"category","embeddable":true,"href":"https:\/\/www.automakers.cz\/index.php?rest_route=%2Fwp%2Fv2%2Fcategories&post=15134"},{"taxonomy":"post_tag","embeddable":true,"href":"https:\/\/www.automakers.cz\/index.php?rest_route=%2Fwp%2Fv2%2Ftags&post=15134"}],"curies":[{"name":"wp","href":"https:\/\/api.w.org\/{rel}","templated":true}]}}