{"id":15158,"date":"2025-08-04T06:45:42","date_gmt":"2025-08-04T06:45:42","guid":{"rendered":"https:\/\/www.automakers.cz\/?p=15158"},"modified":"2025-08-04T06:45:42","modified_gmt":"2025-08-04T06:45:42","slug":"kia-bodovala-v-red-dot-award","status":"publish","type":"post","link":"https:\/\/www.automakers.cz\/?p=15158","title":{"rendered":"Kia bodovala v Red Dot Award"},"content":{"rendered":"<p><strong>Kia z\u00edskala v sout\u011b\u017ei Red Dot Award: Design Concept 2025 celkem p\u011bt ocen\u011bn\u00ed. Nejvy\u0161\u0161\u00ed pocty se do\u010dkal outdoorov\u00fd PV5 WKNDR Concept, kter\u00fd obdr\u017eel titul \u201eBest of the Best\u201c. Dal\u0161\u00ed \u010dty\u0159i studie \u2013 PV1, PV5, PV7 a EV2 \u2013 usp\u011bly v kategorii Automobily a motocykly.<\/strong><!--more--><\/p>\n<p>\u201eZisk p\u011bti ocen\u011bn\u00ed Red Dot Design Concept v\u010detn\u011b titulu \u201aBest of the Best\u2018 je okam\u017eikem, na n\u011bj\u017e mohou b\u00fdt v\u0161ichni v Kia hrd\u00ed,\u201c komentoval Karim Habib, v\u00fdkonn\u00fd viceprezident a \u0161\u00e9f glob\u00e1ln\u00edho designu Kia. \u201eZ\u00edskat uzn\u00e1n\u00ed na jedn\u00e9 z nejpresti\u017en\u011bj\u0161\u00edch sv\u011btov\u00fdch designov\u00fdch sout\u011b\u017e\u00ed je nepopsateln\u00fd \u00fasp\u011bchem, kter\u00fd odr\u00e1\u017e\u00ed promy\u0161len\u00e9 inovace a odhodl\u00e1n\u00ed, n\u00e1mi vkl\u00e1dan\u00e9 do ka\u017ed\u00e9ho z navrhovan\u00fdch model\u016f. Budeme se sna\u017eit na tomto impulsu stav\u011bt v na\u0161ich snah\u00e1ch o utv\u00e1\u0159en\u00ed budoucnosti udr\u017eiteln\u00e9 a dostupn\u00e9 mobility.\u201c<\/p>\n<p><strong>Kia PV5 WKNDR Concept \u2013 outdoorov\u00fd pr\u016fkopn\u00edk elektrifikovan\u00e9ho \u017eivotn\u00edho stylu <\/strong><\/p>\n<p>Kia PV5 WKNDR Concept je van v outdoorov\u00e9m stylu s elektrick\u00fdm pohonem, postaven\u00fd na platform\u011b \u201ePlatform Beyond Vehicle\u201c (PBV), kter\u00e1 se poprv\u00e9 p\u0159edstavila na veletrhu SEMA Showcase 2024. V\u016fz navr\u017een\u00fd tak, aby zvl\u00e1dal n\u00e1strahy m\u011bsta i nevl\u00eddn\u00fd ter\u00e9n, nab\u00edz\u00ed nov\u00e9 \u0159e\u0161en\u00ed pro udr\u017eiteln\u00fd \u017eivotn\u00ed styl.<\/p>\n<p>D\u00edky vylep\u0161en\u00edm pro ter\u00e9nn\u00ed j\u00edzdu a extern\u00edmu \u00falo\u017en\u00e9mu prostoru \u2013 kter\u00fd lze uspo\u0159\u00e1dat i jako mobiln\u00ed kuchy\u0148 \u2013 je PV5 WKNDR Concept spole\u010dn\u00edkem pro v\u00fdpravy za m\u011bsto. P\u0159izp\u016fsobitelnou modul\u00e1rn\u00ed kabinu je d\u00e1le mo\u017en\u00e9 jednodu\u0161e upravovat podle po\u017eadavk\u016f na prostor i funk\u010dnost.<\/p>\n<p>O energetickou sob\u011bsta\u010dnost se staraj\u00ed integrovan\u00e9 fotovoltaick\u00e9 panely a vodn\u00ed turb\u00edna, zat\u00edmco syst\u00e9m kolejni\u010dek v interi\u00e9ru zaru\u010duje uspo\u0159\u00e1danost a snadn\u00fd p\u0159\u00edstup k ve\u0161ker\u00e9mu vybaven\u00ed.<\/p>\n<p><img loading=\"lazy\" decoding=\"async\" class=\"alignnone size-medium wp-image-15160\" src=\"http:\/\/www.automakers.cz\/wp-content\/uploads\/2025\/08\/Photo-2-Kia-Concept-PV1-PV5-PV7-900x507.png\" alt=\"\" width=\"900\" height=\"507\" srcset=\"https:\/\/www.automakers.cz\/wp-content\/uploads\/2025\/08\/Photo-2-Kia-Concept-PV1-PV5-PV7-900x507.png 900w, https:\/\/www.automakers.cz\/wp-content\/uploads\/2025\/08\/Photo-2-Kia-Concept-PV1-PV5-PV7-768x432.png 768w, https:\/\/www.automakers.cz\/wp-content\/uploads\/2025\/08\/Photo-2-Kia-Concept-PV1-PV5-PV7.png 1000w\" sizes=\"auto, (max-width: 900px) 100vw, 900px\" \/><\/p>\n<p><strong>Koncep\u010dn\u00ed modely vozidel PBV a elektromobil\u016f Kia odr\u00e1\u017eej\u00ed vizi u\u017eivatelsky zam\u011b\u0159en\u00e9 mobility<\/strong><\/p>\n<p>Ocen\u011bn\u00ed Red Dot vedle studie PV5 WKNDR obdr\u017eely dal\u0161\u00ed \u010dty\u0159i modely Kia pro jejich pokrokov\u00fd a u\u017eivatelsky zam\u011b\u0159en\u00fd design.<\/p>\n<p>PV1 Concept je ultra kompaktn\u00ed model PBV. D\u00edky sv\u00e9mu \u0161t\u00edhl\u00e9mu profilu, podpo\u0159e autonomn\u00edho \u0159\u00edzen\u00ed a intuitivn\u011b p\u0159izp\u016fsobiteln\u00e9mu interi\u00e9ru je vhodn\u00fd k propl\u00e9t\u00e1n\u00ed se m\u011bstsk\u00fdmi ulicemi.<\/p>\n<p>Ji\u017e dnes je k dispozici st\u0159edn\u011b velk\u00e9 PBV s ozna\u010den\u00edm PV5, postaven\u00e9 pro \u00fa\u010dely logistiky i osobn\u00ed dopravy. Nab\u00edz\u00ed nejr\u016fzn\u011bj\u0161\u00ed mo\u017enosti vnit\u0159n\u00edho uspo\u0159\u00e1d\u00e1n\u00ed v\u010detn\u011b koncepce pracovi\u0161t\u011b \u201eDriver\u2019s Desk\u201c a mo\u017enosti nakonfigurovat sedadla s ohledem na r\u016fznorod\u00e9 pot\u0159eby z\u00e1kazn\u00edk\u016f.<\/p>\n<p>Na druh\u00e9 stran\u011b PV7 Concept disponuje nejv\u011bt\u0161\u00edm n\u00e1kladov\u00fdm prostorem v r\u00e1mci modelov\u00e9 nab\u00eddky PBV zna\u010dky Kia. Rovn\u011b\u017e nab\u00edz\u00ed interi\u00e9r s plochou podlahou, uspo\u0159\u00e1d\u00e1n\u00ed mobiln\u00ed kancel\u00e1\u0159e a integrovan\u00e1 \u0159e\u0161en\u00ed pro ukl\u00e1d\u00e1n\u00ed v\u011bc\u00ed.<\/p>\n<p>A v neposledn\u00ed \u0159ad\u011b EV2 Concept je kompaktn\u00ed elektrick\u00e9 SUV v segmentu B, spojuj\u00edc\u00ed robustnost, praktick\u00e9 proporce a pokro\u010dilou technologii elektrick\u00e9ho pohonu. D\u00edky konstrukci bez bo\u010dn\u00edch sloupk\u016f a konfigurovateln\u00e9mu interi\u00e9ru se dok\u00e1\u017ee hladce p\u0159izp\u016fsobit nejr\u016fzn\u011bj\u0161\u00edm form\u00e1m \u017eivotn\u00edho stylu.<\/p>\n<p><strong>Potvrzen\u00ed spr\u00e1vnosti designov\u00e9 filozofie \u201eSpojen\u00e9 protiklady\u201c zna\u010dky Kia <\/strong><\/p>\n<p>Nejnov\u011bj\u0161\u00ed uzn\u00e1n\u00ed podtrhuje \u00fasp\u011bch designov\u00e9 filozofie \u201eSpojen\u00e9 protiklady\u201c zna\u010dky Kia, spojuj\u00edc\u00ed protikladn\u00e9 koncepce \u2013 jako jsou technologie a p\u0159\u00edroda, nebo nap\u0159. prakti\u010dnost a emoce \u2013 s c\u00edlem nab\u00edzet udr\u017eiteln\u00e1 a u\u017eivatelsky zam\u011b\u0159en\u00e1 \u0159e\u0161en\u00ed mobility.<\/p>\n<p><img loading=\"lazy\" decoding=\"async\" class=\"alignnone size-medium wp-image-15161\" src=\"http:\/\/www.automakers.cz\/wp-content\/uploads\/2025\/08\/Photo-4-Kia-EV2-Concept-900x507.png\" alt=\"\" width=\"900\" height=\"507\" srcset=\"https:\/\/www.automakers.cz\/wp-content\/uploads\/2025\/08\/Photo-4-Kia-EV2-Concept-900x507.png 900w, https:\/\/www.automakers.cz\/wp-content\/uploads\/2025\/08\/Photo-4-Kia-EV2-Concept-768x432.png 768w, https:\/\/www.automakers.cz\/wp-content\/uploads\/2025\/08\/Photo-4-Kia-EV2-Concept.png 1000w\" sizes=\"auto, (max-width: 900px) 100vw, 900px\" \/><\/p>\n","protected":false},"excerpt":{"rendered":"<p>Kia z\u00edskala v sout\u011b\u017ei Red Dot Award: Design Concept 2025 celkem p\u011bt ocen\u011bn\u00ed. Nejvy\u0161\u0161\u00ed pocty&#8230;<\/p>\n","protected":false},"author":2,"featured_media":15159,"comment_status":"closed","ping_status":"closed","sticky":false,"template":"","format":"standard","meta":{"footnotes":""},"categories":[32,13,9,53],"tags":[],"class_list":["post-15158","post","type-post","status-publish","format-standard","has-post-thumbnail","hentry","category-ankety","category-design","category-elektromobily","category-vysledky"],"_links":{"self":[{"href":"https:\/\/www.automakers.cz\/index.php?rest_route=\/wp\/v2\/posts\/15158","targetHints":{"allow":["GET"]}}],"collection":[{"href":"https:\/\/www.automakers.cz\/index.php?rest_route=\/wp\/v2\/posts"}],"about":[{"href":"https:\/\/www.automakers.cz\/index.php?rest_route=\/wp\/v2\/types\/post"}],"author":[{"embeddable":true,"href":"https:\/\/www.automakers.cz\/index.php?rest_route=\/wp\/v2\/users\/2"}],"replies":[{"embeddable":true,"href":"https:\/\/www.automakers.cz\/index.php?rest_route=%2Fwp%2Fv2%2Fcomments&post=15158"}],"version-history":[{"count":3,"href":"https:\/\/www.automakers.cz\/index.php?rest_route=\/wp\/v2\/posts\/15158\/revisions"}],"predecessor-version":[{"id":15166,"href":"https:\/\/www.automakers.cz\/index.php?rest_route=\/wp\/v2\/posts\/15158\/revisions\/15166"}],"wp:featuredmedia":[{"embeddable":true,"href":"https:\/\/www.automakers.cz\/index.php?rest_route=\/wp\/v2\/media\/15159"}],"wp:attachment":[{"href":"https:\/\/www.automakers.cz\/index.php?rest_route=%2Fwp%2Fv2%2Fmedia&parent=15158"}],"wp:term":[{"taxonomy":"category","embeddable":true,"href":"https:\/\/www.automakers.cz\/index.php?rest_route=%2Fwp%2Fv2%2Fcategories&post=15158"},{"taxonomy":"post_tag","embeddable":true,"href":"https:\/\/www.automakers.cz\/index.php?rest_route=%2Fwp%2Fv2%2Ftags&post=15158"}],"curies":[{"name":"wp","href":"https:\/\/api.w.org\/{rel}","templated":true}]}}