{"id":15164,"date":"2025-08-04T07:14:22","date_gmt":"2025-08-04T07:14:22","guid":{"rendered":"https:\/\/www.automakers.cz\/?p=15164"},"modified":"2025-08-04T08:56:32","modified_gmt":"2025-08-04T08:56:32","slug":"sda-zacal-chystat-anketu-auto-roku-2026","status":"publish","type":"post","link":"https:\/\/www.automakers.cz\/?p=15164","title":{"rendered":"SDA za\u010dal chystat anketu Auto roku 2026"},"content":{"rendered":"<p><strong>Poprv\u00e9 se letos se\u0161la pracovn\u00ed skupina SDA pro p\u0159\u00edpravu ankety Auto roku 2026 v \u010cR. V centr\u00e1le svazu na Kub\u00e1nsk\u00e9m n\u00e1m\u011bst\u00ed se projedn\u00e1valy n\u00e1vrhy na slo\u017een\u00ed odborn\u00e9 poroty, term\u00edn\u016f leto\u0161n\u00edch testovac\u00edch j\u00edzd a lokaci pro vyhl\u00e1\u0161en\u00ed v\u00edt\u011bze na za\u010d\u00e1tku roku p\u0159\u00ed\u0161t\u00edho. <\/strong><span id=\"more-4201\"><\/span><!--more--><\/p>\n<p>Technick\u00e9 z\u00e1le\u017eitosti op\u011bt p\u0159ipravuje pracovn\u00ed skupina slo\u017een\u00e1 ze \u010dlen\u016f sekretari\u00e1tu SDA a z\u00e1stupc\u016f novin\u00e1\u0159sk\u00fdch klub\u016f.<\/p>\n<p><strong>Porota s 20 tradi\u010dn\u00edmi \u010dleny\u00a0<\/strong><\/p>\n<p>Slo\u017een\u00ed poroty by se nem\u011blo z\u00e1sadn\u011b li\u0161it od lo\u0148sk\u00e9ho ro\u010dn\u00edku ve kter\u00e9m 20 \u010desk\u00fdch motoristick\u00fdch novin\u00e1\u0159\u016f zvolilo Autem roku 2024 Mercedes-Benz T\u0159\u00eddy G.<\/p>\n<p>&#8222;Mezi lo\u0148sk\u00fdmi porotci jsme nejsou \u017e\u00e1dn\u00e9 zm\u011bny pozic \u010di m\u00e9di\u00ed,&#8220; informoval pracovn\u00ed skupinu deleg\u00e1t Klubu motoristick\u00fdch novin\u00e1\u0159\u016f<strong> Karel Ber\u00e1nek.<\/strong> Pracovn\u00ed skupina tak p\u0159edlo\u017e\u00ed p\u0159edb\u011b\u017en\u00fd n\u00e1vrh slo\u017een\u00ed poroty, kter\u00fd odpov\u00edd\u00e1 jej\u00edmu lo\u0148sk\u00e9mu obsazen\u00ed.<\/p>\n<p><strong>Dvoukolov\u00fd syst\u00e9m volby<\/strong><\/p>\n<p>Syst\u00e9m volby bude op\u011bt kop\u00edrovat model volby evropsk\u00e9ho Auta roku, kter\u00e9 rovn\u011b\u017e vol\u00ed v\u00fdhradn\u011b odborn\u00e1 porota ve dvoukolov\u00e9m re\u017eimu. N\u00e1vrh term\u00edn\u016f testovac\u00edch j\u00edzd po\u010d\u00edt\u00e1 s uzav\u0159en\u00edm nominac\u00ed a prvn\u00edm kolem testovac\u00edch j\u00edzd<strong> 26. listopadu a anketa by d\u00e1le m\u011bla pokra\u010dovat a\u017e do \u00fanorov\u00e9ho vyhl\u00e1\u0161en\u00ed v\u00edt\u011bze.\u00a0<\/strong><\/p>\n<p><img loading=\"lazy\" decoding=\"async\" class=\"alignnone size-medium wp-image-1050\" src=\"http:\/\/www.automakers.cz\/wp-content\/uploads\/2023\/12\/Chvalska-tvrz-Auto-roku-2024-skupina-900x505.jpg\" alt=\"\" width=\"900\" height=\"505\" \/><strong>Nominace aut a\u017e do listopadu<\/strong><\/p>\n<p>&#8222;Novinky mohou import\u00e9\u0159i do ankety p\u0159ihla\u0161ovat a\u017e do listopadov\u00e9ho zah\u00e1jen\u00ed prvn\u00edho kola hlasov\u00e1n\u00ed,&#8220; upozornil <strong>tajemn\u00edk svazu Josef Pokorn\u00fd.<\/strong><\/p>\n<p>Porotci budou tyto kandid\u00e1tsk\u00e9 vozy\u00a0 ve sv\u00e9 volb\u011b op\u011bt zohled\u0148ovat celou \u0159adu atribut\u016f \u2013 technick\u00e9 inovace a technologickou vysp\u011blost vozu, bezpe\u010dnost, vliv na \u017eivotn\u00ed prost\u0159ed\u00ed a hospod\u00e1rnost provozu, j\u00edzdn\u00ed vlastnosti, pom\u011br hodnoty a ceny, design, komfort nebo v\u00fdkonnost.<\/p>\n<p><strong>Kategorie PR mana\u017eer roku 2025 a S\u00ed\u0148 sl\u00e1vy<\/strong><\/p>\n<p>Vedlej\u0161\u00ed kategori\u00ed ankety bude op\u011bt volba nejlep\u0161\u00edho <strong>PR mana\u017eera roku 2025.<\/strong> V r\u00e1mci vyhl\u00e1\u0161en\u00ed ankety budou op\u011bt uvedeny dal\u0161\u00ed osobnosti do <strong>S\u00edn\u011b sl\u00e1vy SDA. <\/strong><\/p>\n<p><img loading=\"lazy\" decoding=\"async\" class=\"alignnone size-medium wp-image-10753\" src=\"http:\/\/www.automakers.cz\/wp-content\/uploads\/2025\/02\/PR-roku-Handl-Hejral-Busta-900x506.jpg\" alt=\"\" width=\"900\" height=\"506\" srcset=\"https:\/\/www.automakers.cz\/wp-content\/uploads\/2025\/02\/PR-roku-Handl-Hejral-Busta-900x506.jpg 900w, https:\/\/www.automakers.cz\/wp-content\/uploads\/2025\/02\/PR-roku-Handl-Hejral-Busta-1024x576.jpg 1024w, https:\/\/www.automakers.cz\/wp-content\/uploads\/2025\/02\/PR-roku-Handl-Hejral-Busta-768x432.jpg 768w, https:\/\/www.automakers.cz\/wp-content\/uploads\/2025\/02\/PR-roku-Handl-Hejral-Busta-1536x864.jpg 1536w, https:\/\/www.automakers.cz\/wp-content\/uploads\/2025\/02\/PR-roku-Handl-Hejral-Busta-1280x720.jpg 1280w, https:\/\/www.automakers.cz\/wp-content\/uploads\/2025\/02\/PR-roku-Handl-Hejral-Busta.jpg 1600w\" sizes=\"auto, (max-width: 900px) 100vw, 900px\" \/>Leto\u0161n\u00ed ro\u010dn\u00edk ankety m\u011bl fin\u00e1ln\u00ed gala v pra\u017esk\u00e9m hotelu Towers, svaz za\u010d\u00edn\u00e1 pro ro\u010dn\u00edk p\u0159\u00ed\u0161t\u00ed<strong> hledat vhodnou lokaci<\/strong> pro fin\u00e1ln\u00ed gala.<\/p>\n<p><strong>Erich Handl, Vr\u0161ovice<\/strong><\/p>\n<p><img loading=\"lazy\" decoding=\"async\" class=\"alignnone size-medium wp-image-10899\" src=\"http:\/\/www.automakers.cz\/wp-content\/uploads\/2025\/02\/Auto-roku-2025-sal-900x600.jpg\" alt=\"\" width=\"900\" height=\"600\" \/><\/p>\n<p class=\"xmprfx_MsoNormal\"><span lang=\"CS\">\u00a0<\/span><\/p>\n","protected":false},"excerpt":{"rendered":"<p>Poprv\u00e9 se letos se\u0161la pracovn\u00ed skupina SDA pro p\u0159\u00edpravu ankety Auto roku 2026 v \u010cR&#8230;.<\/p>\n","protected":false},"author":1,"featured_media":15171,"comment_status":"closed","ping_status":"closed","sticky":false,"template":"","format":"standard","meta":{"footnotes":""},"categories":[32,11,27],"tags":[],"class_list":["post-15164","post","type-post","status-publish","format-standard","has-post-thumbnail","hentry","category-ankety","category-importeri","category-novinari"],"_links":{"self":[{"href":"https:\/\/www.automakers.cz\/index.php?rest_route=\/wp\/v2\/posts\/15164","targetHints":{"allow":["GET"]}}],"collection":[{"href":"https:\/\/www.automakers.cz\/index.php?rest_route=\/wp\/v2\/posts"}],"about":[{"href":"https:\/\/www.automakers.cz\/index.php?rest_route=\/wp\/v2\/types\/post"}],"author":[{"embeddable":true,"href":"https:\/\/www.automakers.cz\/index.php?rest_route=\/wp\/v2\/users\/1"}],"replies":[{"embeddable":true,"href":"https:\/\/www.automakers.cz\/index.php?rest_route=%2Fwp%2Fv2%2Fcomments&post=15164"}],"version-history":[{"count":14,"href":"https:\/\/www.automakers.cz\/index.php?rest_route=\/wp\/v2\/posts\/15164\/revisions"}],"predecessor-version":[{"id":15191,"href":"https:\/\/www.automakers.cz\/index.php?rest_route=\/wp\/v2\/posts\/15164\/revisions\/15191"}],"wp:featuredmedia":[{"embeddable":true,"href":"https:\/\/www.automakers.cz\/index.php?rest_route=\/wp\/v2\/media\/15171"}],"wp:attachment":[{"href":"https:\/\/www.automakers.cz\/index.php?rest_route=%2Fwp%2Fv2%2Fmedia&parent=15164"}],"wp:term":[{"taxonomy":"category","embeddable":true,"href":"https:\/\/www.automakers.cz\/index.php?rest_route=%2Fwp%2Fv2%2Fcategories&post=15164"},{"taxonomy":"post_tag","embeddable":true,"href":"https:\/\/www.automakers.cz\/index.php?rest_route=%2Fwp%2Fv2%2Ftags&post=15164"}],"curies":[{"name":"wp","href":"https:\/\/api.w.org\/{rel}","templated":true}]}}