{"id":15204,"date":"2025-08-05T06:29:25","date_gmt":"2025-08-05T06:29:25","guid":{"rendered":"https:\/\/www.automakers.cz\/?p=15204"},"modified":"2025-08-05T08:08:26","modified_gmt":"2025-08-05T08:08:26","slug":"digiteq-automotive-meni-reditele","status":"publish","type":"post","link":"https:\/\/www.automakers.cz\/?p=15204","title":{"rendered":"Digiteq Automotive m\u011bn\u00ed \u0159editele"},"content":{"rendered":"<p><strong>Digiteq Automotive, \u010desk\u00fd v\u00fdvoj\u00e1\u0159 softwarov\u00fdch \u0159e\u0161en\u00ed pro mobilitu budoucnosti a \u010dlen koncernu Volkswagen, jmenoval Dr. Marca J\u00e4hnische do funkce gener\u00e1ln\u00edho \u0159editele s \u00fa\u010dinnost\u00ed od 1. srpna 2025. Ve veden\u00ed nahradil Wilhelma Schmitta, kter\u00fd vedl spole\u010dnost od \u010dervence 2021.<\/strong><!--more--><\/p>\n<p>Dr. J\u00e4hnisch m\u00e1 v\u00edce ne\u017e 20 let zku\u0161enost\u00ed s v\u00fdvojem softwaru pro automotive, zejm\u00e9na v oblasti pokro\u010dil\u00fdch asisten\u010dn\u00ed syst\u00e9m\u016f \u0159idi\u010de (ADAS), automatizovan\u00e9ho \u0159\u00edzen\u00ed a technologick\u00fdch platforem pro softwarov\u011b definovan\u00e1 vozidla. P\u0159ed p\u0159\u00edchodem do Digiteq Automotive zast\u00e1val vedouc\u00ed pozice ve spole\u010dnosti<strong> CARIAD<\/strong>, softwarov\u00e9 \u010d\u00e1sti koncernu Volkswagen, kde vedl <strong>divizi ADAS<\/strong> a softwaru pro chov\u00e1n\u00ed vozidel p\u0159i automatizovan\u00e9m \u0159\u00edzen\u00ed. Je dr\u017eitelem doktor\u00e1tu v oboru in\u017een\u00fdrstv\u00ed a je autorem n\u011bkolika patent\u016f v oblasti pokro\u010dil\u00fdch asisten\u010dn\u00edch syst\u00e9m\u016f \u0159idi\u010de.<\/p>\n<p>\u201eT\u011b\u0161\u00edm se na veden\u00ed <strong>Digiteq Automotive<\/strong> v dob\u011b rychl\u00e9ho technologick\u00e9ho posunu sm\u011brem k softwarov\u011b definovan\u00fdm vozidl\u016fm. Spole\u010dnost m\u00e1 skv\u011bl\u00e9 technick\u00e9 z\u00e1zem\u00ed a siln\u00fd inova\u010dn\u00ed potenci\u00e1l, na kter\u00e9m budeme d\u00e1le stav\u011bt. Jsem nad\u0161en\u00fd ze spolupr\u00e1ce s nov\u00fdmi kolegy a talentovan\u00fdmi t\u00fdmy v Digitequ,\u201c uvedl Dr. J\u00e4hnisch.<\/p>\n<p>Ve sv\u00e9 nov\u00e9 funkci se Dr. J\u00e4hnisch zam\u011b\u0159\u00ed na roz\u0161i\u0159ov\u00e1n\u00ed schopnost\u00ed spole\u010dnosti Digiteq Automotive v oblasti technologick\u00fdch platforem pro softwarov\u011b definovan\u00e1 vozidla a pos\u00edlen\u00ed jej\u00ed glob\u00e1ln\u00ed konkurenceschopnosti.<\/p>\n<p><img loading=\"lazy\" decoding=\"async\" class=\"alignnone size-medium wp-image-15206\" src=\"http:\/\/www.automakers.cz\/wp-content\/uploads\/2025\/08\/Digiteq-Automotive-Headquarter-Prague--900x600.jpg\" alt=\"\" width=\"900\" height=\"600\" srcset=\"https:\/\/www.automakers.cz\/wp-content\/uploads\/2025\/08\/Digiteq-Automotive-Headquarter-Prague--900x600.jpg 900w, https:\/\/www.automakers.cz\/wp-content\/uploads\/2025\/08\/Digiteq-Automotive-Headquarter-Prague--1024x683.jpg 1024w, https:\/\/www.automakers.cz\/wp-content\/uploads\/2025\/08\/Digiteq-Automotive-Headquarter-Prague--768x512.jpg 768w, https:\/\/www.automakers.cz\/wp-content\/uploads\/2025\/08\/Digiteq-Automotive-Headquarter-Prague--1536x1024.jpg 1536w, https:\/\/www.automakers.cz\/wp-content\/uploads\/2025\/08\/Digiteq-Automotive-Headquarter-Prague--2048x1365.jpg 2048w\" sizes=\"auto, (max-width: 900px) 100vw, 900px\" \/><\/p>\n","protected":false},"excerpt":{"rendered":"<p>Digiteq Automotive, \u010desk\u00fd v\u00fdvoj\u00e1\u0159 softwarov\u00fdch \u0159e\u0161en\u00ed pro mobilitu budoucnosti a \u010dlen koncernu Volkswagen, jmenoval Dr&#8230;.<\/p>\n","protected":false},"author":2,"featured_media":15205,"comment_status":"closed","ping_status":"closed","sticky":false,"template":"","format":"standard","meta":{"footnotes":""},"categories":[6,5,60],"tags":[],"class_list":["post-15204","post","type-post","status-publish","format-standard","has-post-thumbnail","hentry","category-management","category-personalie","category-software"],"_links":{"self":[{"href":"https:\/\/www.automakers.cz\/index.php?rest_route=\/wp\/v2\/posts\/15204","targetHints":{"allow":["GET"]}}],"collection":[{"href":"https:\/\/www.automakers.cz\/index.php?rest_route=\/wp\/v2\/posts"}],"about":[{"href":"https:\/\/www.automakers.cz\/index.php?rest_route=\/wp\/v2\/types\/post"}],"author":[{"embeddable":true,"href":"https:\/\/www.automakers.cz\/index.php?rest_route=\/wp\/v2\/users\/2"}],"replies":[{"embeddable":true,"href":"https:\/\/www.automakers.cz\/index.php?rest_route=%2Fwp%2Fv2%2Fcomments&post=15204"}],"version-history":[{"count":6,"href":"https:\/\/www.automakers.cz\/index.php?rest_route=\/wp\/v2\/posts\/15204\/revisions"}],"predecessor-version":[{"id":15239,"href":"https:\/\/www.automakers.cz\/index.php?rest_route=\/wp\/v2\/posts\/15204\/revisions\/15239"}],"wp:featuredmedia":[{"embeddable":true,"href":"https:\/\/www.automakers.cz\/index.php?rest_route=\/wp\/v2\/media\/15205"}],"wp:attachment":[{"href":"https:\/\/www.automakers.cz\/index.php?rest_route=%2Fwp%2Fv2%2Fmedia&parent=15204"}],"wp:term":[{"taxonomy":"category","embeddable":true,"href":"https:\/\/www.automakers.cz\/index.php?rest_route=%2Fwp%2Fv2%2Fcategories&post=15204"},{"taxonomy":"post_tag","embeddable":true,"href":"https:\/\/www.automakers.cz\/index.php?rest_route=%2Fwp%2Fv2%2Ftags&post=15204"}],"curies":[{"name":"wp","href":"https:\/\/api.w.org\/{rel}","templated":true}]}}