{"id":15222,"date":"2025-08-05T07:02:58","date_gmt":"2025-08-05T07:02:58","guid":{"rendered":"https:\/\/www.automakers.cz\/?p=15222"},"modified":"2025-08-05T07:54:12","modified_gmt":"2025-08-05T07:54:12","slug":"mitsubishi-dopravcem-czech-fashion-weeku","status":"publish","type":"post","link":"https:\/\/www.automakers.cz\/?p=15222","title":{"rendered":"Mitsubishi ofici\u00e1ln\u00edm dopravcem Czech Fashion Weeku"},"content":{"rendered":"<p><strong>Mitsubishi Motors \u010cesk\u00e1 republika se stalo dopravcem Czech Fashion Weeku. Ofici\u00e1ln\u00edm vozem je vlajkov\u00fd model Outlander PHEV, voz\u00ed design\u00e9ry, modelky a VIP hosty.<\/strong><!--more--><\/p>\n<p>\u201eOutlander PHEV nen\u00ed jen vozem \u2013 je symbolem modern\u00edho \u017eivotn\u00edho stylu. Jsme r\u00e1di, \u017ee pr\u00e1v\u011b tento model bude reprezentovat zna\u010dku Mitsubishi na Czech Fashion Weeku, kter\u00fd dlouhodob\u011b podporuje kreativitu, odvahu a \u010desk\u00fd design. Partnerstv\u00ed vn\u00edm\u00e1me jako p\u0159irozen\u00e9 spojen\u00ed dvou sv\u011bt\u016f, kter\u00e9 se vz\u00e1jemn\u011b inspiruj\u00ed,\u201c \u0159\u00edk\u00e1 <strong>Kamil \u0160ilhav\u00fd, gener\u00e1ln\u00ed \u0159editel M Motors CZ\/SK.<\/strong><\/p>\n<p>Partnerstv\u00ed m\u00e1 propojit sv\u011bt automobilov\u00e9ho designu a m\u00f3dy. \u201eM\u00f3da a automobilov\u00fd design maj\u00ed mnoho spole\u010dn\u00e9ho \u2013 oba sv\u011bty jsou o stylu, emoc\u00edch a schopnosti inspirovat. Jsme r\u00e1di, \u017ee m\u016f\u017eeme b\u00fdt sou\u010d\u00e1st\u00ed Czech Fashion Weeku a podpo\u0159it tak \u010deskou kreativn\u00ed sc\u00e9nu,\u201c \u0159\u00edk\u00e1 <strong>Adam Pr\u016f\u0161a, Marketing &amp; PR Director M Motors CZ\/SK<\/strong>.<\/p>\n<p><strong>Czech Fashion Week 2025<\/strong> se kon\u00e1 v n\u011bkolika \u010desk\u00fdch m\u011bstech, p\u0159i\u010dem\u017e hlavn\u00ed p\u0159ehl\u00eddky prob\u00edhaj\u00ed tradi\u010dn\u011b v Karlov\u00fdch Varech a Praze. Mitsubishi Motors zaji\u0161\u0165uje p\u0159epravu design\u00e9r\u016f, modelek a VIP host\u016f.<\/p>\n<p><img loading=\"lazy\" decoding=\"async\" class=\"alignnone size-medium wp-image-15226\" src=\"http:\/\/www.automakers.cz\/wp-content\/uploads\/2025\/08\/Mitsubishi-Prusa-Fashoin-Week-900x600.jpg\" alt=\"\" width=\"900\" height=\"600\" srcset=\"https:\/\/www.automakers.cz\/wp-content\/uploads\/2025\/08\/Mitsubishi-Prusa-Fashoin-Week-900x600.jpg 900w, https:\/\/www.automakers.cz\/wp-content\/uploads\/2025\/08\/Mitsubishi-Prusa-Fashoin-Week-1024x683.jpg 1024w, https:\/\/www.automakers.cz\/wp-content\/uploads\/2025\/08\/Mitsubishi-Prusa-Fashoin-Week-768x512.jpg 768w, https:\/\/www.automakers.cz\/wp-content\/uploads\/2025\/08\/Mitsubishi-Prusa-Fashoin-Week-1536x1025.jpg 1536w, https:\/\/www.automakers.cz\/wp-content\/uploads\/2025\/08\/Mitsubishi-Prusa-Fashoin-Week.jpg 1920w\" sizes=\"auto, (max-width: 900px) 100vw, 900px\" \/>\u201eSpojen\u00ed s Mitsubishi p\u0159in\u00e1\u0161\u00ed Czech Fashion Weeku siln\u00e9ho partnera, kter\u00fd sd\u00edl\u00ed na\u0161i vizi kvality a v\u00fdjime\u010dnosti. V\u011b\u0159\u00edme, \u017ee toto partnerstv\u00ed obohat\u00ed celou akci o nov\u00fd rozm\u011br a nab\u00eddne n\u00e1v\u0161t\u011bvn\u00edk\u016fm unik\u00e1tn\u00ed z\u00e1\u017eitky,\u201c dopl\u0148uje<strong> Ji\u0159\u00ed Mor\u0161tadt, CEO Czech Fashion Week.<\/strong><\/p>\n<p><strong>Zdroj: Mitsubishi, Adam Pr\u016f\u0161a<\/strong><\/p>\n<p><img loading=\"lazy\" decoding=\"async\" class=\"alignnone size-medium wp-image-15234\" src=\"http:\/\/www.automakers.cz\/wp-content\/uploads\/2025\/08\/Mitsubishi-Silhavy-podpis-Fashion-Week-600x900.jpg\" alt=\"\" width=\"600\" height=\"900\" \/><\/p>\n","protected":false},"excerpt":{"rendered":"<p>Mitsubishi Motors \u010cesk\u00e1 republika se stalo dopravcem Czech Fashion Weeku. Ofici\u00e1ln\u00edm vozem je vlajkov\u00fd model&#8230;<\/p>\n","protected":false},"author":1,"featured_media":15224,"comment_status":"closed","ping_status":"closed","sticky":false,"template":"","format":"standard","meta":{"footnotes":""},"categories":[83,36,29],"tags":[],"class_list":["post-15222","post","type-post","status-publish","format-standard","has-post-thumbnail","hentry","category-hybridy","category-marketing","category-sponzoring"],"_links":{"self":[{"href":"https:\/\/www.automakers.cz\/index.php?rest_route=\/wp\/v2\/posts\/15222","targetHints":{"allow":["GET"]}}],"collection":[{"href":"https:\/\/www.automakers.cz\/index.php?rest_route=\/wp\/v2\/posts"}],"about":[{"href":"https:\/\/www.automakers.cz\/index.php?rest_route=\/wp\/v2\/types\/post"}],"author":[{"embeddable":true,"href":"https:\/\/www.automakers.cz\/index.php?rest_route=\/wp\/v2\/users\/1"}],"replies":[{"embeddable":true,"href":"https:\/\/www.automakers.cz\/index.php?rest_route=%2Fwp%2Fv2%2Fcomments&post=15222"}],"version-history":[{"count":8,"href":"https:\/\/www.automakers.cz\/index.php?rest_route=\/wp\/v2\/posts\/15222\/revisions"}],"predecessor-version":[{"id":15237,"href":"https:\/\/www.automakers.cz\/index.php?rest_route=\/wp\/v2\/posts\/15222\/revisions\/15237"}],"wp:featuredmedia":[{"embeddable":true,"href":"https:\/\/www.automakers.cz\/index.php?rest_route=\/wp\/v2\/media\/15224"}],"wp:attachment":[{"href":"https:\/\/www.automakers.cz\/index.php?rest_route=%2Fwp%2Fv2%2Fmedia&parent=15222"}],"wp:term":[{"taxonomy":"category","embeddable":true,"href":"https:\/\/www.automakers.cz\/index.php?rest_route=%2Fwp%2Fv2%2Fcategories&post=15222"},{"taxonomy":"post_tag","embeddable":true,"href":"https:\/\/www.automakers.cz\/index.php?rest_route=%2Fwp%2Fv2%2Ftags&post=15222"}],"curies":[{"name":"wp","href":"https:\/\/api.w.org\/{rel}","templated":true}]}}