{"id":15240,"date":"2025-08-05T10:11:11","date_gmt":"2025-08-05T10:11:11","guid":{"rendered":"https:\/\/www.automakers.cz\/?p=15240"},"modified":"2025-08-05T10:11:31","modified_gmt":"2025-08-05T10:11:31","slug":"cesi-dovezli-za-pul-roku-3800-ojetych-elektroaut","status":"publish","type":"post","link":"https:\/\/www.automakers.cz\/?p=15240","title":{"rendered":"\u010ce\u0161i letos dovezli 3800 ojet\u00fdch elektroaut"},"content":{"rendered":"<p><strong>Do \u010cesk\u00e9 republiky bylo b\u011bhem uplynul\u00e9ho p\u016fl roku dovezeno v\u00edce ne\u017e 3,8 tis\u00edce ojet\u00fdch osobn\u00edch bateriov\u00fdch elektromobil\u016f, co\u017e odpov\u00edd\u00e1 po\u010dtu dovezen\u00fdch vozidel za cel\u00fd lo\u0148sk\u00fd rok. <\/strong><!--more--><\/p>\n<p>Ojet\u00e9 elektromobily tvo\u0159ily 35,7 % celkov\u00fdch registrac\u00ed osobn\u00edch elektromobil\u016f, p\u0159i\u010dem\u017e v\u00edce ne\u017e polovina t\u011bchto vozidel (50,8 %) byla registrov\u00e1na na soukrom\u00e9 osoby. Mezi nej\u017e\u00e1dan\u011bj\u0161\u00ed zna\u010dky pat\u0159ily Tesla, Volkswagen a BMW. Nejv\u00edce ojet\u00fdch elektromobil\u016f bylo registrov\u00e1no v Praze, St\u0159edo\u010desk\u00e9m, Jihomoravsk\u00e9m a Moravskoslezsk\u00e9m kraji, nejpo\u010detn\u011bj\u0161\u00edmi byla \u010dty\u0159let\u00e1 vozidla, resp. ty s prvn\u00ed registrac\u00ed v roce 2021.<\/p>\n<p>Tento trend potvrzuje rostouc\u00ed v\u00fdznam sekund\u00e1rn\u00edho trhu pro rozvoj elektromobility v \u010cesku, vypl\u00fdv\u00e1 z aktualizovan\u00fdch informac\u00ed webu\u00a0<a title=\"\u010cist\u00e1 doprava\" href=\"https:\/\/go.sparkpostmail2.com\/f\/a\/pqWeTWkxfixaZiBMy1kwRA~~\/AAA-fBA~\/M1TSgeZRdoCLsjYOPEvE9mddOZEXRp2waONZJKSAbzXlqT0WsDcoSwnRXZ-N-XsZGDNnotRS6LCiQb3Z5ony3iAEb41VDmMlsHYAg9oW7nu4jtN1Q0vBvk7n6bHmA0ia\" target=\"_blank\" rel=\"noopener noreferrer\">cistadoprava.cz<\/a>, kter\u00e9 vych\u00e1zej\u00ed ze zdrojov\u00fdch dat\u00a0<a title=\"Registrace v\u0161ech \u010dist\u00fdch vozidel v \u010cR\" href=\"https:\/\/go.sparkpostmail2.com\/f\/a\/h5_PuF7YutrDPtFNYPXR5A~~\/AAA-fBA~\/zqDZYwfyFPt2V5U5ENi6hfmF-MglxR3GGCaVD3YfVTWqgVeLlXGD70wC4jt5EAkKqT4Nat6YBybn7a2ToU_m-s5RR74Do3TB-9hN65hiSA1Wwg251TTmHA3zSk5Zlqu8wjSqeYcnblY-pNRq2vqLB5dAMZOWyBrO9UQNdHuui0Hv5xwDbrKDRQlI2R-Lwd15\" target=\"_blank\" rel=\"noopener noreferrer\">Ministerstva dopravy<\/a>.<\/p>\n<p><em>\u201eZ\u00e1jem o ojet\u00e9 elektromobily v \u010cesku roste d\u00edky n\u011bkolika kl\u00ed\u010dov\u00fdm faktor\u016fm: ni\u017e\u0161\u00ed cena ojet\u00fdch vozidel ve srovn\u00e1n\u00ed s nov\u00fdmi elektromobily, rostouc\u00ed pov\u011bdom\u00ed o v\u00fdhod\u00e1ch elektromobility a zlep\u0161uj\u00edc\u00ed se dostupnost ve\u0159ejn\u00e9 infrastruktury pro dob\u00edjen\u00ed,\u201c<\/em>\u00a0\u0159\u00edk\u00e1 Jind\u0159ich Fri\u010d, \u0159editel Centra dopravn\u00edho v\u00fdzkumu.\u00a0<em>\u201eJak ukazuj\u00ed na\u0161e data, nejv\u011bt\u0161\u00ed z\u00e1jem je o 4let\u00e9 ojetiny. D\u016fle\u017eit\u00fdm faktorem, kter\u00fd by rozhodn\u011b nem\u011bl zapadnout, je, \u017ee v\u011bt\u0161inu dovezen\u00fdch elektromobil\u016f st\u00e1le kryje z\u00e1ruka v\u00fdrobce na trak\u010dn\u00ed akumul\u00e1tor (pozn. v p\u0159\u00edpad\u011b spln\u011bn\u00ed z\u00e1ru\u010dn\u00edch podm\u00ednek), co\u017e zvy\u0161uje jejich atraktivitu pro nov\u00e9 majitele,\u201c\u00a0<\/em>dod\u00e1v\u00e1.<\/p>\n<p>Zdroj: CDV<\/p>\n<p><img loading=\"lazy\" decoding=\"async\" class=\"alignnone size-full wp-image-15242\" src=\"http:\/\/www.automakers.cz\/wp-content\/uploads\/2025\/08\/Graf-CDV_Ojete-osobni-BEVs-kat.-M1-v-Cesku-1-6-2025.jpg\" alt=\"\" width=\"600\" height=\"800\" \/><\/p>\n","protected":false},"excerpt":{"rendered":"<p>Do \u010cesk\u00e9 republiky bylo b\u011bhem uplynul\u00e9ho p\u016fl roku dovezeno v\u00edce ne\u017e 3,8 tis\u00edce ojet\u00fdch osobn\u00edch&#8230;<\/p>\n","protected":false},"author":1,"featured_media":1370,"comment_status":"closed","ping_status":"closed","sticky":false,"template":"","format":"standard","meta":{"footnotes":""},"categories":[55,9,10],"tags":[],"class_list":["post-15240","post","type-post","status-publish","format-standard","has-post-thumbnail","hentry","category-bazary","category-elektromobily","category-statistika"],"_links":{"self":[{"href":"https:\/\/www.automakers.cz\/index.php?rest_route=\/wp\/v2\/posts\/15240","targetHints":{"allow":["GET"]}}],"collection":[{"href":"https:\/\/www.automakers.cz\/index.php?rest_route=\/wp\/v2\/posts"}],"about":[{"href":"https:\/\/www.automakers.cz\/index.php?rest_route=\/wp\/v2\/types\/post"}],"author":[{"embeddable":true,"href":"https:\/\/www.automakers.cz\/index.php?rest_route=\/wp\/v2\/users\/1"}],"replies":[{"embeddable":true,"href":"https:\/\/www.automakers.cz\/index.php?rest_route=%2Fwp%2Fv2%2Fcomments&post=15240"}],"version-history":[{"count":4,"href":"https:\/\/www.automakers.cz\/index.php?rest_route=\/wp\/v2\/posts\/15240\/revisions"}],"predecessor-version":[{"id":15244,"href":"https:\/\/www.automakers.cz\/index.php?rest_route=\/wp\/v2\/posts\/15240\/revisions\/15244"}],"wp:featuredmedia":[{"embeddable":true,"href":"https:\/\/www.automakers.cz\/index.php?rest_route=\/wp\/v2\/media\/1370"}],"wp:attachment":[{"href":"https:\/\/www.automakers.cz\/index.php?rest_route=%2Fwp%2Fv2%2Fmedia&parent=15240"}],"wp:term":[{"taxonomy":"category","embeddable":true,"href":"https:\/\/www.automakers.cz\/index.php?rest_route=%2Fwp%2Fv2%2Fcategories&post=15240"},{"taxonomy":"post_tag","embeddable":true,"href":"https:\/\/www.automakers.cz\/index.php?rest_route=%2Fwp%2Fv2%2Ftags&post=15240"}],"curies":[{"name":"wp","href":"https:\/\/api.w.org\/{rel}","templated":true}]}}