{"id":15257,"date":"2025-08-06T08:55:48","date_gmt":"2025-08-06T08:55:48","guid":{"rendered":"https:\/\/www.automakers.cz\/?p=15257"},"modified":"2025-08-06T08:56:44","modified_gmt":"2025-08-06T08:56:44","slug":"sda-registrace-aut-v-cervenci-rostly-o-20","status":"publish","type":"post","link":"https:\/\/www.automakers.cz\/?p=15257","title":{"rendered":"SDA: registrace aut v \u010dervenci vy\u0161\u0161\u00ed o 20 %"},"content":{"rendered":"<p><strong>\u010cervencov\u00e9 registrace nov\u00fdch osobn\u00edch automobil\u016f byly letos nejvy\u0161\u0161\u00ed za posledn\u00edch \u0161est let, meziro\u010dn\u011b vzrostly o t\u00e9m\u011b\u0159 20 %. Pod\u00edl elektromobil\u016f mezi nov\u00fdmi OA dos\u00e1hl 5,14 %, u dovezen\u00fdch ojet\u00fdch OA to bylo 5,61 %. Pod\u00edl ostatn\u00edch paliv u nov\u00fdch OA \u2013 benz\u00edn 67,44 %, nafta 20,41 %, LPG 2,44 %.<\/strong><!--more--><br \/>\nPod\u00edl voz\u016f s hybridn\u00edmi pohonn\u00fdmi jednotkami p\u0159es\u00e1hl 28 %, samotn\u00e9 plug-in hybridy se pod\u00edlely 4,57 %.<br \/>\nProdej lehk\u00fdch u\u017eitkov\u00fdch vozidel v \u010dervenci po del\u0161\u00ed dob\u011b meziro\u010dn\u011b stoupl, pod\u00edl \u010dist\u011b elektrick\u00fdch dos\u00e1hl 5,12 %.<\/p>\n<p>Po\u0159ad\u00ed LUV na prvn\u00edch t\u0159ech m\u00edstech: Ford, Toyota, VW. Kategorie motocykl\u016f z\u016fstala v \u010dervenci na podobn\u00fdch \u010d\u00edslech jako p\u0159ed rokem, n\u00e1kladn\u00ed automobily a autobusy zaznamenaly m\u00edrn\u00fd n\u00e1r\u016fst.<\/p>\n<p>V obdob\u00ed 1\u20137\/2025 bylo v \u010cR registrov\u00e1no celkem 143 456 nov\u00fdch osobn\u00edch automobil\u016f, 11 200 lehk\u00fdch u\u017eitkov\u00fdch automobil\u016f, 500 autobus\u016f, 5 174 n\u00e1kladn\u00edch vozidel, 19 074 motocykl\u016f. Za stejn\u00e9 obdob\u00ed minul\u00e9ho roku to bylo 136 673 osobn\u00edch automobil\u016f, 13 617 lehk\u00fdch u\u017eitkov\u00fdch automobil\u016f, 698 autobus\u016f, 5 450 n\u00e1kladn\u00edch vozidel a 19 712 motocykl\u016f.<\/p>\n<p>Celkov\u011b registrace nov\u00fdch osobn\u00edch automobil\u016f ve srovn\u00e1n\u00ed s 1\u20137\/2024 vzrostly o 4,96 % (z 136 673 ks na 143 456 ks, tj. o 6783 ks). V \u010dervenci meziro\u010dn\u011b stouply o 19,28 %.<\/p>\n<p><strong>Po\u0159ad\u00ed: \u0160kodovka, Hyundai, Toyota, Volkswagen, Kia, Dacia<\/strong><\/p>\n<p>Prvn\u00ed je zna\u010dka \u0160koda s 48 989 registrovan\u00fdmi osobn\u00edmi automobily (34,15 %), n\u00e1sleduj\u00ed Hyundai \u2013 12 210 ks (8,51 %), Toyota \u2013 9 969 ks (6,95 %), Volkswagen \u2013 9 810 ks (6,84 %), Kia \u2013 6 801 ks (4,74 %), Dacia \u2013 6 428 ks (4,48 %), Ford \u2013 4 965 ks (3,46 %), Mercedes-Benz \u2013 4 887 ks (3,41 %), Renault \u2013 3 958 ks (2,76 %), BMW \u2013 3 457 ks (2,41 %), atd.<\/p>\n<p>Nejprod\u00e1van\u011bj\u0161\u00edmi osobn\u00edmi vozy jsou \u0160koda OCTAVIA s 11 025 ks (7,69 %), d\u00e1le \u0160koda KAMIQ \u2013 6 902 ks (4,81 %), \u0160koda KAROQ \u2013 6 614 ks (4,61 %), \u0160koda KODIAQ \u2013 6 459 ks (4,50 %), \u0160koda FABIA \u2013 5 947 ks (4,15 %), \u0160koda SCALA \u2013 5 253 ks (3,66 %), Hyundai i30 \u2013 4 433 ks (3,09 %), \u0160koda SUPERB \u2013 3 902 ks (2,72 %), Hyundai TUCSON \u2013 3 888 ks (2,71 %), Kia CEED \u2013 3 657 ks (2,55 %), atd.<\/p>\n<p>Z pohledu obchodn\u00edch t\u0159\u00edd jsou na prvn\u00edm m\u00edst\u011b SUV s 72 705 registrovan\u00fdmi vozy (50,68 %). Z hlediska paliva vede benz\u00edn s 66,97 %, naft\u011b pat\u0159\u00ed 20,75 %, \u010dist\u00e9 elektro tvo\u0159\u00ed \u2013 5,56 % a LPG \u2013 2,57 %.<\/p>\n<p>Registrace osobn\u00edch voz\u016f s alternativn\u00edm pohonem meziro\u010dn\u011b stouply o 29,51 % (z 37 999 na 49 213 voz\u016f). Jejich pod\u00edl na celkov\u00fdch registrac\u00edch OA \u010din\u00ed 34,3 %. Po\u010det registrovan\u00fdch \u010dist\u00fdch elektromobil\u016f narostl o 60 % (ze 4 987 na 7 980) \u2013 po\u0159ad\u00ed zna\u010dek: 1. \u0160koda, 2. Tesla, 3. Volkswagen, 4. Hyundai, 5. Kia (za \u010dervenec 1 070 ks \u2013 1. \u0160koda, 2. Tesla, 3. Ford, 4. Volkswagen, 5. Volvo).<\/p>\n<p>Registrace hybridn\u00edch voz\u016f celkem meziro\u010dn\u011b vzrostly o 24,16 % (z 30 238 na 37 542 ks), z toho plug-in hybridy o 69,24 % (z 3 498 na 5 920 ks). Pod\u00edl firemn\u00edch automobil\u016f na registrac\u00edch byl 73 %, priv\u00e1tn\u00edch 27 %.<\/p>\n<p>Po\u010det dovezen\u00fdch ojet\u00fdch OA se meziro\u010dn\u011b zv\u00fd\u0161il o 2,3 % na 86 018 ks. Jejich pr\u016fm\u011brn\u00e9 st\u00e1\u0159\u00ed je 10,5 roku, p\u0159i\u010dem\u017e pod\u00edl vozidel star\u0161\u00edch 10 let \u010din\u00ed 49,23 %, pod\u00edl star\u0161\u00edch 15 let je 23,52 %. Registrace lehk\u00fdch u\u017eitkov\u00fdch automobil\u016f zaznamenaly celkov\u011b meziro\u010dn\u00ed pokles o 17,75 % (z 13 617 ks na 11 200 ks, tj. o 2 417 ks). V \u010dervenci meziro\u010dn\u011b vzrostly o 5,04 %.<\/p>\n<p>Prvn\u00ed je zna\u010dka Toyota s 2 013 registrovan\u00fdmi lehk\u00fdmi u\u017eitkov\u00fdmi vozy (17,97 %), n\u00e1sleduj\u00ed Ford \u2013 1 754 ks (15,66 %), Volkswagen \u2013 1 413 ks (12,62 %), Renault \u2013 1 289 ks (11,51 %), Peugeot \u2013 899 ks (8,03 %), Iveco \u2013 785 ks (7,01 %), Mercedes-Benz \u2013 650 ks (5,80 %), Fiat \u2013 597 ks (5,33 %), Citro\u00ebn \u2013 448 ks (4,00 %), Opel \u2013 416 ks (3,71 %), atd.<\/p>\n<p>Z hlediska paliva v t\u00e9to kategorii vede nafta s 87,50 % (9 800 ks), na druh\u00e9m m\u00edst\u011b je elektro s 6,32 % (708 ks), n\u00e1sleduje benz\u00edn \u2013 5,22 % (585 ks), LPG \u2013 32 ks, plug-in hybrid \u2013 14 ks. Po\u010det registrovan\u00fdch elektromobil\u016f se t\u00e9m\u011b\u0159 ztrojn\u00e1sobil (z 240 na 708 ks) \u2013 v \u010dervenci jich nejv\u00edce prodaly zna\u010dky Toyota, Mercedes-Benz a VW.<\/p>\n<p>Registrace n\u00e1kladn\u00edch vozidel ve srovn\u00e1n\u00ed s lo\u0148sk\u00fdm rokem klesly o 5,06 % (z 5 450 ks na 5 174 ks, tj. o 276 ks). V \u010dervenci meziro\u010dn\u011b vzrostly o 2,11 %.<\/p>\n<p>Prvn\u00ed je zna\u010dka Mercedes-Benz s 1 004 registrovan\u00fdmi n\u00e1kladn\u00edmi automobily (19,40 %), n\u00e1sleduj\u00ed MAN \u2013 908 ks (17,55 %), Volvo \u2013 885 ks (17,10 %), Scania \u2013 682 ks (13,18 %), DAF \u2013 633 ks (12,23 %), Iveco \u2013 468 ks (9,05 %), Renault Trucks \u2013 301 ks (5,82 %), Tatra \u2013 164 ks (3,17 %), Ford \u2013 63 ks (1,22 %), Fuso \u2013 44 ks (0,85 %), atd.<\/p>\n<p>Celkov\u00e9 registrace autobus\u016f klesly o 28,37 % (z 698 ks na 500 ks, tj. o 198 ks). V \u010dervenci meziro\u010dn\u011b vzrostly o 3,12 %.<br \/>\nPrvn\u00ed je zna\u010dka Iveco Bus s 172 registrovan\u00fdmi autobusy (34,40 %), n\u00e1sleduj\u00ed Setra \u2013 80 ks (16,00 %), Mercedes-Benz \u2013 72 ks (14,40 %), SOR \u2013 51 ks (10,20 %), MAN \u2013 50 ks (10,00 %), Isuzu \u2013 30 ks (6,00 %), Irizar \u2013 14 ks (2,80 %), Solaris \u2013 11 ks (2,20 %), Ro\u0161ero-P \u2013 8 ks (1,60 %), Ford \u2013 5 ks (1,00 %), atd.<\/p>\n<p><strong>Motorky hl\u00e1s\u00ed pokles z\u00e1jmu<\/strong><\/p>\n<p>Kategorie motocykl\u016f zaznamenala meziro\u010dn\u00ed pokles o 3,24 % (z 19 712 ks na 19 074 ks, tj. o 638 ks). V \u010dervenci registrace meziro\u010dn\u011b klesly o 0,48 %. Prvn\u00ed je zna\u010dka Honda s 4 348 registrovan\u00fdmi motocykly (22,80 %), n\u00e1sleduj\u00ed CF Moto \u2013 2 175 ks (11,40 %), Yamaha \u2013 1 508 ks (7,91 %), BMW \u2013 1 350 ks (7,08 %), Kawasaki \u2013 755 ks (3,96 %), Piaggio \u2013 602 ks (3,16 %), Aprilia \u2013 565 ks (2,96 %), Voge \u2013 437 ks (2,29 %), KTM \u2013 428 ks (2,24 %), Kentoya \u2013 389 ks (2,04 %), atd.<\/p>\n<p><strong>Podrobn\u00e9 tabulky jsou uvedeny v sekci Statistika na http:\/\/portal.sda-cia.cz\/. <\/strong><br \/>\n<strong>Josef Pokorn\u00fd, tajemn\u00edk Svazu dovozc\u016f automobil\u016f<\/strong><\/p>\n<p><img loading=\"lazy\" decoding=\"async\" class=\"alignnone size-medium wp-image-12177\" src=\"http:\/\/www.automakers.cz\/wp-content\/uploads\/2025\/04\/SDA-TK-Pokorny-900x506.jpg\" alt=\"\" width=\"900\" height=\"506\" srcset=\"https:\/\/www.automakers.cz\/wp-content\/uploads\/2025\/04\/SDA-TK-Pokorny-900x506.jpg 900w, https:\/\/www.automakers.cz\/wp-content\/uploads\/2025\/04\/SDA-TK-Pokorny-1024x576.jpg 1024w, https:\/\/www.automakers.cz\/wp-content\/uploads\/2025\/04\/SDA-TK-Pokorny-768x432.jpg 768w, https:\/\/www.automakers.cz\/wp-content\/uploads\/2025\/04\/SDA-TK-Pokorny-1536x864.jpg 1536w, https:\/\/www.automakers.cz\/wp-content\/uploads\/2025\/04\/SDA-TK-Pokorny-1280x720.jpg 1280w, https:\/\/www.automakers.cz\/wp-content\/uploads\/2025\/04\/SDA-TK-Pokorny.jpg 2040w\" sizes=\"auto, (max-width: 900px) 100vw, 900px\" \/><\/p>\n","protected":false},"excerpt":{"rendered":"<p>\u010cervencov\u00e9 registrace nov\u00fdch osobn\u00edch automobil\u016f byly letos nejvy\u0161\u0161\u00ed za posledn\u00edch \u0161est let, meziro\u010dn\u011b vzrostly o&#8230;<\/p>\n","protected":false},"author":1,"featured_media":12168,"comment_status":"closed","ping_status":"closed","sticky":false,"template":"","format":"standard","meta":{"footnotes":""},"categories":[48,10],"tags":[],"class_list":["post-15257","post","type-post","status-publish","format-standard","has-post-thumbnail","hentry","category-registrace","category-statistika"],"_links":{"self":[{"href":"https:\/\/www.automakers.cz\/index.php?rest_route=\/wp\/v2\/posts\/15257","targetHints":{"allow":["GET"]}}],"collection":[{"href":"https:\/\/www.automakers.cz\/index.php?rest_route=\/wp\/v2\/posts"}],"about":[{"href":"https:\/\/www.automakers.cz\/index.php?rest_route=\/wp\/v2\/types\/post"}],"author":[{"embeddable":true,"href":"https:\/\/www.automakers.cz\/index.php?rest_route=\/wp\/v2\/users\/1"}],"replies":[{"embeddable":true,"href":"https:\/\/www.automakers.cz\/index.php?rest_route=%2Fwp%2Fv2%2Fcomments&post=15257"}],"version-history":[{"count":4,"href":"https:\/\/www.automakers.cz\/index.php?rest_route=\/wp\/v2\/posts\/15257\/revisions"}],"predecessor-version":[{"id":15261,"href":"https:\/\/www.automakers.cz\/index.php?rest_route=\/wp\/v2\/posts\/15257\/revisions\/15261"}],"wp:featuredmedia":[{"embeddable":true,"href":"https:\/\/www.automakers.cz\/index.php?rest_route=\/wp\/v2\/media\/12168"}],"wp:attachment":[{"href":"https:\/\/www.automakers.cz\/index.php?rest_route=%2Fwp%2Fv2%2Fmedia&parent=15257"}],"wp:term":[{"taxonomy":"category","embeddable":true,"href":"https:\/\/www.automakers.cz\/index.php?rest_route=%2Fwp%2Fv2%2Fcategories&post=15257"},{"taxonomy":"post_tag","embeddable":true,"href":"https:\/\/www.automakers.cz\/index.php?rest_route=%2Fwp%2Fv2%2Ftags&post=15257"}],"curies":[{"name":"wp","href":"https:\/\/api.w.org\/{rel}","templated":true}]}}